{"id":1113,"date":"2022-02-16T15:14:43","date_gmt":"2022-02-16T18:14:43","guid":{"rendered":"http:\/\/aprender.sejus.df.gov.br\/?p=1113"},"modified":"2022-02-16T15:14:44","modified_gmt":"2022-02-16T18:14:44","slug":"mudanca-institucional-e-coalizoes-de-defesa-no-congressonacional-do-estatuto-da-crianca-e","status":"publish","type":"post","link":"https:\/\/aprender.sejus.df.gov.br\/?p=1113","title":{"rendered":"MUDAN\u00c7A INSTITUCIONAL E COALIZ\u00d5ES DE DEFESA NO CONGRESSONACIONAL: DO ESTATUTO DA CRIAN\u00c7A E &#8230;"},"content":{"rendered":"\n<p>Esta tese de doutorado analisa as mudan\u00e7as institucionais do Estatuto da Crian\u00e7a e do<br>Adolescente (ECA) de 1990 at\u00e9 o Marco Legal da Primeira Inf\u00e2ncia, em 2016, objetivando<br>compreender como o tema dos direitos de crian\u00e7as de zero a seis anos ganhou for\u00e7a no<br>agendamento e na formula\u00e7\u00e3o de pol\u00edticas p\u00fablicas a partir de altera\u00e7\u00f5es no estatuto<br>no decorrer dos anos. Para explicar essas mudan\u00e7as institucionais, foi utilizado o quadro<br>anal\u00edtico do Advocacy Coalition Framework, dentro de uma abordagem<br>neoinstitucionalista que permite examinar os atributos referentes \u00e0 forma\u00e7\u00e3o das<br>coaliz\u00f5es, o sistema de cren\u00e7as e valores dos atores, aprendizado pol\u00edtico e mudan\u00e7a<br>pol\u00edtica. Foram coletados e analisados dados p\u00fablicos referentes \u00e0 participa\u00e7\u00e3o de<br>atores pol\u00edticos nos epis\u00f3dios de mudan\u00e7a institucional do ECA, al\u00e9m da realiza\u00e7\u00e3o de<br>entrevistas semiestruturas com atores-chave. Os resultados mostraram que, durante a<br>Fase 1 do estudo, uma coaliz\u00e3o dominante pautou a agenda do ECA e lutou contra o que<br>considerava retrocessos, ao passo que, na Fase 2, essa coaliz\u00e3o dividiu espa\u00e7o com uma<br>coaliz\u00e3o minorit\u00e1ria que foi bem-sucedida no agendamento das quest\u00f5es relativas a<br>crian\u00e7as na primeira inf\u00e2ncia. O estudo demonstrou a rela\u00e7\u00e3o entre o aprimoramento<br>de estrat\u00e9gias, senso de oportunidade, otimiza\u00e7\u00e3o de recursos e utiliza\u00e7\u00e3o de<br>informa\u00e7\u00f5es t\u00e9cnicas por parte de uma nova coaliz\u00e3o surgida no \u00e2mbito do Subsistema<br>de Pol\u00edticas para Crian\u00e7as e Adolescentes e o agendamento de interesses a partir da<br>mudan\u00e7a institucional propriamente dita. Essa coaliz\u00e3o de defesa da primeira inf\u00e2ncia<br>aglutinou todos os requisitos que a literatura aponta como fundamentais para se obter<br>sucesso em influenciar as decis\u00f5es pol\u00edticas. Fatores externos, como o advento do<br>Estatuto da Juventude, e internos, como a baixa capacidade de coordena\u00e7\u00e3o para atuar<br>com efetividade em todas as quest\u00f5es elencadas como priorit\u00e1rias, enfraqueceram os<br>argumentos de unidade da coaliz\u00e3o dominante.<\/p>\n\n\n\n<p><\/p>\n\n\n\n<p><strong>Palavras-chave:<\/strong> mudan\u00e7a institucional; coaliz\u00f5es de defesa; Estatuto da Crian\u00e7a e do<br>Adolescente; Marco Legal da Primeira Inf\u00e2ncia.<\/p>\n\n\n\n<div class=\"wp-container-1 wp-block-buttons\">\n<div class=\"wp-block-button\"><a class=\"wp-block-button__link has-vivid-cyan-blue-background-color has-background\" href=\"http:\/\/aprender.sejus.df.gov.br\/wp-content\/uploads\/2022\/02\/2021_EduardoChavesdaSilva.pdf\">Baixar Trabalho<\/a><\/div>\n<\/div>\n","protected":false},"excerpt":{"rendered":"<p>Esta tese de doutorado analisa as mudan\u00e7as institucionais do Estatuto da Crian\u00e7a e doAdolescente (ECA) de 1990 at\u00e9 o Marco Legal da Primeira Inf\u00e2ncia, em 2016, objetivandocompreender como o tema dos direitos de crian\u00e7as de zero a seis anos ganhou for\u00e7a noagendamento e na formula\u00e7\u00e3o de pol\u00edticas p\u00fablicas a partir de altera\u00e7\u00f5es no estatutono decorrer [&hellip;]<\/p>\n","protected":false},"author":3,"featured_media":0,"comment_status":"closed","ping_status":"closed","sticky":false,"template":"","format":"standard","meta":[],"categories":[11],"tags":[66],"yoast_head":"<!-- This site is optimized with the Yoast SEO plugin v19.7.1 - https:\/\/yoast.com\/wordpress\/plugins\/seo\/ -->\n<title>MUDAN\u00c7A INSTITUCIONAL E COALIZ\u00d5ES DE DEFESA NO CONGRESSONACIONAL: DO ESTATUTO DA CRIAN\u00c7A E ... - Aprender SEJUS<\/title>\n<meta name=\"robots\" content=\"index, follow, max-snippet:-1, max-image-preview:large, max-video-preview:-1\" \/>\n<link rel=\"canonical\" href=\"http:\/\/aprender.sejus.df.gov.br\/?p=1113\" \/>\n<meta property=\"og:locale\" content=\"pt_BR\" \/>\n<meta property=\"og:type\" content=\"article\" \/>\n<meta property=\"og:title\" content=\"MUDAN\u00c7A INSTITUCIONAL E COALIZ\u00d5ES DE DEFESA NO CONGRESSONACIONAL: DO ESTATUTO DA CRIAN\u00c7A E ... - Aprender SEJUS\" \/>\n<meta property=\"og:description\" content=\"Esta tese de doutorado analisa as mudan\u00e7as institucionais do Estatuto da Crian\u00e7a e doAdolescente (ECA) de 1990 at\u00e9 o Marco Legal da Primeira Inf\u00e2ncia, em 2016, objetivandocompreender como o tema dos direitos de crian\u00e7as de zero a seis anos ganhou for\u00e7a noagendamento e na formula\u00e7\u00e3o de pol\u00edticas p\u00fablicas a partir de altera\u00e7\u00f5es no estatutono decorrer [&hellip;]\" \/>\n<meta property=\"og:url\" content=\"http:\/\/aprender.sejus.df.gov.br\/?p=1113\" \/>\n<meta property=\"og:site_name\" content=\"Aprender SEJUS\" \/>\n<meta property=\"article:published_time\" content=\"2022-02-16T18:14:43+00:00\" \/>\n<meta property=\"article:modified_time\" content=\"2022-02-16T18:14:44+00:00\" \/>\n<meta name=\"author\" content=\"GECAP\" \/>\n<meta name=\"twitter:card\" content=\"summary_large_image\" \/>\n<meta name=\"twitter:label1\" content=\"Written by\" \/>\n\t<meta name=\"twitter:data1\" content=\"GECAP\" \/>\n\t<meta name=\"twitter:label2\" content=\"Est. reading time\" \/>\n\t<meta name=\"twitter:data2\" content=\"2 minutos\" \/>\n<script type=\"application\/ld+json\" class=\"yoast-schema-graph\">{\"@context\":\"https:\/\/schema.org\",\"@graph\":[{\"@type\":\"WebPage\",\"@id\":\"http:\/\/aprender.sejus.df.gov.br\/?p=1113\",\"url\":\"http:\/\/aprender.sejus.df.gov.br\/?p=1113\",\"name\":\"MUDAN\u00c7A INSTITUCIONAL E COALIZ\u00d5ES DE DEFESA NO CONGRESSONACIONAL: DO ESTATUTO DA CRIAN\u00c7A E ... - Aprender SEJUS\",\"isPartOf\":{\"@id\":\"http:\/\/aprender.sejus.df.gov.br\/#website\"},\"datePublished\":\"2022-02-16T18:14:43+00:00\",\"dateModified\":\"2022-02-16T18:14:44+00:00\",\"author\":{\"@id\":\"http:\/\/aprender.sejus.df.gov.br\/#\/schema\/person\/6f1fb348cdf3f09e574018c52049e099\"},\"breadcrumb\":{\"@id\":\"http:\/\/aprender.sejus.df.gov.br\/?p=1113#breadcrumb\"},\"inLanguage\":\"pt-BR\",\"potentialAction\":[{\"@type\":\"ReadAction\",\"target\":[\"http:\/\/aprender.sejus.df.gov.br\/?p=1113\"]}]},{\"@type\":\"BreadcrumbList\",\"@id\":\"http:\/\/aprender.sejus.df.gov.br\/?p=1113#breadcrumb\",\"itemListElement\":[{\"@type\":\"ListItem\",\"position\":1,\"name\":\"Home\",\"item\":\"https:\/\/aprender.sejus.df.gov.br\/\"},{\"@type\":\"ListItem\",\"position\":2,\"name\":\"MUDAN\u00c7A INSTITUCIONAL E COALIZ\u00d5ES DE DEFESA NO CONGRESSONACIONAL: DO ESTATUTO DA CRIAN\u00c7A E &#8230;\"}]},{\"@type\":\"WebSite\",\"@id\":\"http:\/\/aprender.sejus.df.gov.br\/#website\",\"url\":\"http:\/\/aprender.sejus.df.gov.br\/\",\"name\":\"Aprender SEJUS\",\"description\":\"\",\"potentialAction\":[{\"@type\":\"SearchAction\",\"target\":{\"@type\":\"EntryPoint\",\"urlTemplate\":\"http:\/\/aprender.sejus.df.gov.br\/?s={search_term_string}\"},\"query-input\":\"required name=search_term_string\"}],\"inLanguage\":\"pt-BR\"},{\"@type\":\"Person\",\"@id\":\"http:\/\/aprender.sejus.df.gov.br\/#\/schema\/person\/6f1fb348cdf3f09e574018c52049e099\",\"name\":\"GECAP\",\"image\":{\"@type\":\"ImageObject\",\"inLanguage\":\"pt-BR\",\"@id\":\"http:\/\/aprender.sejus.df.gov.br\/#\/schema\/person\/image\/\",\"url\":\"https:\/\/secure.gravatar.com\/avatar\/eecf129a3b1190de678b5690e42de394?s=96&d=mm&r=g\",\"contentUrl\":\"https:\/\/secure.gravatar.com\/avatar\/eecf129a3b1190de678b5690e42de394?s=96&d=mm&r=g\",\"caption\":\"GECAP\"},\"url\":\"https:\/\/aprender.sejus.df.gov.br\/?author=3\"}]}<\/script>\n<!-- \/ Yoast SEO plugin. -->","yoast_head_json":{"title":"MUDAN\u00c7A INSTITUCIONAL E COALIZ\u00d5ES DE DEFESA NO CONGRESSONACIONAL: DO ESTATUTO DA CRIAN\u00c7A E ... - Aprender SEJUS","robots":{"index":"index","follow":"follow","max-snippet":"max-snippet:-1","max-image-preview":"max-image-preview:large","max-video-preview":"max-video-preview:-1"},"canonical":"http:\/\/aprender.sejus.df.gov.br\/?p=1113","og_locale":"pt_BR","og_type":"article","og_title":"MUDAN\u00c7A INSTITUCIONAL E COALIZ\u00d5ES DE DEFESA NO CONGRESSONACIONAL: DO ESTATUTO DA CRIAN\u00c7A E ... - Aprender SEJUS","og_description":"Esta tese de doutorado analisa as mudan\u00e7as institucionais do Estatuto da Crian\u00e7a e doAdolescente (ECA) de 1990 at\u00e9 o Marco Legal da Primeira Inf\u00e2ncia, em 2016, objetivandocompreender como o tema dos direitos de crian\u00e7as de zero a seis anos ganhou for\u00e7a noagendamento e na formula\u00e7\u00e3o de pol\u00edticas p\u00fablicas a partir de altera\u00e7\u00f5es no estatutono decorrer [&hellip;]","og_url":"http:\/\/aprender.sejus.df.gov.br\/?p=1113","og_site_name":"Aprender SEJUS","article_published_time":"2022-02-16T18:14:43+00:00","article_modified_time":"2022-02-16T18:14:44+00:00","author":"GECAP","twitter_card":"summary_large_image","twitter_misc":{"Written by":"GECAP","Est. reading time":"2 minutos"},"schema":{"@context":"https:\/\/schema.org","@graph":[{"@type":"WebPage","@id":"http:\/\/aprender.sejus.df.gov.br\/?p=1113","url":"http:\/\/aprender.sejus.df.gov.br\/?p=1113","name":"MUDAN\u00c7A INSTITUCIONAL E COALIZ\u00d5ES DE DEFESA NO CONGRESSONACIONAL: DO ESTATUTO DA CRIAN\u00c7A E ... - Aprender SEJUS","isPartOf":{"@id":"http:\/\/aprender.sejus.df.gov.br\/#website"},"datePublished":"2022-02-16T18:14:43+00:00","dateModified":"2022-02-16T18:14:44+00:00","author":{"@id":"http:\/\/aprender.sejus.df.gov.br\/#\/schema\/person\/6f1fb348cdf3f09e574018c52049e099"},"breadcrumb":{"@id":"http:\/\/aprender.sejus.df.gov.br\/?p=1113#breadcrumb"},"inLanguage":"pt-BR","potentialAction":[{"@type":"ReadAction","target":["http:\/\/aprender.sejus.df.gov.br\/?p=1113"]}]},{"@type":"BreadcrumbList","@id":"http:\/\/aprender.sejus.df.gov.br\/?p=1113#breadcrumb","itemListElement":[{"@type":"ListItem","position":1,"name":"Home","item":"https:\/\/aprender.sejus.df.gov.br\/"},{"@type":"ListItem","position":2,"name":"MUDAN\u00c7A INSTITUCIONAL E COALIZ\u00d5ES DE DEFESA NO CONGRESSONACIONAL: DO ESTATUTO DA CRIAN\u00c7A E &#8230;"}]},{"@type":"WebSite","@id":"http:\/\/aprender.sejus.df.gov.br\/#website","url":"http:\/\/aprender.sejus.df.gov.br\/","name":"Aprender SEJUS","description":"","potentialAction":[{"@type":"SearchAction","target":{"@type":"EntryPoint","urlTemplate":"http:\/\/aprender.sejus.df.gov.br\/?s={search_term_string}"},"query-input":"required name=search_term_string"}],"inLanguage":"pt-BR"},{"@type":"Person","@id":"http:\/\/aprender.sejus.df.gov.br\/#\/schema\/person\/6f1fb348cdf3f09e574018c52049e099","name":"GECAP","image":{"@type":"ImageObject","inLanguage":"pt-BR","@id":"http:\/\/aprender.sejus.df.gov.br\/#\/schema\/person\/image\/","url":"https:\/\/secure.gravatar.com\/avatar\/eecf129a3b1190de678b5690e42de394?s=96&d=mm&r=g","contentUrl":"https:\/\/secure.gravatar.com\/avatar\/eecf129a3b1190de678b5690e42de394?s=96&d=mm&r=g","caption":"GECAP"},"url":"https:\/\/aprender.sejus.df.gov.br\/?author=3"}]}},"_links":{"self":[{"href":"https:\/\/aprender.sejus.df.gov.br\/index.php?rest_route=\/wp\/v2\/posts\/1113"}],"collection":[{"href":"https:\/\/aprender.sejus.df.gov.br\/index.php?rest_route=\/wp\/v2\/posts"}],"about":[{"href":"https:\/\/aprender.sejus.df.gov.br\/index.php?rest_route=\/wp\/v2\/types\/post"}],"author":[{"embeddable":true,"href":"https:\/\/aprender.sejus.df.gov.br\/index.php?rest_route=\/wp\/v2\/users\/3"}],"replies":[{"embeddable":true,"href":"https:\/\/aprender.sejus.df.gov.br\/index.php?rest_route=%2Fwp%2Fv2%2Fcomments&post=1113"}],"version-history":[{"count":2,"href":"https:\/\/aprender.sejus.df.gov.br\/index.php?rest_route=\/wp\/v2\/posts\/1113\/revisions"}],"predecessor-version":[{"id":1115,"href":"https:\/\/aprender.sejus.df.gov.br\/index.php?rest_route=\/wp\/v2\/posts\/1113\/revisions\/1115"}],"wp:attachment":[{"href":"https:\/\/aprender.sejus.df.gov.br\/index.php?rest_route=%2Fwp%2Fv2%2Fmedia&parent=1113"}],"wp:term":[{"taxonomy":"category","embeddable":true,"href":"https:\/\/aprender.sejus.df.gov.br\/index.php?rest_route=%2Fwp%2Fv2%2Fcategories&post=1113"},{"taxonomy":"post_tag","embeddable":true,"href":"https:\/\/aprender.sejus.df.gov.br\/index.php?rest_route=%2Fwp%2Fv2%2Ftags&post=1113"}],"curies":[{"name":"wp","href":"https:\/\/api.w.org\/{rel}","templated":true}]}}