{"id":1217,"date":"2022-02-23T18:42:02","date_gmt":"2022-02-23T21:42:02","guid":{"rendered":"http:\/\/aprender.sejus.df.gov.br\/?p=1217"},"modified":"2022-02-23T18:42:02","modified_gmt":"2022-02-23T21:42:02","slug":"medida-socioeducativa-um-estudo-sobre-semiliberdade-no-distrito-federal","status":"publish","type":"post","link":"https:\/\/aprender.sejus.df.gov.br\/?p=1217","title":{"rendered":"MEDIDA SOCIOEDUCATIVA: UM ESTUDO SOBRE SEMILIBERDADE NO DISTRITO FEDERAL"},"content":{"rendered":"\n<p>Este trabalho de conclus\u00e3o de curso tem por objetivo compreender a medida<br>socioeducativa de semiliberdade, na perspectiva da socioeduca\u00e7\u00e3o e do Sistema Nacional<br>de Atendimento Socioeducativo. Semiliberdade \u00e9 uma medida de restri\u00e7\u00e3o de liberdade<br>aplicada a adolescentes que praticam ato infracional, prevista no Estatuto da Crian\u00e7a e do<br>Adolescente (ECA). Consiste na perman\u00eancia do adolescente em uma casa inserida em<br>comunidade, sob a orienta\u00e7\u00e3o e o acompanhamento de uma equipe interdisciplinar, com<br>permiss\u00e3o para sa\u00eddas \u00e0 escola, trabalho e conv\u00edvio familiar. O estudo delimita sua<br>abrang\u00eancia ao Distrito Federal e se norteia pelos seguintes questionamentos: O que \u00e9 a<br>medida socioeducativa de semiliberdade? Como essa ocorre no contexto do Distrito<br>Federal? Quem s\u00e3o os adolescentes atendidos por essas unidades? E como gestores e<br>executores destas medidas incorporam as diretrizes pedag\u00f3gicas, propostas pelo SINASE,<br>para a efetiva\u00e7\u00e3o de suas a\u00e7\u00f5es visando \u00e0 ressocializa\u00e7\u00e3o desses adolescentes? O TFCC<br>est\u00e1 organizado em formato multipaper, composto por uma introdu\u00e7\u00e3o, tr\u00eas artigos, um<br>produto t\u00e9cnico e considera\u00e7\u00f5es finais. O estudo utilizou metodologia de natureza<br>qualitativa e quantitativa para alcan\u00e7ar seus objetivos. Os resultados indicam que a<br>maioria dos adolescentes em semiliberdade no DF \u00e9 de afrodescendentes (negros ou<br>pardos), que se encontram matriculados em institui\u00e7\u00e3o de ensino, com distor\u00e7\u00e3o na<br>rela\u00e7\u00e3o idade\/s\u00e9rie escolar, n\u00e3o trabalham, s\u00e3o oriundos de fam\u00edlias chefiadas por<br>mulheres e possuem resid\u00eancia nas regi\u00f5es administrativas de Planaltina, Ceil\u00e2ndia e<br>Sobradinho do Distrito Federal. Sobre a aplica\u00e7\u00e3o das diretrizes pedag\u00f3gicas propostas<br>pelo Sistema Nacional de Atendimento Socioeducativo na pr\u00e1tica das a\u00e7\u00f5es<br>socioeducativas dos executores da medida de semiliberdade, o estudo apontou para a<br>necessidade de melhor integra\u00e7\u00e3o entre os m\u00faltiplos profissionais respons\u00e1veis<br>diretamente pela execu\u00e7\u00e3o da medida socioeducativa, que adv\u00e9m de uma car\u00eancia dos<br>profissionais por forma\u00e7\u00e3o inicial e continuada, bem como verificou-se a necessidade de<br>avalia\u00e7\u00f5es peri\u00f3dicas sobre o alcance das diretrizes pedag\u00f3gicas.<\/p>\n\n\n\n<p><\/p>\n\n\n\n<p>Palavras-chave: Diretrizes Pedag\u00f3gicas. Socioeduca\u00e7\u00e3o. Medida Socioeducativa de<br>Semiliberdade. Perfil do adolescente.<\/p>\n\n\n\n<div class=\"wp-container-1 wp-block-buttons\">\n<div class=\"wp-block-button\"><a class=\"wp-block-button__link has-vivid-cyan-blue-background-color has-background\" href=\"http:\/\/aprender.sejus.df.gov.br\/wp-content\/uploads\/2022\/02\/TFCC-MEDIDA-SOCIOEDUCATIVA-UM-ESTUDO-SOBRE-SEMILIBERDADE-NO-DISTRITO-FEDERAL.pdf\">Baixar Trabalho<\/a><\/div>\n<\/div>\n","protected":false},"excerpt":{"rendered":"<p>Este trabalho de conclus\u00e3o de curso tem por objetivo compreender a medidasocioeducativa de semiliberdade, na perspectiva da socioeduca\u00e7\u00e3o e do Sistema Nacionalde Atendimento Socioeducativo. Semiliberdade \u00e9 uma medida de restri\u00e7\u00e3o de liberdadeaplicada a adolescentes que praticam ato infracional, prevista no Estatuto da Crian\u00e7a e doAdolescente (ECA). Consiste na perman\u00eancia do adolescente em uma casa inserida [&hellip;]<\/p>\n","protected":false},"author":3,"featured_media":0,"comment_status":"closed","ping_status":"closed","sticky":false,"template":"","format":"standard","meta":[],"categories":[11],"tags":[39],"yoast_head":"<!-- This site is optimized with the Yoast SEO plugin v19.7.1 - https:\/\/yoast.com\/wordpress\/plugins\/seo\/ -->\n<title>MEDIDA SOCIOEDUCATIVA: UM ESTUDO SOBRE SEMILIBERDADE NO DISTRITO FEDERAL - Aprender SEJUS<\/title>\n<meta name=\"robots\" content=\"index, follow, max-snippet:-1, max-image-preview:large, max-video-preview:-1\" \/>\n<link rel=\"canonical\" href=\"http:\/\/aprender.sejus.df.gov.br\/?p=1217\" \/>\n<meta property=\"og:locale\" content=\"pt_BR\" \/>\n<meta property=\"og:type\" content=\"article\" \/>\n<meta property=\"og:title\" content=\"MEDIDA SOCIOEDUCATIVA: UM ESTUDO SOBRE SEMILIBERDADE NO DISTRITO FEDERAL - Aprender SEJUS\" \/>\n<meta property=\"og:description\" content=\"Este trabalho de conclus\u00e3o de curso tem por objetivo compreender a medidasocioeducativa de semiliberdade, na perspectiva da socioeduca\u00e7\u00e3o e do Sistema Nacionalde Atendimento Socioeducativo. Semiliberdade \u00e9 uma medida de restri\u00e7\u00e3o de liberdadeaplicada a adolescentes que praticam ato infracional, prevista no Estatuto da Crian\u00e7a e doAdolescente (ECA). Consiste na perman\u00eancia do adolescente em uma casa inserida [&hellip;]\" \/>\n<meta property=\"og:url\" content=\"http:\/\/aprender.sejus.df.gov.br\/?p=1217\" \/>\n<meta property=\"og:site_name\" content=\"Aprender SEJUS\" \/>\n<meta property=\"article:published_time\" content=\"2022-02-23T21:42:02+00:00\" \/>\n<meta name=\"author\" content=\"GECAP\" \/>\n<meta name=\"twitter:card\" content=\"summary_large_image\" \/>\n<meta name=\"twitter:label1\" content=\"Written by\" \/>\n\t<meta name=\"twitter:data1\" content=\"GECAP\" \/>\n\t<meta name=\"twitter:label2\" content=\"Est. reading time\" \/>\n\t<meta name=\"twitter:data2\" content=\"2 minutos\" \/>\n<script type=\"application\/ld+json\" class=\"yoast-schema-graph\">{\"@context\":\"https:\/\/schema.org\",\"@graph\":[{\"@type\":\"WebPage\",\"@id\":\"http:\/\/aprender.sejus.df.gov.br\/?p=1217\",\"url\":\"http:\/\/aprender.sejus.df.gov.br\/?p=1217\",\"name\":\"MEDIDA SOCIOEDUCATIVA: UM ESTUDO SOBRE SEMILIBERDADE NO DISTRITO FEDERAL - Aprender SEJUS\",\"isPartOf\":{\"@id\":\"http:\/\/aprender.sejus.df.gov.br\/#website\"},\"datePublished\":\"2022-02-23T21:42:02+00:00\",\"dateModified\":\"2022-02-23T21:42:02+00:00\",\"author\":{\"@id\":\"http:\/\/aprender.sejus.df.gov.br\/#\/schema\/person\/6f1fb348cdf3f09e574018c52049e099\"},\"breadcrumb\":{\"@id\":\"http:\/\/aprender.sejus.df.gov.br\/?p=1217#breadcrumb\"},\"inLanguage\":\"pt-BR\",\"potentialAction\":[{\"@type\":\"ReadAction\",\"target\":[\"http:\/\/aprender.sejus.df.gov.br\/?p=1217\"]}]},{\"@type\":\"BreadcrumbList\",\"@id\":\"http:\/\/aprender.sejus.df.gov.br\/?p=1217#breadcrumb\",\"itemListElement\":[{\"@type\":\"ListItem\",\"position\":1,\"name\":\"Home\",\"item\":\"https:\/\/aprender.sejus.df.gov.br\/\"},{\"@type\":\"ListItem\",\"position\":2,\"name\":\"MEDIDA SOCIOEDUCATIVA: UM ESTUDO SOBRE SEMILIBERDADE NO DISTRITO FEDERAL\"}]},{\"@type\":\"WebSite\",\"@id\":\"http:\/\/aprender.sejus.df.gov.br\/#website\",\"url\":\"http:\/\/aprender.sejus.df.gov.br\/\",\"name\":\"Aprender SEJUS\",\"description\":\"\",\"potentialAction\":[{\"@type\":\"SearchAction\",\"target\":{\"@type\":\"EntryPoint\",\"urlTemplate\":\"http:\/\/aprender.sejus.df.gov.br\/?s={search_term_string}\"},\"query-input\":\"required name=search_term_string\"}],\"inLanguage\":\"pt-BR\"},{\"@type\":\"Person\",\"@id\":\"http:\/\/aprender.sejus.df.gov.br\/#\/schema\/person\/6f1fb348cdf3f09e574018c52049e099\",\"name\":\"GECAP\",\"image\":{\"@type\":\"ImageObject\",\"inLanguage\":\"pt-BR\",\"@id\":\"http:\/\/aprender.sejus.df.gov.br\/#\/schema\/person\/image\/\",\"url\":\"https:\/\/secure.gravatar.com\/avatar\/eecf129a3b1190de678b5690e42de394?s=96&d=mm&r=g\",\"contentUrl\":\"https:\/\/secure.gravatar.com\/avatar\/eecf129a3b1190de678b5690e42de394?s=96&d=mm&r=g\",\"caption\":\"GECAP\"},\"url\":\"https:\/\/aprender.sejus.df.gov.br\/?author=3\"}]}<\/script>\n<!-- \/ Yoast SEO plugin. -->","yoast_head_json":{"title":"MEDIDA SOCIOEDUCATIVA: UM ESTUDO SOBRE SEMILIBERDADE NO DISTRITO FEDERAL - Aprender SEJUS","robots":{"index":"index","follow":"follow","max-snippet":"max-snippet:-1","max-image-preview":"max-image-preview:large","max-video-preview":"max-video-preview:-1"},"canonical":"http:\/\/aprender.sejus.df.gov.br\/?p=1217","og_locale":"pt_BR","og_type":"article","og_title":"MEDIDA SOCIOEDUCATIVA: UM ESTUDO SOBRE SEMILIBERDADE NO DISTRITO FEDERAL - Aprender SEJUS","og_description":"Este trabalho de conclus\u00e3o de curso tem por objetivo compreender a medidasocioeducativa de semiliberdade, na perspectiva da socioeduca\u00e7\u00e3o e do Sistema Nacionalde Atendimento Socioeducativo. Semiliberdade \u00e9 uma medida de restri\u00e7\u00e3o de liberdadeaplicada a adolescentes que praticam ato infracional, prevista no Estatuto da Crian\u00e7a e doAdolescente (ECA). Consiste na perman\u00eancia do adolescente em uma casa inserida [&hellip;]","og_url":"http:\/\/aprender.sejus.df.gov.br\/?p=1217","og_site_name":"Aprender SEJUS","article_published_time":"2022-02-23T21:42:02+00:00","author":"GECAP","twitter_card":"summary_large_image","twitter_misc":{"Written by":"GECAP","Est. reading time":"2 minutos"},"schema":{"@context":"https:\/\/schema.org","@graph":[{"@type":"WebPage","@id":"http:\/\/aprender.sejus.df.gov.br\/?p=1217","url":"http:\/\/aprender.sejus.df.gov.br\/?p=1217","name":"MEDIDA SOCIOEDUCATIVA: UM ESTUDO SOBRE SEMILIBERDADE NO DISTRITO FEDERAL - Aprender SEJUS","isPartOf":{"@id":"http:\/\/aprender.sejus.df.gov.br\/#website"},"datePublished":"2022-02-23T21:42:02+00:00","dateModified":"2022-02-23T21:42:02+00:00","author":{"@id":"http:\/\/aprender.sejus.df.gov.br\/#\/schema\/person\/6f1fb348cdf3f09e574018c52049e099"},"breadcrumb":{"@id":"http:\/\/aprender.sejus.df.gov.br\/?p=1217#breadcrumb"},"inLanguage":"pt-BR","potentialAction":[{"@type":"ReadAction","target":["http:\/\/aprender.sejus.df.gov.br\/?p=1217"]}]},{"@type":"BreadcrumbList","@id":"http:\/\/aprender.sejus.df.gov.br\/?p=1217#breadcrumb","itemListElement":[{"@type":"ListItem","position":1,"name":"Home","item":"https:\/\/aprender.sejus.df.gov.br\/"},{"@type":"ListItem","position":2,"name":"MEDIDA SOCIOEDUCATIVA: UM ESTUDO SOBRE SEMILIBERDADE NO DISTRITO FEDERAL"}]},{"@type":"WebSite","@id":"http:\/\/aprender.sejus.df.gov.br\/#website","url":"http:\/\/aprender.sejus.df.gov.br\/","name":"Aprender SEJUS","description":"","potentialAction":[{"@type":"SearchAction","target":{"@type":"EntryPoint","urlTemplate":"http:\/\/aprender.sejus.df.gov.br\/?s={search_term_string}"},"query-input":"required name=search_term_string"}],"inLanguage":"pt-BR"},{"@type":"Person","@id":"http:\/\/aprender.sejus.df.gov.br\/#\/schema\/person\/6f1fb348cdf3f09e574018c52049e099","name":"GECAP","image":{"@type":"ImageObject","inLanguage":"pt-BR","@id":"http:\/\/aprender.sejus.df.gov.br\/#\/schema\/person\/image\/","url":"https:\/\/secure.gravatar.com\/avatar\/eecf129a3b1190de678b5690e42de394?s=96&d=mm&r=g","contentUrl":"https:\/\/secure.gravatar.com\/avatar\/eecf129a3b1190de678b5690e42de394?s=96&d=mm&r=g","caption":"GECAP"},"url":"https:\/\/aprender.sejus.df.gov.br\/?author=3"}]}},"_links":{"self":[{"href":"https:\/\/aprender.sejus.df.gov.br\/index.php?rest_route=\/wp\/v2\/posts\/1217"}],"collection":[{"href":"https:\/\/aprender.sejus.df.gov.br\/index.php?rest_route=\/wp\/v2\/posts"}],"about":[{"href":"https:\/\/aprender.sejus.df.gov.br\/index.php?rest_route=\/wp\/v2\/types\/post"}],"author":[{"embeddable":true,"href":"https:\/\/aprender.sejus.df.gov.br\/index.php?rest_route=\/wp\/v2\/users\/3"}],"replies":[{"embeddable":true,"href":"https:\/\/aprender.sejus.df.gov.br\/index.php?rest_route=%2Fwp%2Fv2%2Fcomments&post=1217"}],"version-history":[{"count":2,"href":"https:\/\/aprender.sejus.df.gov.br\/index.php?rest_route=\/wp\/v2\/posts\/1217\/revisions"}],"predecessor-version":[{"id":1219,"href":"https:\/\/aprender.sejus.df.gov.br\/index.php?rest_route=\/wp\/v2\/posts\/1217\/revisions\/1219"}],"wp:attachment":[{"href":"https:\/\/aprender.sejus.df.gov.br\/index.php?rest_route=%2Fwp%2Fv2%2Fmedia&parent=1217"}],"wp:term":[{"taxonomy":"category","embeddable":true,"href":"https:\/\/aprender.sejus.df.gov.br\/index.php?rest_route=%2Fwp%2Fv2%2Fcategories&post=1217"},{"taxonomy":"post_tag","embeddable":true,"href":"https:\/\/aprender.sejus.df.gov.br\/index.php?rest_route=%2Fwp%2Fv2%2Ftags&post=1217"}],"curies":[{"name":"wp","href":"https:\/\/api.w.org\/{rel}","templated":true}]}}