{"id":1226,"date":"2022-03-30T11:38:56","date_gmt":"2022-03-30T14:38:56","guid":{"rendered":"https:\/\/aprender.sejus.df.gov.br\/?p=1226"},"modified":"2022-04-13T10:27:07","modified_gmt":"2022-04-13T13:27:07","slug":"imobilizacoes-taticas-e-defesa-pessoal","status":"publish","type":"post","link":"https:\/\/aprender.sejus.df.gov.br\/?p=1226","title":{"rendered":"Cuidar Sem se Esgotar: aprendendo a desenvolver espa\u00e7os seguros para si e para os outros"},"content":{"rendered":"\n<p class=\"has-text-align-left\">As aulas t\u00eam como base te\u00f3rica dentro da Psicologia a abordagem de psicoeduca\u00e7\u00e3o da Terapia Focada na Compaix\u00e3o e a Teoria Polivagal. O curso ser\u00e1 ministrado pela psic\u00f3loga Nat\u00e1lia Carvalho, servidora especialista do sistema socioeducativo desde 2010 e que tamb\u00e9m atua em atendimento cl\u00ednico desde 2003. O Objetivo Geral:<br>Prevenir o burnout e melhorar a qualidade dos atendimentos de servidores que trabalham no contato direto com adolescentes criminalizados e suas fam\u00edlias por meio da psicoeduca\u00e7\u00e3o.<br><br><strong>Hor\u00e1rio das aulas<\/strong><\/p>\n\n\n\n<p>Ser\u00e3o 7 aulas s\u00edncronas, uma a cada segunda-feira.<\/p>\n\n\n\n<p><\/p>\n","protected":false},"excerpt":{"rendered":"<p>As aulas t\u00eam como base te\u00f3rica dentro da Psicologia a abordagem de psicoeduca\u00e7\u00e3o da Terapia Focada na Compaix\u00e3o e a Teoria Polivagal. O curso ser\u00e1 ministrado pela psic\u00f3loga Nat\u00e1lia Carvalho, servidora especialista do sistema socioeducativo desde 2010 e que tamb\u00e9m atua em atendimento cl\u00ednico desde 2003. O Objetivo Geral:Prevenir o burnout e melhorar a qualidade [&hellip;]<\/p>\n","protected":false},"author":14,"featured_media":1244,"comment_status":"open","ping_status":"open","sticky":false,"template":"","format":"standard","meta":[],"categories":[53],"tags":[16],"yoast_head":"<!-- This site is optimized with the Yoast SEO plugin v19.7.1 - https:\/\/yoast.com\/wordpress\/plugins\/seo\/ -->\n<title>Cuidar Sem se Esgotar: aprendendo a desenvolver espa\u00e7os seguros para si e para os outros - Aprender SEJUS<\/title>\n<meta name=\"robots\" content=\"index, follow, max-snippet:-1, max-image-preview:large, max-video-preview:-1\" \/>\n<link rel=\"canonical\" href=\"https:\/\/aprender.sejus.df.gov.br\/?p=1226\" \/>\n<meta property=\"og:locale\" content=\"pt_BR\" \/>\n<meta property=\"og:type\" content=\"article\" \/>\n<meta property=\"og:title\" content=\"Cuidar Sem se Esgotar: aprendendo a desenvolver espa\u00e7os seguros para si e para os outros - Aprender SEJUS\" \/>\n<meta property=\"og:description\" content=\"As aulas t\u00eam como base te\u00f3rica dentro da Psicologia a abordagem de psicoeduca\u00e7\u00e3o da Terapia Focada na Compaix\u00e3o e a Teoria Polivagal. O curso ser\u00e1 ministrado pela psic\u00f3loga Nat\u00e1lia Carvalho, servidora especialista do sistema socioeducativo desde 2010 e que tamb\u00e9m atua em atendimento cl\u00ednico desde 2003. O Objetivo Geral:Prevenir o burnout e melhorar a qualidade [&hellip;]\" \/>\n<meta property=\"og:url\" content=\"https:\/\/aprender.sejus.df.gov.br\/?p=1226\" \/>\n<meta property=\"og:site_name\" content=\"Aprender SEJUS\" \/>\n<meta property=\"article:published_time\" content=\"2022-03-30T14:38:56+00:00\" \/>\n<meta property=\"article:modified_time\" content=\"2022-04-13T13:27:07+00:00\" \/>\n<meta property=\"og:image\" content=\"https:\/\/aprender.sejus.df.gov.br\/wp-content\/uploads\/2022\/03\/Screen-Shot-2022-03-30-at-18.08.46.png\" \/>\n\t<meta property=\"og:image:width\" content=\"1360\" \/>\n\t<meta property=\"og:image:height\" content=\"882\" \/>\n\t<meta property=\"og:image:type\" content=\"image\/png\" \/>\n<meta name=\"author\" content=\"Murilo Rezende\" \/>\n<meta name=\"twitter:card\" content=\"summary_large_image\" \/>\n<meta name=\"twitter:label1\" content=\"Written by\" \/>\n\t<meta name=\"twitter:data1\" content=\"Murilo Rezende\" \/>\n<script type=\"application\/ld+json\" class=\"yoast-schema-graph\">{\"@context\":\"https:\/\/schema.org\",\"@graph\":[{\"@type\":\"WebPage\",\"@id\":\"https:\/\/aprender.sejus.df.gov.br\/?p=1226\",\"url\":\"https:\/\/aprender.sejus.df.gov.br\/?p=1226\",\"name\":\"Cuidar Sem se Esgotar: aprendendo a desenvolver espa\u00e7os seguros para si e para os outros - Aprender SEJUS\",\"isPartOf\":{\"@id\":\"http:\/\/aprender.sejus.df.gov.br\/#website\"},\"datePublished\":\"2022-03-30T14:38:56+00:00\",\"dateModified\":\"2022-04-13T13:27:07+00:00\",\"author\":{\"@id\":\"http:\/\/aprender.sejus.df.gov.br\/#\/schema\/person\/03c456df455b780a4fbd9eb699085be6\"},\"breadcrumb\":{\"@id\":\"https:\/\/aprender.sejus.df.gov.br\/?p=1226#breadcrumb\"},\"inLanguage\":\"pt-BR\",\"potentialAction\":[{\"@type\":\"ReadAction\",\"target\":[\"https:\/\/aprender.sejus.df.gov.br\/?p=1226\"]}]},{\"@type\":\"BreadcrumbList\",\"@id\":\"https:\/\/aprender.sejus.df.gov.br\/?p=1226#breadcrumb\",\"itemListElement\":[{\"@type\":\"ListItem\",\"position\":1,\"name\":\"Home\",\"item\":\"https:\/\/aprender.sejus.df.gov.br\/\"},{\"@type\":\"ListItem\",\"position\":2,\"name\":\"Cuidar Sem se Esgotar: aprendendo a desenvolver espa\u00e7os seguros para si e para os outros\"}]},{\"@type\":\"WebSite\",\"@id\":\"http:\/\/aprender.sejus.df.gov.br\/#website\",\"url\":\"http:\/\/aprender.sejus.df.gov.br\/\",\"name\":\"Aprender SEJUS\",\"description\":\"\",\"potentialAction\":[{\"@type\":\"SearchAction\",\"target\":{\"@type\":\"EntryPoint\",\"urlTemplate\":\"http:\/\/aprender.sejus.df.gov.br\/?s={search_term_string}\"},\"query-input\":\"required name=search_term_string\"}],\"inLanguage\":\"pt-BR\"},{\"@type\":\"Person\",\"@id\":\"http:\/\/aprender.sejus.df.gov.br\/#\/schema\/person\/03c456df455b780a4fbd9eb699085be6\",\"name\":\"Murilo Rezende\",\"image\":{\"@type\":\"ImageObject\",\"inLanguage\":\"pt-BR\",\"@id\":\"http:\/\/aprender.sejus.df.gov.br\/#\/schema\/person\/image\/\",\"url\":\"https:\/\/secure.gravatar.com\/avatar\/cc0328c52601b892580920256b8c0b9b?s=96&d=mm&r=g\",\"contentUrl\":\"https:\/\/secure.gravatar.com\/avatar\/cc0328c52601b892580920256b8c0b9b?s=96&d=mm&r=g\",\"caption\":\"Murilo Rezende\"},\"url\":\"https:\/\/aprender.sejus.df.gov.br\/?author=14\"}]}<\/script>\n<!-- \/ Yoast SEO plugin. -->","yoast_head_json":{"title":"Cuidar Sem se Esgotar: aprendendo a desenvolver espa\u00e7os seguros para si e para os outros - Aprender SEJUS","robots":{"index":"index","follow":"follow","max-snippet":"max-snippet:-1","max-image-preview":"max-image-preview:large","max-video-preview":"max-video-preview:-1"},"canonical":"https:\/\/aprender.sejus.df.gov.br\/?p=1226","og_locale":"pt_BR","og_type":"article","og_title":"Cuidar Sem se Esgotar: aprendendo a desenvolver espa\u00e7os seguros para si e para os outros - Aprender SEJUS","og_description":"As aulas t\u00eam como base te\u00f3rica dentro da Psicologia a abordagem de psicoeduca\u00e7\u00e3o da Terapia Focada na Compaix\u00e3o e a Teoria Polivagal. O curso ser\u00e1 ministrado pela psic\u00f3loga Nat\u00e1lia Carvalho, servidora especialista do sistema socioeducativo desde 2010 e que tamb\u00e9m atua em atendimento cl\u00ednico desde 2003. O Objetivo Geral:Prevenir o burnout e melhorar a qualidade [&hellip;]","og_url":"https:\/\/aprender.sejus.df.gov.br\/?p=1226","og_site_name":"Aprender SEJUS","article_published_time":"2022-03-30T14:38:56+00:00","article_modified_time":"2022-04-13T13:27:07+00:00","og_image":[{"width":1360,"height":882,"url":"https:\/\/aprender.sejus.df.gov.br\/wp-content\/uploads\/2022\/03\/Screen-Shot-2022-03-30-at-18.08.46.png","type":"image\/png"}],"author":"Murilo Rezende","twitter_card":"summary_large_image","twitter_misc":{"Written by":"Murilo Rezende"},"schema":{"@context":"https:\/\/schema.org","@graph":[{"@type":"WebPage","@id":"https:\/\/aprender.sejus.df.gov.br\/?p=1226","url":"https:\/\/aprender.sejus.df.gov.br\/?p=1226","name":"Cuidar Sem se Esgotar: aprendendo a desenvolver espa\u00e7os seguros para si e para os outros - Aprender SEJUS","isPartOf":{"@id":"http:\/\/aprender.sejus.df.gov.br\/#website"},"datePublished":"2022-03-30T14:38:56+00:00","dateModified":"2022-04-13T13:27:07+00:00","author":{"@id":"http:\/\/aprender.sejus.df.gov.br\/#\/schema\/person\/03c456df455b780a4fbd9eb699085be6"},"breadcrumb":{"@id":"https:\/\/aprender.sejus.df.gov.br\/?p=1226#breadcrumb"},"inLanguage":"pt-BR","potentialAction":[{"@type":"ReadAction","target":["https:\/\/aprender.sejus.df.gov.br\/?p=1226"]}]},{"@type":"BreadcrumbList","@id":"https:\/\/aprender.sejus.df.gov.br\/?p=1226#breadcrumb","itemListElement":[{"@type":"ListItem","position":1,"name":"Home","item":"https:\/\/aprender.sejus.df.gov.br\/"},{"@type":"ListItem","position":2,"name":"Cuidar Sem se Esgotar: aprendendo a desenvolver espa\u00e7os seguros para si e para os outros"}]},{"@type":"WebSite","@id":"http:\/\/aprender.sejus.df.gov.br\/#website","url":"http:\/\/aprender.sejus.df.gov.br\/","name":"Aprender SEJUS","description":"","potentialAction":[{"@type":"SearchAction","target":{"@type":"EntryPoint","urlTemplate":"http:\/\/aprender.sejus.df.gov.br\/?s={search_term_string}"},"query-input":"required name=search_term_string"}],"inLanguage":"pt-BR"},{"@type":"Person","@id":"http:\/\/aprender.sejus.df.gov.br\/#\/schema\/person\/03c456df455b780a4fbd9eb699085be6","name":"Murilo Rezende","image":{"@type":"ImageObject","inLanguage":"pt-BR","@id":"http:\/\/aprender.sejus.df.gov.br\/#\/schema\/person\/image\/","url":"https:\/\/secure.gravatar.com\/avatar\/cc0328c52601b892580920256b8c0b9b?s=96&d=mm&r=g","contentUrl":"https:\/\/secure.gravatar.com\/avatar\/cc0328c52601b892580920256b8c0b9b?s=96&d=mm&r=g","caption":"Murilo Rezende"},"url":"https:\/\/aprender.sejus.df.gov.br\/?author=14"}]}},"_links":{"self":[{"href":"https:\/\/aprender.sejus.df.gov.br\/index.php?rest_route=\/wp\/v2\/posts\/1226"}],"collection":[{"href":"https:\/\/aprender.sejus.df.gov.br\/index.php?rest_route=\/wp\/v2\/posts"}],"about":[{"href":"https:\/\/aprender.sejus.df.gov.br\/index.php?rest_route=\/wp\/v2\/types\/post"}],"author":[{"embeddable":true,"href":"https:\/\/aprender.sejus.df.gov.br\/index.php?rest_route=\/wp\/v2\/users\/14"}],"replies":[{"embeddable":true,"href":"https:\/\/aprender.sejus.df.gov.br\/index.php?rest_route=%2Fwp%2Fv2%2Fcomments&post=1226"}],"version-history":[{"count":9,"href":"https:\/\/aprender.sejus.df.gov.br\/index.php?rest_route=\/wp\/v2\/posts\/1226\/revisions"}],"predecessor-version":[{"id":1246,"href":"https:\/\/aprender.sejus.df.gov.br\/index.php?rest_route=\/wp\/v2\/posts\/1226\/revisions\/1246"}],"wp:featuredmedia":[{"embeddable":true,"href":"https:\/\/aprender.sejus.df.gov.br\/index.php?rest_route=\/wp\/v2\/media\/1244"}],"wp:attachment":[{"href":"https:\/\/aprender.sejus.df.gov.br\/index.php?rest_route=%2Fwp%2Fv2%2Fmedia&parent=1226"}],"wp:term":[{"taxonomy":"category","embeddable":true,"href":"https:\/\/aprender.sejus.df.gov.br\/index.php?rest_route=%2Fwp%2Fv2%2Fcategories&post=1226"},{"taxonomy":"post_tag","embeddable":true,"href":"https:\/\/aprender.sejus.df.gov.br\/index.php?rest_route=%2Fwp%2Fv2%2Ftags&post=1226"}],"curies":[{"name":"wp","href":"https:\/\/api.w.org\/{rel}","templated":true}]}}