{"id":1248,"date":"2022-04-01T10:33:49","date_gmt":"2022-04-01T13:33:49","guid":{"rendered":"https:\/\/aprender.sejus.df.gov.br\/?p=1248"},"modified":"2022-04-13T10:26:39","modified_gmt":"2022-04-13T13:26:39","slug":"socioeducacao-como-meio-de-responsabilizacao-e-emancipacao-de-adolescentes","status":"publish","type":"post","link":"https:\/\/aprender.sejus.df.gov.br\/?p=1248","title":{"rendered":"Socioeduca\u00e7\u00e3o como Meio de Responsabiliza\u00e7\u00e3o e Emancipa\u00e7\u00e3o de Adolescentes"},"content":{"rendered":"\n<p>O&nbsp;Curso&nbsp;<em>Socioeduca\u00e7\u00e3o como meio de responsabiliza\u00e7\u00e3o e emancipa\u00e7\u00e3o de&nbsp;adolescentes<\/em>&nbsp;\u00e9&nbsp;uma&nbsp;iniciativa de forma\u00e7\u00e3o continuada orientada ao aprimoramento e aperfei\u00e7oamento da&nbsp;atua\u00e7\u00e3o profissional dos servidores do Sistema Socioeducativo do Distrito Federal.<\/p>\n\n\n\n<p><strong>Sobre os hor\u00e1rios de aula s\u00edncrona<\/strong><\/p>\n\n\n\n<p>Ser\u00e3o 05 aulas s\u00edncronas (video chamada) que v\u00e3o ser agendadas posteriormente.<\/p>\n","protected":false},"excerpt":{"rendered":"<p>O&nbsp;Curso&nbsp;Socioeduca\u00e7\u00e3o como meio de responsabiliza\u00e7\u00e3o e emancipa\u00e7\u00e3o de&nbsp;adolescentes&nbsp;\u00e9&nbsp;uma&nbsp;iniciativa de forma\u00e7\u00e3o continuada orientada ao aprimoramento e aperfei\u00e7oamento da&nbsp;atua\u00e7\u00e3o profissional dos servidores do Sistema Socioeducativo do Distrito Federal. Sobre os hor\u00e1rios de aula s\u00edncrona Ser\u00e3o 05 aulas s\u00edncronas (video chamada) que v\u00e3o ser agendadas posteriormente.<\/p>\n","protected":false},"author":14,"featured_media":1252,"comment_status":"open","ping_status":"open","sticky":false,"template":"","format":"standard","meta":[],"categories":[53],"tags":[16],"yoast_head":"<!-- This site is optimized with the Yoast SEO plugin v19.7.1 - https:\/\/yoast.com\/wordpress\/plugins\/seo\/ -->\n<title>Socioeduca\u00e7\u00e3o como Meio de Responsabiliza\u00e7\u00e3o e Emancipa\u00e7\u00e3o de Adolescentes - Aprender SEJUS<\/title>\n<meta name=\"robots\" content=\"index, follow, max-snippet:-1, max-image-preview:large, max-video-preview:-1\" \/>\n<link rel=\"canonical\" href=\"https:\/\/aprender.sejus.df.gov.br\/?p=1248\" \/>\n<meta property=\"og:locale\" content=\"pt_BR\" \/>\n<meta property=\"og:type\" content=\"article\" \/>\n<meta property=\"og:title\" content=\"Socioeduca\u00e7\u00e3o como Meio de Responsabiliza\u00e7\u00e3o e Emancipa\u00e7\u00e3o de Adolescentes - Aprender SEJUS\" \/>\n<meta property=\"og:description\" content=\"O&nbsp;Curso&nbsp;Socioeduca\u00e7\u00e3o como meio de responsabiliza\u00e7\u00e3o e emancipa\u00e7\u00e3o de&nbsp;adolescentes&nbsp;\u00e9&nbsp;uma&nbsp;iniciativa de forma\u00e7\u00e3o continuada orientada ao aprimoramento e aperfei\u00e7oamento da&nbsp;atua\u00e7\u00e3o profissional dos servidores do Sistema Socioeducativo do Distrito Federal. Sobre os hor\u00e1rios de aula s\u00edncrona Ser\u00e3o 05 aulas s\u00edncronas (video chamada) que v\u00e3o ser agendadas posteriormente.\" \/>\n<meta property=\"og:url\" content=\"https:\/\/aprender.sejus.df.gov.br\/?p=1248\" \/>\n<meta property=\"og:site_name\" content=\"Aprender SEJUS\" \/>\n<meta property=\"article:published_time\" content=\"2022-04-01T13:33:49+00:00\" \/>\n<meta property=\"article:modified_time\" content=\"2022-04-13T13:26:39+00:00\" \/>\n<meta property=\"og:image\" content=\"https:\/\/aprender.sejus.df.gov.br\/wp-content\/uploads\/2022\/04\/Screen-Shot-2022-04-01-at-10.42.19.png\" \/>\n\t<meta property=\"og:image:width\" content=\"680\" \/>\n\t<meta property=\"og:image:height\" content=\"441\" \/>\n\t<meta property=\"og:image:type\" content=\"image\/png\" \/>\n<meta name=\"author\" content=\"Murilo Rezende\" \/>\n<meta name=\"twitter:card\" content=\"summary_large_image\" \/>\n<meta name=\"twitter:label1\" content=\"Written by\" \/>\n\t<meta name=\"twitter:data1\" content=\"Murilo Rezende\" \/>\n<script type=\"application\/ld+json\" class=\"yoast-schema-graph\">{\"@context\":\"https:\/\/schema.org\",\"@graph\":[{\"@type\":\"WebPage\",\"@id\":\"https:\/\/aprender.sejus.df.gov.br\/?p=1248\",\"url\":\"https:\/\/aprender.sejus.df.gov.br\/?p=1248\",\"name\":\"Socioeduca\u00e7\u00e3o como Meio de Responsabiliza\u00e7\u00e3o e Emancipa\u00e7\u00e3o de Adolescentes - Aprender SEJUS\",\"isPartOf\":{\"@id\":\"http:\/\/aprender.sejus.df.gov.br\/#website\"},\"datePublished\":\"2022-04-01T13:33:49+00:00\",\"dateModified\":\"2022-04-13T13:26:39+00:00\",\"author\":{\"@id\":\"http:\/\/aprender.sejus.df.gov.br\/#\/schema\/person\/03c456df455b780a4fbd9eb699085be6\"},\"breadcrumb\":{\"@id\":\"https:\/\/aprender.sejus.df.gov.br\/?p=1248#breadcrumb\"},\"inLanguage\":\"pt-BR\",\"potentialAction\":[{\"@type\":\"ReadAction\",\"target\":[\"https:\/\/aprender.sejus.df.gov.br\/?p=1248\"]}]},{\"@type\":\"BreadcrumbList\",\"@id\":\"https:\/\/aprender.sejus.df.gov.br\/?p=1248#breadcrumb\",\"itemListElement\":[{\"@type\":\"ListItem\",\"position\":1,\"name\":\"Home\",\"item\":\"https:\/\/aprender.sejus.df.gov.br\/\"},{\"@type\":\"ListItem\",\"position\":2,\"name\":\"Socioeduca\u00e7\u00e3o como Meio de Responsabiliza\u00e7\u00e3o e Emancipa\u00e7\u00e3o de Adolescentes\"}]},{\"@type\":\"WebSite\",\"@id\":\"http:\/\/aprender.sejus.df.gov.br\/#website\",\"url\":\"http:\/\/aprender.sejus.df.gov.br\/\",\"name\":\"Aprender SEJUS\",\"description\":\"\",\"potentialAction\":[{\"@type\":\"SearchAction\",\"target\":{\"@type\":\"EntryPoint\",\"urlTemplate\":\"http:\/\/aprender.sejus.df.gov.br\/?s={search_term_string}\"},\"query-input\":\"required name=search_term_string\"}],\"inLanguage\":\"pt-BR\"},{\"@type\":\"Person\",\"@id\":\"http:\/\/aprender.sejus.df.gov.br\/#\/schema\/person\/03c456df455b780a4fbd9eb699085be6\",\"name\":\"Murilo Rezende\",\"image\":{\"@type\":\"ImageObject\",\"inLanguage\":\"pt-BR\",\"@id\":\"http:\/\/aprender.sejus.df.gov.br\/#\/schema\/person\/image\/\",\"url\":\"https:\/\/secure.gravatar.com\/avatar\/cc0328c52601b892580920256b8c0b9b?s=96&d=mm&r=g\",\"contentUrl\":\"https:\/\/secure.gravatar.com\/avatar\/cc0328c52601b892580920256b8c0b9b?s=96&d=mm&r=g\",\"caption\":\"Murilo Rezende\"},\"url\":\"https:\/\/aprender.sejus.df.gov.br\/?author=14\"}]}<\/script>\n<!-- \/ Yoast SEO plugin. -->","yoast_head_json":{"title":"Socioeduca\u00e7\u00e3o como Meio de Responsabiliza\u00e7\u00e3o e Emancipa\u00e7\u00e3o de Adolescentes - Aprender SEJUS","robots":{"index":"index","follow":"follow","max-snippet":"max-snippet:-1","max-image-preview":"max-image-preview:large","max-video-preview":"max-video-preview:-1"},"canonical":"https:\/\/aprender.sejus.df.gov.br\/?p=1248","og_locale":"pt_BR","og_type":"article","og_title":"Socioeduca\u00e7\u00e3o como Meio de Responsabiliza\u00e7\u00e3o e Emancipa\u00e7\u00e3o de Adolescentes - Aprender SEJUS","og_description":"O&nbsp;Curso&nbsp;Socioeduca\u00e7\u00e3o como meio de responsabiliza\u00e7\u00e3o e emancipa\u00e7\u00e3o de&nbsp;adolescentes&nbsp;\u00e9&nbsp;uma&nbsp;iniciativa de forma\u00e7\u00e3o continuada orientada ao aprimoramento e aperfei\u00e7oamento da&nbsp;atua\u00e7\u00e3o profissional dos servidores do Sistema Socioeducativo do Distrito Federal. Sobre os hor\u00e1rios de aula s\u00edncrona Ser\u00e3o 05 aulas s\u00edncronas (video chamada) que v\u00e3o ser agendadas posteriormente.","og_url":"https:\/\/aprender.sejus.df.gov.br\/?p=1248","og_site_name":"Aprender SEJUS","article_published_time":"2022-04-01T13:33:49+00:00","article_modified_time":"2022-04-13T13:26:39+00:00","og_image":[{"width":680,"height":441,"url":"https:\/\/aprender.sejus.df.gov.br\/wp-content\/uploads\/2022\/04\/Screen-Shot-2022-04-01-at-10.42.19.png","type":"image\/png"}],"author":"Murilo Rezende","twitter_card":"summary_large_image","twitter_misc":{"Written by":"Murilo Rezende"},"schema":{"@context":"https:\/\/schema.org","@graph":[{"@type":"WebPage","@id":"https:\/\/aprender.sejus.df.gov.br\/?p=1248","url":"https:\/\/aprender.sejus.df.gov.br\/?p=1248","name":"Socioeduca\u00e7\u00e3o como Meio de Responsabiliza\u00e7\u00e3o e Emancipa\u00e7\u00e3o de Adolescentes - Aprender SEJUS","isPartOf":{"@id":"http:\/\/aprender.sejus.df.gov.br\/#website"},"datePublished":"2022-04-01T13:33:49+00:00","dateModified":"2022-04-13T13:26:39+00:00","author":{"@id":"http:\/\/aprender.sejus.df.gov.br\/#\/schema\/person\/03c456df455b780a4fbd9eb699085be6"},"breadcrumb":{"@id":"https:\/\/aprender.sejus.df.gov.br\/?p=1248#breadcrumb"},"inLanguage":"pt-BR","potentialAction":[{"@type":"ReadAction","target":["https:\/\/aprender.sejus.df.gov.br\/?p=1248"]}]},{"@type":"BreadcrumbList","@id":"https:\/\/aprender.sejus.df.gov.br\/?p=1248#breadcrumb","itemListElement":[{"@type":"ListItem","position":1,"name":"Home","item":"https:\/\/aprender.sejus.df.gov.br\/"},{"@type":"ListItem","position":2,"name":"Socioeduca\u00e7\u00e3o como Meio de Responsabiliza\u00e7\u00e3o e Emancipa\u00e7\u00e3o de Adolescentes"}]},{"@type":"WebSite","@id":"http:\/\/aprender.sejus.df.gov.br\/#website","url":"http:\/\/aprender.sejus.df.gov.br\/","name":"Aprender SEJUS","description":"","potentialAction":[{"@type":"SearchAction","target":{"@type":"EntryPoint","urlTemplate":"http:\/\/aprender.sejus.df.gov.br\/?s={search_term_string}"},"query-input":"required name=search_term_string"}],"inLanguage":"pt-BR"},{"@type":"Person","@id":"http:\/\/aprender.sejus.df.gov.br\/#\/schema\/person\/03c456df455b780a4fbd9eb699085be6","name":"Murilo Rezende","image":{"@type":"ImageObject","inLanguage":"pt-BR","@id":"http:\/\/aprender.sejus.df.gov.br\/#\/schema\/person\/image\/","url":"https:\/\/secure.gravatar.com\/avatar\/cc0328c52601b892580920256b8c0b9b?s=96&d=mm&r=g","contentUrl":"https:\/\/secure.gravatar.com\/avatar\/cc0328c52601b892580920256b8c0b9b?s=96&d=mm&r=g","caption":"Murilo Rezende"},"url":"https:\/\/aprender.sejus.df.gov.br\/?author=14"}]}},"_links":{"self":[{"href":"https:\/\/aprender.sejus.df.gov.br\/index.php?rest_route=\/wp\/v2\/posts\/1248"}],"collection":[{"href":"https:\/\/aprender.sejus.df.gov.br\/index.php?rest_route=\/wp\/v2\/posts"}],"about":[{"href":"https:\/\/aprender.sejus.df.gov.br\/index.php?rest_route=\/wp\/v2\/types\/post"}],"author":[{"embeddable":true,"href":"https:\/\/aprender.sejus.df.gov.br\/index.php?rest_route=\/wp\/v2\/users\/14"}],"replies":[{"embeddable":true,"href":"https:\/\/aprender.sejus.df.gov.br\/index.php?rest_route=%2Fwp%2Fv2%2Fcomments&post=1248"}],"version-history":[{"count":3,"href":"https:\/\/aprender.sejus.df.gov.br\/index.php?rest_route=\/wp\/v2\/posts\/1248\/revisions"}],"predecessor-version":[{"id":1251,"href":"https:\/\/aprender.sejus.df.gov.br\/index.php?rest_route=\/wp\/v2\/posts\/1248\/revisions\/1251"}],"wp:featuredmedia":[{"embeddable":true,"href":"https:\/\/aprender.sejus.df.gov.br\/index.php?rest_route=\/wp\/v2\/media\/1252"}],"wp:attachment":[{"href":"https:\/\/aprender.sejus.df.gov.br\/index.php?rest_route=%2Fwp%2Fv2%2Fmedia&parent=1248"}],"wp:term":[{"taxonomy":"category","embeddable":true,"href":"https:\/\/aprender.sejus.df.gov.br\/index.php?rest_route=%2Fwp%2Fv2%2Fcategories&post=1248"},{"taxonomy":"post_tag","embeddable":true,"href":"https:\/\/aprender.sejus.df.gov.br\/index.php?rest_route=%2Fwp%2Fv2%2Ftags&post=1248"}],"curies":[{"name":"wp","href":"https:\/\/api.w.org\/{rel}","templated":true}]}}