{"id":1259,"date":"2022-05-20T13:22:02","date_gmt":"2022-05-20T16:22:02","guid":{"rendered":"https:\/\/aprender.sejus.df.gov.br\/?p=1259"},"modified":"2022-06-03T10:54:52","modified_gmt":"2022-06-03T13:54:52","slug":"atendimento-inicial-no-socioeducativo","status":"publish","type":"post","link":"https:\/\/aprender.sejus.df.gov.br\/?p=1259","title":{"rendered":"Atendimento inicial no socioeducativo"},"content":{"rendered":"\n<p>Garantir um <strong>atendimento inicial qualificado a adolescente a quem se atribua a pr\u00e1tica de ato infracional <\/strong>\u00e9 um momento decisivo n\u00e3o apenas para o futuro dessas jovens e desses jovens , mas para o avan\u00e7o de uma sociedade cidad\u00e3, inclusiva e segura para todos. Esse \u00e9 o tema de <strong>forma\u00e7\u00e3o promovida pelo CNJ entre 25 e 27 de maio<\/strong>, transmitida ao vivo pelo canal no YouTube e certificada pelo Ceajud &#8211; n\u00e3o h\u00e1 necessidade de inscri\u00e7\u00e3o pr\u00e9via.<\/p>\n\n\n\n<p>Al\u00e9m de tr\u00eas dias de programa\u00e7\u00e3o com destaque para fluxos de atendimento, articula\u00e7\u00e3o intersetorial e preven\u00e7\u00e3o \u00e0 tortura, o evento marcar\u00e1 o <strong>lan\u00e7amento do Manual da Recomenda\u00e7\u00e3o CNJ n\u00ba 87\/2021<\/strong>. O objetivo da publica\u00e7\u00e3o \u00e9 incentivar que o Artigo 88 do Estatuto da Crian\u00e7a e do Adolescente seja realidade em todo o pa\u00eds.<\/p>\n\n\n\n<p>A a\u00e7\u00e3o integra as atividades do programa Fazendo Justi\u00e7a, coordenado pelo CNJ em parceria com o @pnud_brasil para incidir em desafios no campo da priva\u00e7\u00e3o de liberdade.<\/p>\n","protected":false},"excerpt":{"rendered":"<p>Garantir um atendimento inicial qualificado a adolescente a quem se atribua a pr\u00e1tica de ato infracional \u00e9 um momento decisivo n\u00e3o apenas para o futuro dessas jovens e desses jovens , mas para o avan\u00e7o de uma sociedade cidad\u00e3, inclusiva e segura para todos. Esse \u00e9 o tema de forma\u00e7\u00e3o promovida pelo CNJ entre 25 [&hellip;]<\/p>\n","protected":false},"author":14,"featured_media":1260,"comment_status":"open","ping_status":"open","sticky":false,"template":"","format":"standard","meta":[],"categories":[88],"tags":[16],"yoast_head":"<!-- This site is optimized with the Yoast SEO plugin v19.7.1 - https:\/\/yoast.com\/wordpress\/plugins\/seo\/ -->\n<title>Atendimento inicial no socioeducativo - Aprender SEJUS<\/title>\n<meta name=\"robots\" content=\"index, follow, max-snippet:-1, max-image-preview:large, max-video-preview:-1\" \/>\n<link rel=\"canonical\" href=\"https:\/\/aprender.sejus.df.gov.br\/?p=1259\" \/>\n<meta property=\"og:locale\" content=\"pt_BR\" \/>\n<meta property=\"og:type\" content=\"article\" \/>\n<meta property=\"og:title\" content=\"Atendimento inicial no socioeducativo - Aprender SEJUS\" \/>\n<meta property=\"og:description\" content=\"Garantir um atendimento inicial qualificado a adolescente a quem se atribua a pr\u00e1tica de ato infracional \u00e9 um momento decisivo n\u00e3o apenas para o futuro dessas jovens e desses jovens , mas para o avan\u00e7o de uma sociedade cidad\u00e3, inclusiva e segura para todos. Esse \u00e9 o tema de forma\u00e7\u00e3o promovida pelo CNJ entre 25 [&hellip;]\" \/>\n<meta property=\"og:url\" content=\"https:\/\/aprender.sejus.df.gov.br\/?p=1259\" \/>\n<meta property=\"og:site_name\" content=\"Aprender SEJUS\" \/>\n<meta property=\"article:published_time\" content=\"2022-05-20T16:22:02+00:00\" \/>\n<meta property=\"article:modified_time\" content=\"2022-06-03T13:54:52+00:00\" \/>\n<meta property=\"og:image\" content=\"https:\/\/aprender.sejus.df.gov.br\/wp-content\/uploads\/2022\/05\/WhatsApp-Image-2022-05-19-at-11.29.15.jpeg\" \/>\n\t<meta property=\"og:image:width\" content=\"1080\" \/>\n\t<meta property=\"og:image:height\" content=\"1080\" \/>\n\t<meta property=\"og:image:type\" content=\"image\/jpeg\" \/>\n<meta name=\"author\" content=\"Murilo Rezende\" \/>\n<meta name=\"twitter:card\" content=\"summary_large_image\" \/>\n<meta name=\"twitter:label1\" content=\"Written by\" \/>\n\t<meta name=\"twitter:data1\" content=\"Murilo Rezende\" \/>\n\t<meta name=\"twitter:label2\" content=\"Est. reading time\" \/>\n\t<meta name=\"twitter:data2\" content=\"1 minuto\" \/>\n<script type=\"application\/ld+json\" class=\"yoast-schema-graph\">{\"@context\":\"https:\/\/schema.org\",\"@graph\":[{\"@type\":\"WebPage\",\"@id\":\"https:\/\/aprender.sejus.df.gov.br\/?p=1259\",\"url\":\"https:\/\/aprender.sejus.df.gov.br\/?p=1259\",\"name\":\"Atendimento inicial no socioeducativo - Aprender SEJUS\",\"isPartOf\":{\"@id\":\"http:\/\/aprender.sejus.df.gov.br\/#website\"},\"datePublished\":\"2022-05-20T16:22:02+00:00\",\"dateModified\":\"2022-06-03T13:54:52+00:00\",\"author\":{\"@id\":\"http:\/\/aprender.sejus.df.gov.br\/#\/schema\/person\/03c456df455b780a4fbd9eb699085be6\"},\"breadcrumb\":{\"@id\":\"https:\/\/aprender.sejus.df.gov.br\/?p=1259#breadcrumb\"},\"inLanguage\":\"pt-BR\",\"potentialAction\":[{\"@type\":\"ReadAction\",\"target\":[\"https:\/\/aprender.sejus.df.gov.br\/?p=1259\"]}]},{\"@type\":\"BreadcrumbList\",\"@id\":\"https:\/\/aprender.sejus.df.gov.br\/?p=1259#breadcrumb\",\"itemListElement\":[{\"@type\":\"ListItem\",\"position\":1,\"name\":\"Home\",\"item\":\"https:\/\/aprender.sejus.df.gov.br\/\"},{\"@type\":\"ListItem\",\"position\":2,\"name\":\"Atendimento inicial no socioeducativo\"}]},{\"@type\":\"WebSite\",\"@id\":\"http:\/\/aprender.sejus.df.gov.br\/#website\",\"url\":\"http:\/\/aprender.sejus.df.gov.br\/\",\"name\":\"Aprender SEJUS\",\"description\":\"\",\"potentialAction\":[{\"@type\":\"SearchAction\",\"target\":{\"@type\":\"EntryPoint\",\"urlTemplate\":\"http:\/\/aprender.sejus.df.gov.br\/?s={search_term_string}\"},\"query-input\":\"required name=search_term_string\"}],\"inLanguage\":\"pt-BR\"},{\"@type\":\"Person\",\"@id\":\"http:\/\/aprender.sejus.df.gov.br\/#\/schema\/person\/03c456df455b780a4fbd9eb699085be6\",\"name\":\"Murilo Rezende\",\"image\":{\"@type\":\"ImageObject\",\"inLanguage\":\"pt-BR\",\"@id\":\"http:\/\/aprender.sejus.df.gov.br\/#\/schema\/person\/image\/\",\"url\":\"https:\/\/secure.gravatar.com\/avatar\/cc0328c52601b892580920256b8c0b9b?s=96&d=mm&r=g\",\"contentUrl\":\"https:\/\/secure.gravatar.com\/avatar\/cc0328c52601b892580920256b8c0b9b?s=96&d=mm&r=g\",\"caption\":\"Murilo Rezende\"},\"url\":\"https:\/\/aprender.sejus.df.gov.br\/?author=14\"}]}<\/script>\n<!-- \/ Yoast SEO plugin. -->","yoast_head_json":{"title":"Atendimento inicial no socioeducativo - Aprender SEJUS","robots":{"index":"index","follow":"follow","max-snippet":"max-snippet:-1","max-image-preview":"max-image-preview:large","max-video-preview":"max-video-preview:-1"},"canonical":"https:\/\/aprender.sejus.df.gov.br\/?p=1259","og_locale":"pt_BR","og_type":"article","og_title":"Atendimento inicial no socioeducativo - Aprender SEJUS","og_description":"Garantir um atendimento inicial qualificado a adolescente a quem se atribua a pr\u00e1tica de ato infracional \u00e9 um momento decisivo n\u00e3o apenas para o futuro dessas jovens e desses jovens , mas para o avan\u00e7o de uma sociedade cidad\u00e3, inclusiva e segura para todos. Esse \u00e9 o tema de forma\u00e7\u00e3o promovida pelo CNJ entre 25 [&hellip;]","og_url":"https:\/\/aprender.sejus.df.gov.br\/?p=1259","og_site_name":"Aprender SEJUS","article_published_time":"2022-05-20T16:22:02+00:00","article_modified_time":"2022-06-03T13:54:52+00:00","og_image":[{"width":1080,"height":1080,"url":"https:\/\/aprender.sejus.df.gov.br\/wp-content\/uploads\/2022\/05\/WhatsApp-Image-2022-05-19-at-11.29.15.jpeg","type":"image\/jpeg"}],"author":"Murilo Rezende","twitter_card":"summary_large_image","twitter_misc":{"Written by":"Murilo Rezende","Est. reading time":"1 minuto"},"schema":{"@context":"https:\/\/schema.org","@graph":[{"@type":"WebPage","@id":"https:\/\/aprender.sejus.df.gov.br\/?p=1259","url":"https:\/\/aprender.sejus.df.gov.br\/?p=1259","name":"Atendimento inicial no socioeducativo - Aprender SEJUS","isPartOf":{"@id":"http:\/\/aprender.sejus.df.gov.br\/#website"},"datePublished":"2022-05-20T16:22:02+00:00","dateModified":"2022-06-03T13:54:52+00:00","author":{"@id":"http:\/\/aprender.sejus.df.gov.br\/#\/schema\/person\/03c456df455b780a4fbd9eb699085be6"},"breadcrumb":{"@id":"https:\/\/aprender.sejus.df.gov.br\/?p=1259#breadcrumb"},"inLanguage":"pt-BR","potentialAction":[{"@type":"ReadAction","target":["https:\/\/aprender.sejus.df.gov.br\/?p=1259"]}]},{"@type":"BreadcrumbList","@id":"https:\/\/aprender.sejus.df.gov.br\/?p=1259#breadcrumb","itemListElement":[{"@type":"ListItem","position":1,"name":"Home","item":"https:\/\/aprender.sejus.df.gov.br\/"},{"@type":"ListItem","position":2,"name":"Atendimento inicial no socioeducativo"}]},{"@type":"WebSite","@id":"http:\/\/aprender.sejus.df.gov.br\/#website","url":"http:\/\/aprender.sejus.df.gov.br\/","name":"Aprender SEJUS","description":"","potentialAction":[{"@type":"SearchAction","target":{"@type":"EntryPoint","urlTemplate":"http:\/\/aprender.sejus.df.gov.br\/?s={search_term_string}"},"query-input":"required name=search_term_string"}],"inLanguage":"pt-BR"},{"@type":"Person","@id":"http:\/\/aprender.sejus.df.gov.br\/#\/schema\/person\/03c456df455b780a4fbd9eb699085be6","name":"Murilo Rezende","image":{"@type":"ImageObject","inLanguage":"pt-BR","@id":"http:\/\/aprender.sejus.df.gov.br\/#\/schema\/person\/image\/","url":"https:\/\/secure.gravatar.com\/avatar\/cc0328c52601b892580920256b8c0b9b?s=96&d=mm&r=g","contentUrl":"https:\/\/secure.gravatar.com\/avatar\/cc0328c52601b892580920256b8c0b9b?s=96&d=mm&r=g","caption":"Murilo Rezende"},"url":"https:\/\/aprender.sejus.df.gov.br\/?author=14"}]}},"_links":{"self":[{"href":"https:\/\/aprender.sejus.df.gov.br\/index.php?rest_route=\/wp\/v2\/posts\/1259"}],"collection":[{"href":"https:\/\/aprender.sejus.df.gov.br\/index.php?rest_route=\/wp\/v2\/posts"}],"about":[{"href":"https:\/\/aprender.sejus.df.gov.br\/index.php?rest_route=\/wp\/v2\/types\/post"}],"author":[{"embeddable":true,"href":"https:\/\/aprender.sejus.df.gov.br\/index.php?rest_route=\/wp\/v2\/users\/14"}],"replies":[{"embeddable":true,"href":"https:\/\/aprender.sejus.df.gov.br\/index.php?rest_route=%2Fwp%2Fv2%2Fcomments&post=1259"}],"version-history":[{"count":1,"href":"https:\/\/aprender.sejus.df.gov.br\/index.php?rest_route=\/wp\/v2\/posts\/1259\/revisions"}],"predecessor-version":[{"id":1261,"href":"https:\/\/aprender.sejus.df.gov.br\/index.php?rest_route=\/wp\/v2\/posts\/1259\/revisions\/1261"}],"wp:featuredmedia":[{"embeddable":true,"href":"https:\/\/aprender.sejus.df.gov.br\/index.php?rest_route=\/wp\/v2\/media\/1260"}],"wp:attachment":[{"href":"https:\/\/aprender.sejus.df.gov.br\/index.php?rest_route=%2Fwp%2Fv2%2Fmedia&parent=1259"}],"wp:term":[{"taxonomy":"category","embeddable":true,"href":"https:\/\/aprender.sejus.df.gov.br\/index.php?rest_route=%2Fwp%2Fv2%2Fcategories&post=1259"},{"taxonomy":"post_tag","embeddable":true,"href":"https:\/\/aprender.sejus.df.gov.br\/index.php?rest_route=%2Fwp%2Fv2%2Ftags&post=1259"}],"curies":[{"name":"wp","href":"https:\/\/api.w.org\/{rel}","templated":true}]}}