{"id":1266,"date":"2022-06-03T11:16:52","date_gmt":"2022-06-03T14:16:52","guid":{"rendered":"https:\/\/aprender.sejus.df.gov.br\/?p=1266"},"modified":"2022-06-23T09:23:26","modified_gmt":"2022-06-23T12:23:26","slug":"curso-de-escolta-contencao-e-isolamento-de-crises","status":"publish","type":"post","link":"https:\/\/aprender.sejus.df.gov.br\/?p=1266","title":{"rendered":"Curso de Escolta, Conten\u00e7\u00e3o e Isolamento de Crises"},"content":{"rendered":"\n<p class=\"has-text-align-left\">O 6\u00ba Curso de Escolta, Conten\u00e7\u00e3o e Isolamento de Crises em Unidades de Interna\u00e7\u00e3o do Sistema Socioeducativo do Distrito Federal \u00e9 uma iniciativa de forma\u00e7\u00e3o continuada orientada ao aprimoramento e aperfei\u00e7oamento da atua\u00e7\u00e3o profissional dos servidores do Sistema Socioeducativo do Distrito Federal e outros estados no que tange a realiza\u00e7\u00e3o de escolta e acompanhamento de adolescentes e jovens, bem como, em casos excepcionais, atuarem na conten\u00e7\u00e3o, controle e isolamento de crises em unidades socioeducativas. Acesse o edital completo em: &lt;<a rel=\"noreferrer noopener\" href=\"https:\/\/drive.google.com\/file\/d\/1Sl-AZX6UwrSsr_z8PuNWE3wCLU3mejG_\/view?usp=sharing\" target=\"_blank\" data-type=\"URL\" data-id=\"https:\/\/drive.google.com\/file\/d\/1Sl-AZX6UwrSsr_z8PuNWE3wCLU3mejG_\/view?usp=sharing\">edital DISSTAE<\/a>&gt;. Inscri\u00e7\u00f5es de 13\/06\/2022 a 17\/06\/2022.<\/p>\n","protected":false},"excerpt":{"rendered":"<p>O 6\u00ba Curso de Escolta, Conten\u00e7\u00e3o e Isolamento de Crises em Unidades de Interna\u00e7\u00e3o do Sistema Socioeducativo do Distrito Federal \u00e9 uma iniciativa de forma\u00e7\u00e3o continuada orientada ao aprimoramento e aperfei\u00e7oamento da atua\u00e7\u00e3o profissional dos servidores do Sistema Socioeducativo do Distrito Federal e outros estados no que tange a realiza\u00e7\u00e3o de escolta e acompanhamento de [&hellip;]<\/p>\n","protected":false},"author":14,"featured_media":1274,"comment_status":"open","ping_status":"open","sticky":false,"template":"","format":"standard","meta":[],"categories":[53],"tags":[17],"yoast_head":"<!-- This site is optimized with the Yoast SEO plugin v19.7.1 - https:\/\/yoast.com\/wordpress\/plugins\/seo\/ -->\n<title>Curso de Escolta, Conten\u00e7\u00e3o e Isolamento de Crises - Aprender SEJUS<\/title>\n<meta name=\"robots\" content=\"index, follow, max-snippet:-1, max-image-preview:large, max-video-preview:-1\" \/>\n<link rel=\"canonical\" href=\"https:\/\/aprender.sejus.df.gov.br\/?p=1266\" \/>\n<meta property=\"og:locale\" content=\"pt_BR\" \/>\n<meta property=\"og:type\" content=\"article\" \/>\n<meta property=\"og:title\" content=\"Curso de Escolta, Conten\u00e7\u00e3o e Isolamento de Crises - Aprender SEJUS\" \/>\n<meta property=\"og:description\" content=\"O 6\u00ba Curso de Escolta, Conten\u00e7\u00e3o e Isolamento de Crises em Unidades de Interna\u00e7\u00e3o do Sistema Socioeducativo do Distrito Federal \u00e9 uma iniciativa de forma\u00e7\u00e3o continuada orientada ao aprimoramento e aperfei\u00e7oamento da atua\u00e7\u00e3o profissional dos servidores do Sistema Socioeducativo do Distrito Federal e outros estados no que tange a realiza\u00e7\u00e3o de escolta e acompanhamento de [&hellip;]\" \/>\n<meta property=\"og:url\" content=\"https:\/\/aprender.sejus.df.gov.br\/?p=1266\" \/>\n<meta property=\"og:site_name\" content=\"Aprender SEJUS\" \/>\n<meta property=\"article:published_time\" content=\"2022-06-03T14:16:52+00:00\" \/>\n<meta property=\"article:modified_time\" content=\"2022-06-23T12:23:26+00:00\" \/>\n<meta property=\"og:image\" content=\"https:\/\/aprender.sejus.df.gov.br\/wp-content\/uploads\/2022\/06\/Screen-Shot-2022-06-03-at-11.40.45-1024x777.png\" \/>\n\t<meta property=\"og:image:width\" content=\"1024\" \/>\n\t<meta property=\"og:image:height\" content=\"777\" \/>\n\t<meta property=\"og:image:type\" content=\"image\/png\" \/>\n<meta name=\"author\" content=\"Murilo Rezende\" \/>\n<meta name=\"twitter:card\" content=\"summary_large_image\" \/>\n<meta name=\"twitter:label1\" content=\"Written by\" \/>\n\t<meta name=\"twitter:data1\" content=\"Murilo Rezende\" \/>\n<script type=\"application\/ld+json\" class=\"yoast-schema-graph\">{\"@context\":\"https:\/\/schema.org\",\"@graph\":[{\"@type\":\"WebPage\",\"@id\":\"https:\/\/aprender.sejus.df.gov.br\/?p=1266\",\"url\":\"https:\/\/aprender.sejus.df.gov.br\/?p=1266\",\"name\":\"Curso de Escolta, Conten\u00e7\u00e3o e Isolamento de Crises - Aprender SEJUS\",\"isPartOf\":{\"@id\":\"http:\/\/aprender.sejus.df.gov.br\/#website\"},\"datePublished\":\"2022-06-03T14:16:52+00:00\",\"dateModified\":\"2022-06-23T12:23:26+00:00\",\"author\":{\"@id\":\"http:\/\/aprender.sejus.df.gov.br\/#\/schema\/person\/03c456df455b780a4fbd9eb699085be6\"},\"breadcrumb\":{\"@id\":\"https:\/\/aprender.sejus.df.gov.br\/?p=1266#breadcrumb\"},\"inLanguage\":\"pt-BR\",\"potentialAction\":[{\"@type\":\"ReadAction\",\"target\":[\"https:\/\/aprender.sejus.df.gov.br\/?p=1266\"]}]},{\"@type\":\"BreadcrumbList\",\"@id\":\"https:\/\/aprender.sejus.df.gov.br\/?p=1266#breadcrumb\",\"itemListElement\":[{\"@type\":\"ListItem\",\"position\":1,\"name\":\"Home\",\"item\":\"https:\/\/aprender.sejus.df.gov.br\/\"},{\"@type\":\"ListItem\",\"position\":2,\"name\":\"Curso de Escolta, Conten\u00e7\u00e3o e Isolamento de Crises\"}]},{\"@type\":\"WebSite\",\"@id\":\"http:\/\/aprender.sejus.df.gov.br\/#website\",\"url\":\"http:\/\/aprender.sejus.df.gov.br\/\",\"name\":\"Aprender SEJUS\",\"description\":\"\",\"potentialAction\":[{\"@type\":\"SearchAction\",\"target\":{\"@type\":\"EntryPoint\",\"urlTemplate\":\"http:\/\/aprender.sejus.df.gov.br\/?s={search_term_string}\"},\"query-input\":\"required name=search_term_string\"}],\"inLanguage\":\"pt-BR\"},{\"@type\":\"Person\",\"@id\":\"http:\/\/aprender.sejus.df.gov.br\/#\/schema\/person\/03c456df455b780a4fbd9eb699085be6\",\"name\":\"Murilo Rezende\",\"image\":{\"@type\":\"ImageObject\",\"inLanguage\":\"pt-BR\",\"@id\":\"http:\/\/aprender.sejus.df.gov.br\/#\/schema\/person\/image\/\",\"url\":\"https:\/\/secure.gravatar.com\/avatar\/cc0328c52601b892580920256b8c0b9b?s=96&d=mm&r=g\",\"contentUrl\":\"https:\/\/secure.gravatar.com\/avatar\/cc0328c52601b892580920256b8c0b9b?s=96&d=mm&r=g\",\"caption\":\"Murilo Rezende\"},\"url\":\"https:\/\/aprender.sejus.df.gov.br\/?author=14\"}]}<\/script>\n<!-- \/ Yoast SEO plugin. -->","yoast_head_json":{"title":"Curso de Escolta, Conten\u00e7\u00e3o e Isolamento de Crises - Aprender SEJUS","robots":{"index":"index","follow":"follow","max-snippet":"max-snippet:-1","max-image-preview":"max-image-preview:large","max-video-preview":"max-video-preview:-1"},"canonical":"https:\/\/aprender.sejus.df.gov.br\/?p=1266","og_locale":"pt_BR","og_type":"article","og_title":"Curso de Escolta, Conten\u00e7\u00e3o e Isolamento de Crises - Aprender SEJUS","og_description":"O 6\u00ba Curso de Escolta, Conten\u00e7\u00e3o e Isolamento de Crises em Unidades de Interna\u00e7\u00e3o do Sistema Socioeducativo do Distrito Federal \u00e9 uma iniciativa de forma\u00e7\u00e3o continuada orientada ao aprimoramento e aperfei\u00e7oamento da atua\u00e7\u00e3o profissional dos servidores do Sistema Socioeducativo do Distrito Federal e outros estados no que tange a realiza\u00e7\u00e3o de escolta e acompanhamento de [&hellip;]","og_url":"https:\/\/aprender.sejus.df.gov.br\/?p=1266","og_site_name":"Aprender SEJUS","article_published_time":"2022-06-03T14:16:52+00:00","article_modified_time":"2022-06-23T12:23:26+00:00","og_image":[{"width":1024,"height":777,"url":"https:\/\/aprender.sejus.df.gov.br\/wp-content\/uploads\/2022\/06\/Screen-Shot-2022-06-03-at-11.40.45-1024x777.png","type":"image\/png"}],"author":"Murilo Rezende","twitter_card":"summary_large_image","twitter_misc":{"Written by":"Murilo Rezende"},"schema":{"@context":"https:\/\/schema.org","@graph":[{"@type":"WebPage","@id":"https:\/\/aprender.sejus.df.gov.br\/?p=1266","url":"https:\/\/aprender.sejus.df.gov.br\/?p=1266","name":"Curso de Escolta, Conten\u00e7\u00e3o e Isolamento de Crises - Aprender SEJUS","isPartOf":{"@id":"http:\/\/aprender.sejus.df.gov.br\/#website"},"datePublished":"2022-06-03T14:16:52+00:00","dateModified":"2022-06-23T12:23:26+00:00","author":{"@id":"http:\/\/aprender.sejus.df.gov.br\/#\/schema\/person\/03c456df455b780a4fbd9eb699085be6"},"breadcrumb":{"@id":"https:\/\/aprender.sejus.df.gov.br\/?p=1266#breadcrumb"},"inLanguage":"pt-BR","potentialAction":[{"@type":"ReadAction","target":["https:\/\/aprender.sejus.df.gov.br\/?p=1266"]}]},{"@type":"BreadcrumbList","@id":"https:\/\/aprender.sejus.df.gov.br\/?p=1266#breadcrumb","itemListElement":[{"@type":"ListItem","position":1,"name":"Home","item":"https:\/\/aprender.sejus.df.gov.br\/"},{"@type":"ListItem","position":2,"name":"Curso de Escolta, Conten\u00e7\u00e3o e Isolamento de Crises"}]},{"@type":"WebSite","@id":"http:\/\/aprender.sejus.df.gov.br\/#website","url":"http:\/\/aprender.sejus.df.gov.br\/","name":"Aprender SEJUS","description":"","potentialAction":[{"@type":"SearchAction","target":{"@type":"EntryPoint","urlTemplate":"http:\/\/aprender.sejus.df.gov.br\/?s={search_term_string}"},"query-input":"required name=search_term_string"}],"inLanguage":"pt-BR"},{"@type":"Person","@id":"http:\/\/aprender.sejus.df.gov.br\/#\/schema\/person\/03c456df455b780a4fbd9eb699085be6","name":"Murilo Rezende","image":{"@type":"ImageObject","inLanguage":"pt-BR","@id":"http:\/\/aprender.sejus.df.gov.br\/#\/schema\/person\/image\/","url":"https:\/\/secure.gravatar.com\/avatar\/cc0328c52601b892580920256b8c0b9b?s=96&d=mm&r=g","contentUrl":"https:\/\/secure.gravatar.com\/avatar\/cc0328c52601b892580920256b8c0b9b?s=96&d=mm&r=g","caption":"Murilo Rezende"},"url":"https:\/\/aprender.sejus.df.gov.br\/?author=14"}]}},"_links":{"self":[{"href":"https:\/\/aprender.sejus.df.gov.br\/index.php?rest_route=\/wp\/v2\/posts\/1266"}],"collection":[{"href":"https:\/\/aprender.sejus.df.gov.br\/index.php?rest_route=\/wp\/v2\/posts"}],"about":[{"href":"https:\/\/aprender.sejus.df.gov.br\/index.php?rest_route=\/wp\/v2\/types\/post"}],"author":[{"embeddable":true,"href":"https:\/\/aprender.sejus.df.gov.br\/index.php?rest_route=\/wp\/v2\/users\/14"}],"replies":[{"embeddable":true,"href":"https:\/\/aprender.sejus.df.gov.br\/index.php?rest_route=%2Fwp%2Fv2%2Fcomments&post=1266"}],"version-history":[{"count":8,"href":"https:\/\/aprender.sejus.df.gov.br\/index.php?rest_route=\/wp\/v2\/posts\/1266\/revisions"}],"predecessor-version":[{"id":1302,"href":"https:\/\/aprender.sejus.df.gov.br\/index.php?rest_route=\/wp\/v2\/posts\/1266\/revisions\/1302"}],"wp:featuredmedia":[{"embeddable":true,"href":"https:\/\/aprender.sejus.df.gov.br\/index.php?rest_route=\/wp\/v2\/media\/1274"}],"wp:attachment":[{"href":"https:\/\/aprender.sejus.df.gov.br\/index.php?rest_route=%2Fwp%2Fv2%2Fmedia&parent=1266"}],"wp:term":[{"taxonomy":"category","embeddable":true,"href":"https:\/\/aprender.sejus.df.gov.br\/index.php?rest_route=%2Fwp%2Fv2%2Fcategories&post=1266"},{"taxonomy":"post_tag","embeddable":true,"href":"https:\/\/aprender.sejus.df.gov.br\/index.php?rest_route=%2Fwp%2Fv2%2Ftags&post=1266"}],"curies":[{"name":"wp","href":"https:\/\/api.w.org\/{rel}","templated":true}]}}