{"id":1295,"date":"2022-06-09T17:12:07","date_gmt":"2022-06-09T20:12:07","guid":{"rendered":"http:\/\/aprender.sejus.df.gov.br\/?p=1295"},"modified":"2022-06-09T18:18:27","modified_gmt":"2022-06-09T21:18:27","slug":"necessidades-de-aprendizagem-no-trabalho-relacoes-com-variaveis","status":"publish","type":"post","link":"https:\/\/aprender.sejus.df.gov.br\/?p=1295","title":{"rendered":"NECESSIDADES DE APRENDIZAGEM NO TRABALHO: RELA\u00c7\u00d5ES COM VARI\u00c1VEIS DO INDIV\u00cdDUO E DO CONTEXTO"},"content":{"rendered":"\n<p><\/p>\n\n\n\n<p>Investigou-se a predi\u00e7\u00e3o de necessidades de aprendizagem, por caracter\u00edsticas individuais e<br>contextuais. A pesquisa teve um desenho transversal e foi realizada em uma organiza\u00e7\u00e3o<br>p\u00fablica do Distrito Federal. Compet\u00eancias foram identificadas, com o uso do m\u00e9todo Delphi,<br>e constitu\u00edram itens de uma medida de autoavalia\u00e7\u00e3o daquelas necessidades. As<br>caracter\u00edsticas individuais coletadas foram idade, escolaridade, tempo de servi\u00e7o, prefer\u00eancia<br>por aprendizagem formal e informal, e participa\u00e7\u00e3o em treinamento nos \u00faltimos dois anos. As<br>medidas relativas ao contexto foram lota\u00e7\u00e3o, cargos efetivo e comissionado, responsabilidade<br>por gest\u00e3o, e desenho do trabalho (Interdepend\u00eancia, Autonomia, Significado da tarefa e<br>Habilidades variadas). Evid\u00eancias de validade foram obtidas para a medida de necessidades<br>de aprendizagem e confirmadas para desenho do trabalho. A an\u00e1lise da medida de<br>necessidades de aprendizagem sugeriu uma solu\u00e7\u00e3o de dois fatores: 1 &#8211; compet\u00eancias<br>transversais e institucionais e 2 &#8211; compet\u00eancias gerenciais. An\u00e1lises de regress\u00e3o m\u00faltipla<br>sugeriram que o fator 1 \u00e9 predito por Escolaridade, Tempo de servi\u00e7o, Cargo efetivo,<br>Autonomia e Significado da tarefa e que o fator 2 \u00e9 predito por Lota\u00e7\u00e3o, Cargo comissionado<br>e Significado da tarefa. A prefer\u00eancia por aprendizagem informal moderou as rela\u00e7\u00f5es entre o<br>fator 1 e Escolaridade e entre o fator 2 e Cargo comissionado. Ofereceram-se contribui\u00e7\u00f5es<br>te\u00f3ricas &#8211; relativas \u00e0s mencionadas predi\u00e7\u00f5es e modera\u00e7\u00f5es; metodol\u00f3gicas &#8211;<br>desenvolvimento de um m\u00e9todo para avaliar necessidades de aprendizagem no trabalho; e<br>pr\u00e1ticas &#8211; subs\u00eddios para decis\u00f5es sobre a aplica\u00e7\u00e3o de recursos visando \u00e0 melhoria na<br>qualidade da presta\u00e7\u00e3o de servi\u00e7os p\u00fablicos.<\/p>\n\n\n\n<p><\/p>\n\n\n\n<p>Palavras-chave: necessidades de aprendizagem, compet\u00eancias, desenho do trabalho,<br>treinamento e desenvolvimento, aprendizagens formal e informal<\/p>\n\n\n\n<div class=\"wp-container-1 wp-block-buttons\">\n<div class=\"wp-block-button\"><a class=\"wp-block-button__link has-white-color has-vivid-cyan-blue-background-color has-text-color has-background\" href=\"https:\/\/repositorio.unb.br\/bitstream\/10482\/43084\/1\/2021_AlinePinho.pdf\">Baixar Trabalho<\/a><\/div>\n<\/div>\n","protected":false},"excerpt":{"rendered":"<p>Investigou-se a predi\u00e7\u00e3o de necessidades de aprendizagem, por caracter\u00edsticas individuais econtextuais. A pesquisa teve um desenho transversal e foi realizada em uma organiza\u00e7\u00e3op\u00fablica do Distrito Federal. Compet\u00eancias foram identificadas, com o uso do m\u00e9todo Delphi,e constitu\u00edram itens de uma medida de autoavalia\u00e7\u00e3o daquelas necessidades. Ascaracter\u00edsticas individuais coletadas foram idade, escolaridade, tempo de servi\u00e7o, prefer\u00eanciapor aprendizagem [&hellip;]<\/p>\n","protected":false},"author":3,"featured_media":0,"comment_status":"open","ping_status":"open","sticky":false,"template":"","format":"standard","meta":[],"categories":[11],"tags":[92],"yoast_head":"<!-- This site is optimized with the Yoast SEO plugin v19.7.1 - https:\/\/yoast.com\/wordpress\/plugins\/seo\/ -->\n<title>NECESSIDADES DE APRENDIZAGEM NO TRABALHO: RELA\u00c7\u00d5ES COM VARI\u00c1VEIS DO INDIV\u00cdDUO E DO CONTEXTO - Aprender SEJUS<\/title>\n<meta name=\"robots\" content=\"index, follow, max-snippet:-1, max-image-preview:large, max-video-preview:-1\" \/>\n<link rel=\"canonical\" href=\"http:\/\/aprender.sejus.df.gov.br\/?p=1295\" \/>\n<meta property=\"og:locale\" content=\"pt_BR\" \/>\n<meta property=\"og:type\" content=\"article\" \/>\n<meta property=\"og:title\" content=\"NECESSIDADES DE APRENDIZAGEM NO TRABALHO: RELA\u00c7\u00d5ES COM VARI\u00c1VEIS DO INDIV\u00cdDUO E DO CONTEXTO - Aprender SEJUS\" \/>\n<meta property=\"og:description\" content=\"Investigou-se a predi\u00e7\u00e3o de necessidades de aprendizagem, por caracter\u00edsticas individuais econtextuais. A pesquisa teve um desenho transversal e foi realizada em uma organiza\u00e7\u00e3op\u00fablica do Distrito Federal. Compet\u00eancias foram identificadas, com o uso do m\u00e9todo Delphi,e constitu\u00edram itens de uma medida de autoavalia\u00e7\u00e3o daquelas necessidades. Ascaracter\u00edsticas individuais coletadas foram idade, escolaridade, tempo de servi\u00e7o, prefer\u00eanciapor aprendizagem [&hellip;]\" \/>\n<meta property=\"og:url\" content=\"http:\/\/aprender.sejus.df.gov.br\/?p=1295\" \/>\n<meta property=\"og:site_name\" content=\"Aprender SEJUS\" \/>\n<meta property=\"article:published_time\" content=\"2022-06-09T20:12:07+00:00\" \/>\n<meta property=\"article:modified_time\" content=\"2022-06-09T21:18:27+00:00\" \/>\n<meta name=\"author\" content=\"GECAP\" \/>\n<meta name=\"twitter:card\" content=\"summary_large_image\" \/>\n<meta name=\"twitter:label1\" content=\"Written by\" \/>\n\t<meta name=\"twitter:data1\" content=\"GECAP\" \/>\n\t<meta name=\"twitter:label2\" content=\"Est. reading time\" \/>\n\t<meta name=\"twitter:data2\" content=\"1 minuto\" \/>\n<script type=\"application\/ld+json\" class=\"yoast-schema-graph\">{\"@context\":\"https:\/\/schema.org\",\"@graph\":[{\"@type\":\"WebPage\",\"@id\":\"http:\/\/aprender.sejus.df.gov.br\/?p=1295\",\"url\":\"http:\/\/aprender.sejus.df.gov.br\/?p=1295\",\"name\":\"NECESSIDADES DE APRENDIZAGEM NO TRABALHO: RELA\u00c7\u00d5ES COM VARI\u00c1VEIS DO INDIV\u00cdDUO E DO CONTEXTO - Aprender SEJUS\",\"isPartOf\":{\"@id\":\"http:\/\/aprender.sejus.df.gov.br\/#website\"},\"datePublished\":\"2022-06-09T20:12:07+00:00\",\"dateModified\":\"2022-06-09T21:18:27+00:00\",\"author\":{\"@id\":\"http:\/\/aprender.sejus.df.gov.br\/#\/schema\/person\/6f1fb348cdf3f09e574018c52049e099\"},\"breadcrumb\":{\"@id\":\"http:\/\/aprender.sejus.df.gov.br\/?p=1295#breadcrumb\"},\"inLanguage\":\"pt-BR\",\"potentialAction\":[{\"@type\":\"ReadAction\",\"target\":[\"http:\/\/aprender.sejus.df.gov.br\/?p=1295\"]}]},{\"@type\":\"BreadcrumbList\",\"@id\":\"http:\/\/aprender.sejus.df.gov.br\/?p=1295#breadcrumb\",\"itemListElement\":[{\"@type\":\"ListItem\",\"position\":1,\"name\":\"Home\",\"item\":\"https:\/\/aprender.sejus.df.gov.br\/\"},{\"@type\":\"ListItem\",\"position\":2,\"name\":\"NECESSIDADES DE APRENDIZAGEM NO TRABALHO: RELA\u00c7\u00d5ES COM VARI\u00c1VEIS DO INDIV\u00cdDUO E DO CONTEXTO\"}]},{\"@type\":\"WebSite\",\"@id\":\"http:\/\/aprender.sejus.df.gov.br\/#website\",\"url\":\"http:\/\/aprender.sejus.df.gov.br\/\",\"name\":\"Aprender SEJUS\",\"description\":\"\",\"potentialAction\":[{\"@type\":\"SearchAction\",\"target\":{\"@type\":\"EntryPoint\",\"urlTemplate\":\"http:\/\/aprender.sejus.df.gov.br\/?s={search_term_string}\"},\"query-input\":\"required name=search_term_string\"}],\"inLanguage\":\"pt-BR\"},{\"@type\":\"Person\",\"@id\":\"http:\/\/aprender.sejus.df.gov.br\/#\/schema\/person\/6f1fb348cdf3f09e574018c52049e099\",\"name\":\"GECAP\",\"image\":{\"@type\":\"ImageObject\",\"inLanguage\":\"pt-BR\",\"@id\":\"http:\/\/aprender.sejus.df.gov.br\/#\/schema\/person\/image\/\",\"url\":\"https:\/\/secure.gravatar.com\/avatar\/eecf129a3b1190de678b5690e42de394?s=96&d=mm&r=g\",\"contentUrl\":\"https:\/\/secure.gravatar.com\/avatar\/eecf129a3b1190de678b5690e42de394?s=96&d=mm&r=g\",\"caption\":\"GECAP\"},\"url\":\"https:\/\/aprender.sejus.df.gov.br\/?author=3\"}]}<\/script>\n<!-- \/ Yoast SEO plugin. -->","yoast_head_json":{"title":"NECESSIDADES DE APRENDIZAGEM NO TRABALHO: RELA\u00c7\u00d5ES COM VARI\u00c1VEIS DO INDIV\u00cdDUO E DO CONTEXTO - Aprender SEJUS","robots":{"index":"index","follow":"follow","max-snippet":"max-snippet:-1","max-image-preview":"max-image-preview:large","max-video-preview":"max-video-preview:-1"},"canonical":"http:\/\/aprender.sejus.df.gov.br\/?p=1295","og_locale":"pt_BR","og_type":"article","og_title":"NECESSIDADES DE APRENDIZAGEM NO TRABALHO: RELA\u00c7\u00d5ES COM VARI\u00c1VEIS DO INDIV\u00cdDUO E DO CONTEXTO - Aprender SEJUS","og_description":"Investigou-se a predi\u00e7\u00e3o de necessidades de aprendizagem, por caracter\u00edsticas individuais econtextuais. A pesquisa teve um desenho transversal e foi realizada em uma organiza\u00e7\u00e3op\u00fablica do Distrito Federal. Compet\u00eancias foram identificadas, com o uso do m\u00e9todo Delphi,e constitu\u00edram itens de uma medida de autoavalia\u00e7\u00e3o daquelas necessidades. Ascaracter\u00edsticas individuais coletadas foram idade, escolaridade, tempo de servi\u00e7o, prefer\u00eanciapor aprendizagem [&hellip;]","og_url":"http:\/\/aprender.sejus.df.gov.br\/?p=1295","og_site_name":"Aprender SEJUS","article_published_time":"2022-06-09T20:12:07+00:00","article_modified_time":"2022-06-09T21:18:27+00:00","author":"GECAP","twitter_card":"summary_large_image","twitter_misc":{"Written by":"GECAP","Est. reading time":"1 minuto"},"schema":{"@context":"https:\/\/schema.org","@graph":[{"@type":"WebPage","@id":"http:\/\/aprender.sejus.df.gov.br\/?p=1295","url":"http:\/\/aprender.sejus.df.gov.br\/?p=1295","name":"NECESSIDADES DE APRENDIZAGEM NO TRABALHO: RELA\u00c7\u00d5ES COM VARI\u00c1VEIS DO INDIV\u00cdDUO E DO CONTEXTO - Aprender SEJUS","isPartOf":{"@id":"http:\/\/aprender.sejus.df.gov.br\/#website"},"datePublished":"2022-06-09T20:12:07+00:00","dateModified":"2022-06-09T21:18:27+00:00","author":{"@id":"http:\/\/aprender.sejus.df.gov.br\/#\/schema\/person\/6f1fb348cdf3f09e574018c52049e099"},"breadcrumb":{"@id":"http:\/\/aprender.sejus.df.gov.br\/?p=1295#breadcrumb"},"inLanguage":"pt-BR","potentialAction":[{"@type":"ReadAction","target":["http:\/\/aprender.sejus.df.gov.br\/?p=1295"]}]},{"@type":"BreadcrumbList","@id":"http:\/\/aprender.sejus.df.gov.br\/?p=1295#breadcrumb","itemListElement":[{"@type":"ListItem","position":1,"name":"Home","item":"https:\/\/aprender.sejus.df.gov.br\/"},{"@type":"ListItem","position":2,"name":"NECESSIDADES DE APRENDIZAGEM NO TRABALHO: RELA\u00c7\u00d5ES COM VARI\u00c1VEIS DO INDIV\u00cdDUO E DO CONTEXTO"}]},{"@type":"WebSite","@id":"http:\/\/aprender.sejus.df.gov.br\/#website","url":"http:\/\/aprender.sejus.df.gov.br\/","name":"Aprender SEJUS","description":"","potentialAction":[{"@type":"SearchAction","target":{"@type":"EntryPoint","urlTemplate":"http:\/\/aprender.sejus.df.gov.br\/?s={search_term_string}"},"query-input":"required name=search_term_string"}],"inLanguage":"pt-BR"},{"@type":"Person","@id":"http:\/\/aprender.sejus.df.gov.br\/#\/schema\/person\/6f1fb348cdf3f09e574018c52049e099","name":"GECAP","image":{"@type":"ImageObject","inLanguage":"pt-BR","@id":"http:\/\/aprender.sejus.df.gov.br\/#\/schema\/person\/image\/","url":"https:\/\/secure.gravatar.com\/avatar\/eecf129a3b1190de678b5690e42de394?s=96&d=mm&r=g","contentUrl":"https:\/\/secure.gravatar.com\/avatar\/eecf129a3b1190de678b5690e42de394?s=96&d=mm&r=g","caption":"GECAP"},"url":"https:\/\/aprender.sejus.df.gov.br\/?author=3"}]}},"_links":{"self":[{"href":"https:\/\/aprender.sejus.df.gov.br\/index.php?rest_route=\/wp\/v2\/posts\/1295"}],"collection":[{"href":"https:\/\/aprender.sejus.df.gov.br\/index.php?rest_route=\/wp\/v2\/posts"}],"about":[{"href":"https:\/\/aprender.sejus.df.gov.br\/index.php?rest_route=\/wp\/v2\/types\/post"}],"author":[{"embeddable":true,"href":"https:\/\/aprender.sejus.df.gov.br\/index.php?rest_route=\/wp\/v2\/users\/3"}],"replies":[{"embeddable":true,"href":"https:\/\/aprender.sejus.df.gov.br\/index.php?rest_route=%2Fwp%2Fv2%2Fcomments&post=1295"}],"version-history":[{"count":4,"href":"https:\/\/aprender.sejus.df.gov.br\/index.php?rest_route=\/wp\/v2\/posts\/1295\/revisions"}],"predecessor-version":[{"id":1301,"href":"https:\/\/aprender.sejus.df.gov.br\/index.php?rest_route=\/wp\/v2\/posts\/1295\/revisions\/1301"}],"wp:attachment":[{"href":"https:\/\/aprender.sejus.df.gov.br\/index.php?rest_route=%2Fwp%2Fv2%2Fmedia&parent=1295"}],"wp:term":[{"taxonomy":"category","embeddable":true,"href":"https:\/\/aprender.sejus.df.gov.br\/index.php?rest_route=%2Fwp%2Fv2%2Fcategories&post=1295"},{"taxonomy":"post_tag","embeddable":true,"href":"https:\/\/aprender.sejus.df.gov.br\/index.php?rest_route=%2Fwp%2Fv2%2Ftags&post=1295"}],"curies":[{"name":"wp","href":"https:\/\/api.w.org\/{rel}","templated":true}]}}