{"id":1325,"date":"2022-07-08T16:26:26","date_gmt":"2022-07-08T19:26:26","guid":{"rendered":"https:\/\/aprender.sejus.df.gov.br\/?p=1325"},"modified":"2022-07-13T17:26:01","modified_gmt":"2022-07-13T20:26:01","slug":"resultado-final-do-processo-seletivo-teste-de-aptidao-fisica-taf-6o-curso-de-escolta-contencao-e-isolamento-de-crises","status":"publish","type":"post","link":"https:\/\/aprender.sejus.df.gov.br\/?p=1325","title":{"rendered":"Resultado do Processo seletivo &#8211;  Teste de Aptid\u00e3o F\u00edsica (TAF) &#8211;  6\u00ba Curso de Escolta, Conten\u00e7\u00e3o e Isolamento de Crises"},"content":{"rendered":"\n<p>RESULTADO DO TESTE DE APTID\u00c3O F\u00cdSICA (TAF) E INSCRI\u00c7\u00c3O NO 6\u00ba CURSO DE ESCOLTA, CONTEN\u00c7\u00c3O E ISOLAMENTO DE CRISES EM UNIDADES DE INTERNA\u00c7\u00c3O DO SISTEMA SOCIOEDUCATIVO DO DISTRITO FEDERAL.<\/p>\n\n\n\n<p>A Escola Distrital de Socioeduca\u00e7\u00e3o (EDS) e a Diretoria de Servi\u00e7o de Seguran\u00e7a, Transporte e Acompanhamento Externo (DISSTAE) divulgam a lista de servidores da Carreira Socioeducativa inscritos no 6\u00ba Curso de Escolta, Conten\u00e7\u00e3o e Isolamento de Crises em Unidades de Interna\u00e7\u00e3o do Sistema Socioeducativo do Distrito Federal e&nbsp; APROVADOS&nbsp; no Teste de Aptid\u00e3o F\u00edsica (TAF), de car\u00e1ter eliminat\u00f3rio e classificat\u00f3rio.<\/p>\n\n\n\n<div class=\"wp-block-file\"><a href=\"https:\/\/aprender.sejus.df.gov.br\/wp-content\/uploads\/2022\/07\/Resultado-Final-do-Processo-seletivo-Teste-de-Aptida\u0303o-Fi\u0301sica-TAF-1.png\">Resultado-Final-do-Processo-seletivo-Teste-de-Aptida\u0303o-Fi\u0301sica-TAF-1<\/a><a href=\"https:\/\/aprender.sejus.df.gov.br\/wp-content\/uploads\/2022\/07\/Resultado-Final-do-Processo-seletivo-Teste-de-Aptida\u0303o-Fi\u0301sica-TAF-1.png\" class=\"wp-block-file__button\" download>Baixar<\/a><\/div>\n\n\n\n<p>Os servidores aprovados dever\u00e3o acessar os links a seguir, se inscreverem em <strong>TODOS <\/strong>eles para participar do curso, at\u00e9 o dia 12 de julho de 2022 (ter\u00e7a-feira). Qualquer d\u00favida ou dificuldade podem procurar a EDS por meio do telefone 61 983140505.<\/p>\n\n\n\n<figure class=\"wp-block-table\"><table><tbody><tr><td><strong>ITEM<\/strong><\/td><td>&nbsp;<strong>LINK DE INSCRI\u00c7\u00c3O<\/strong><\/td><\/tr><tr><td>Atendimento aos adolescentes no sistema socioeducativo: garantindo direitos humanos<\/td><td><a href=\"https:\/\/sistemas.df.gov.br\/EGOV\/DetalheTurma.aspx?TurmaId=893\" target=\"_blank\" rel=\"noreferrer noopener\">https:\/\/sistemas.df.gov.br\/EGOV\/DetalheTurma.aspx?TurmaId=893<\/a><\/td><\/tr><tr><\/tr><tr><td>Trabalho em equipe e intersetorial na escolta e no acompanhamento de adolescentes no sistema socioeducativo<\/td><td><a href=\"https:\/\/sistemas.df.gov.br\/EGOV\/DetalheTurma.aspx?TurmaId=904\" target=\"_blank\" rel=\"noreferrer noopener\">https:\/\/sistemas.df.gov.br\/EGOV\/DetalheTurma.aspx?TurmaId=904<\/a><\/td><\/tr><tr><\/tr><tr><td>Seguran\u00e7a socioeducativa no contexto da escolta, do acompanhamento e do gerenciamento de crises no sistema socioeducativo<\/td><td><a href=\"https:\/\/sistemas.df.gov.br\/EGOV\/DetalheTurma.aspx?TurmaId=916\" target=\"_blank\" rel=\"noreferrer noopener\">https:\/\/sistemas.df.gov.br\/EGOV\/DetalheTurma.aspx?TurmaId=916<\/a><\/td><\/tr><tr><\/tr><tr><td>Operador de bast\u00e3o tonfa em contexto de escolta e acompanhamento de adolescentes em cumprimento de medida de interna\u00e7\u00e3o<\/td><td><a href=\"https:\/\/sistemas.df.gov.br\/EGOV\/DetalheTurma.aspx?TurmaId=908\" target=\"_blank\" rel=\"noreferrer noopener\">https:\/\/sistemas.df.gov.br\/EGOV\/DetalheTurma.aspx?TurmaId=908<\/a><\/td><\/tr><tr><\/tr><tr><td>Ferramentas e estrat\u00e9gia de seguran\u00e7a socioeducativa voltada para escolta, acompanhamento e gerenciamento de crises em unidades de interna\u00e7\u00e3o<\/td><td><a href=\"https:\/\/sistemas.df.gov.br\/EGOV\/DetalheTurma.aspx?TurmaId=913\" target=\"_blank\" rel=\"noreferrer noopener\">https:\/\/sistemas.df.gov.br\/EGOV\/DetalheTurma.aspx?TurmaId=913<\/a><\/td><\/tr><tr><\/tr><tr><td>Gerenciamento de crises no sistema socioeducativo<\/td><td><a href=\"https:\/\/sistemas.df.gov.br\/EGOV\/DetalheTurma.aspx?TurmaId=925\">https:\/\/sistemas.df.gov.br\/EGOV\/DetalheTurma.aspx?TurmaId=925<\/a><\/td><\/tr><\/tbody><\/table><\/figure>\n","protected":false},"excerpt":{"rendered":"<p>RESULTADO DO TESTE DE APTID\u00c3O F\u00cdSICA (TAF) E INSCRI\u00c7\u00c3O NO 6\u00ba CURSO DE ESCOLTA, CONTEN\u00c7\u00c3O E ISOLAMENTO DE CRISES EM UNIDADES DE INTERNA\u00c7\u00c3O DO SISTEMA SOCIOEDUCATIVO DO DISTRITO FEDERAL. A Escola Distrital de Socioeduca\u00e7\u00e3o (EDS) e a Diretoria de Servi\u00e7o de Seguran\u00e7a, Transporte e Acompanhamento Externo (DISSTAE) divulgam a lista de servidores da Carreira Socioeducativa [&hellip;]<\/p>\n","protected":false},"author":14,"featured_media":1274,"comment_status":"open","ping_status":"open","sticky":false,"template":"","format":"standard","meta":[],"categories":[10],"tags":[89,90,91],"yoast_head":"<!-- This site is optimized with the Yoast SEO plugin v19.7.1 - https:\/\/yoast.com\/wordpress\/plugins\/seo\/ -->\n<title>Resultado do Processo seletivo - Teste de Aptid\u00e3o F\u00edsica (TAF) - 6\u00ba Curso de Escolta, Conten\u00e7\u00e3o e Isolamento de Crises - Aprender SEJUS<\/title>\n<meta name=\"robots\" content=\"index, follow, max-snippet:-1, max-image-preview:large, max-video-preview:-1\" \/>\n<link rel=\"canonical\" href=\"https:\/\/aprender.sejus.df.gov.br\/localhost\/aprender\/\" \/>\n<meta property=\"og:locale\" content=\"pt_BR\" \/>\n<meta property=\"og:type\" content=\"article\" \/>\n<meta property=\"og:title\" content=\"Resultado do Processo seletivo - Teste de Aptid\u00e3o F\u00edsica (TAF) - 6\u00ba Curso de Escolta, Conten\u00e7\u00e3o e Isolamento de Crises - Aprender SEJUS\" \/>\n<meta property=\"og:description\" content=\"RESULTADO DO TESTE DE APTID\u00c3O F\u00cdSICA (TAF) E INSCRI\u00c7\u00c3O NO 6\u00ba CURSO DE ESCOLTA, CONTEN\u00c7\u00c3O E ISOLAMENTO DE CRISES EM UNIDADES DE INTERNA\u00c7\u00c3O DO SISTEMA SOCIOEDUCATIVO DO DISTRITO FEDERAL. A Escola Distrital de Socioeduca\u00e7\u00e3o (EDS) e a Diretoria de Servi\u00e7o de Seguran\u00e7a, Transporte e Acompanhamento Externo (DISSTAE) divulgam a lista de servidores da Carreira Socioeducativa [&hellip;]\" \/>\n<meta property=\"og:url\" content=\"localhost\/aprender\/?p=1325\" \/>\n<meta property=\"og:site_name\" content=\"Aprender SEJUS\" \/>\n<meta property=\"article:published_time\" content=\"2022-07-08T19:26:26+00:00\" \/>\n<meta property=\"article:modified_time\" content=\"2022-07-13T20:26:01+00:00\" \/>\n<meta property=\"og:image\" content=\"http:\/\/localhost\/aprender\/wp-content\/uploads\/2022\/06\/Screen-Shot-2022-06-03-at-11.40.45-1024x777.png\" \/>\n\t<meta property=\"og:image:width\" content=\"1024\" \/>\n\t<meta property=\"og:image:height\" content=\"777\" \/>\n\t<meta property=\"og:image:type\" content=\"image\/png\" \/>\n<meta name=\"author\" content=\"Murilo Rezende\" \/>\n<meta name=\"twitter:card\" content=\"summary_large_image\" \/>\n<meta name=\"twitter:label1\" content=\"Written by\" \/>\n\t<meta name=\"twitter:data1\" content=\"Murilo Rezende\" \/>\n\t<meta name=\"twitter:label2\" content=\"Est. reading time\" \/>\n\t<meta name=\"twitter:data2\" content=\"1 minuto\" \/>\n<script type=\"application\/ld+json\" class=\"yoast-schema-graph\">{\"@context\":\"https:\/\/schema.org\",\"@graph\":[{\"@type\":\"WebPage\",\"@id\":\"localhost\/aprender\/?p=1325\",\"url\":\"https:\/\/aprender.sejus.df.gov.br\/localhost\/aprender\/\",\"name\":\"Resultado do Processo seletivo - Teste de Aptid\u00e3o F\u00edsica (TAF) - 6\u00ba Curso de Escolta, Conten\u00e7\u00e3o e Isolamento de Crises - Aprender SEJUS\",\"isPartOf\":{\"@id\":\"http:\/\/aprender.sejus.df.gov.br\/#website\"},\"datePublished\":\"2022-07-08T19:26:26+00:00\",\"dateModified\":\"2022-07-13T20:26:01+00:00\",\"author\":{\"@id\":\"http:\/\/aprender.sejus.df.gov.br\/#\/schema\/person\/03c456df455b780a4fbd9eb699085be6\"},\"breadcrumb\":{\"@id\":\"https:\/\/aprender.sejus.df.gov.br\/localhost\/aprender\/#breadcrumb\"},\"inLanguage\":\"pt-BR\",\"potentialAction\":[{\"@type\":\"ReadAction\",\"target\":[\"https:\/\/aprender.sejus.df.gov.br\/localhost\/aprender\/\"]}]},{\"@type\":\"BreadcrumbList\",\"@id\":\"https:\/\/aprender.sejus.df.gov.br\/localhost\/aprender\/#breadcrumb\",\"itemListElement\":[{\"@type\":\"ListItem\",\"position\":1,\"name\":\"Home\",\"item\":\"https:\/\/aprender.sejus.df.gov.br\/\"},{\"@type\":\"ListItem\",\"position\":2,\"name\":\"Resultado do Processo seletivo &#8211; Teste de Aptid\u00e3o F\u00edsica (TAF) &#8211; 6\u00ba Curso de Escolta, Conten\u00e7\u00e3o e Isolamento de Crises\"}]},{\"@type\":\"WebSite\",\"@id\":\"http:\/\/aprender.sejus.df.gov.br\/#website\",\"url\":\"http:\/\/aprender.sejus.df.gov.br\/\",\"name\":\"Aprender SEJUS\",\"description\":\"\",\"potentialAction\":[{\"@type\":\"SearchAction\",\"target\":{\"@type\":\"EntryPoint\",\"urlTemplate\":\"http:\/\/aprender.sejus.df.gov.br\/?s={search_term_string}\"},\"query-input\":\"required name=search_term_string\"}],\"inLanguage\":\"pt-BR\"},{\"@type\":\"Person\",\"@id\":\"http:\/\/aprender.sejus.df.gov.br\/#\/schema\/person\/03c456df455b780a4fbd9eb699085be6\",\"name\":\"Murilo Rezende\",\"image\":{\"@type\":\"ImageObject\",\"inLanguage\":\"pt-BR\",\"@id\":\"http:\/\/aprender.sejus.df.gov.br\/#\/schema\/person\/image\/\",\"url\":\"https:\/\/secure.gravatar.com\/avatar\/cc0328c52601b892580920256b8c0b9b?s=96&d=mm&r=g\",\"contentUrl\":\"https:\/\/secure.gravatar.com\/avatar\/cc0328c52601b892580920256b8c0b9b?s=96&d=mm&r=g\",\"caption\":\"Murilo Rezende\"},\"url\":\"https:\/\/aprender.sejus.df.gov.br\/?author=14\"}]}<\/script>\n<!-- \/ Yoast SEO plugin. -->","yoast_head_json":{"title":"Resultado do Processo seletivo - Teste de Aptid\u00e3o F\u00edsica (TAF) - 6\u00ba Curso de Escolta, Conten\u00e7\u00e3o e Isolamento de Crises - Aprender SEJUS","robots":{"index":"index","follow":"follow","max-snippet":"max-snippet:-1","max-image-preview":"max-image-preview:large","max-video-preview":"max-video-preview:-1"},"canonical":"https:\/\/aprender.sejus.df.gov.br\/localhost\/aprender\/","og_locale":"pt_BR","og_type":"article","og_title":"Resultado do Processo seletivo - Teste de Aptid\u00e3o F\u00edsica (TAF) - 6\u00ba Curso de Escolta, Conten\u00e7\u00e3o e Isolamento de Crises - Aprender SEJUS","og_description":"RESULTADO DO TESTE DE APTID\u00c3O F\u00cdSICA (TAF) E INSCRI\u00c7\u00c3O NO 6\u00ba CURSO DE ESCOLTA, CONTEN\u00c7\u00c3O E ISOLAMENTO DE CRISES EM UNIDADES DE INTERNA\u00c7\u00c3O DO SISTEMA SOCIOEDUCATIVO DO DISTRITO FEDERAL. A Escola Distrital de Socioeduca\u00e7\u00e3o (EDS) e a Diretoria de Servi\u00e7o de Seguran\u00e7a, Transporte e Acompanhamento Externo (DISSTAE) divulgam a lista de servidores da Carreira Socioeducativa [&hellip;]","og_url":"localhost\/aprender\/?p=1325","og_site_name":"Aprender SEJUS","article_published_time":"2022-07-08T19:26:26+00:00","article_modified_time":"2022-07-13T20:26:01+00:00","og_image":[{"width":1024,"height":777,"url":"localhost\/aprender\/wp-content\/uploads\/2022\/06\/Screen-Shot-2022-06-03-at-11.40.45-1024x777.png","type":"image\/png"}],"author":"Murilo Rezende","twitter_card":"summary_large_image","twitter_misc":{"Written by":"Murilo Rezende","Est. reading time":"1 minuto"},"schema":{"@context":"https:\/\/schema.org","@graph":[{"@type":"WebPage","@id":"localhost\/aprender\/?p=1325","url":"https:\/\/aprender.sejus.df.gov.br\/localhost\/aprender\/","name":"Resultado do Processo seletivo - Teste de Aptid\u00e3o F\u00edsica (TAF) - 6\u00ba Curso de Escolta, Conten\u00e7\u00e3o e Isolamento de Crises - Aprender SEJUS","isPartOf":{"@id":"http:\/\/aprender.sejus.df.gov.br\/#website"},"datePublished":"2022-07-08T19:26:26+00:00","dateModified":"2022-07-13T20:26:01+00:00","author":{"@id":"http:\/\/aprender.sejus.df.gov.br\/#\/schema\/person\/03c456df455b780a4fbd9eb699085be6"},"breadcrumb":{"@id":"https:\/\/aprender.sejus.df.gov.br\/localhost\/aprender\/#breadcrumb"},"inLanguage":"pt-BR","potentialAction":[{"@type":"ReadAction","target":["https:\/\/aprender.sejus.df.gov.br\/localhost\/aprender\/"]}]},{"@type":"BreadcrumbList","@id":"https:\/\/aprender.sejus.df.gov.br\/localhost\/aprender\/#breadcrumb","itemListElement":[{"@type":"ListItem","position":1,"name":"Home","item":"https:\/\/aprender.sejus.df.gov.br\/"},{"@type":"ListItem","position":2,"name":"Resultado do Processo seletivo &#8211; Teste de Aptid\u00e3o F\u00edsica (TAF) &#8211; 6\u00ba Curso de Escolta, Conten\u00e7\u00e3o e Isolamento de Crises"}]},{"@type":"WebSite","@id":"http:\/\/aprender.sejus.df.gov.br\/#website","url":"http:\/\/aprender.sejus.df.gov.br\/","name":"Aprender SEJUS","description":"","potentialAction":[{"@type":"SearchAction","target":{"@type":"EntryPoint","urlTemplate":"http:\/\/aprender.sejus.df.gov.br\/?s={search_term_string}"},"query-input":"required name=search_term_string"}],"inLanguage":"pt-BR"},{"@type":"Person","@id":"http:\/\/aprender.sejus.df.gov.br\/#\/schema\/person\/03c456df455b780a4fbd9eb699085be6","name":"Murilo Rezende","image":{"@type":"ImageObject","inLanguage":"pt-BR","@id":"http:\/\/aprender.sejus.df.gov.br\/#\/schema\/person\/image\/","url":"https:\/\/secure.gravatar.com\/avatar\/cc0328c52601b892580920256b8c0b9b?s=96&d=mm&r=g","contentUrl":"https:\/\/secure.gravatar.com\/avatar\/cc0328c52601b892580920256b8c0b9b?s=96&d=mm&r=g","caption":"Murilo Rezende"},"url":"https:\/\/aprender.sejus.df.gov.br\/?author=14"}]}},"_links":{"self":[{"href":"https:\/\/aprender.sejus.df.gov.br\/index.php?rest_route=\/wp\/v2\/posts\/1325"}],"collection":[{"href":"https:\/\/aprender.sejus.df.gov.br\/index.php?rest_route=\/wp\/v2\/posts"}],"about":[{"href":"https:\/\/aprender.sejus.df.gov.br\/index.php?rest_route=\/wp\/v2\/types\/post"}],"author":[{"embeddable":true,"href":"https:\/\/aprender.sejus.df.gov.br\/index.php?rest_route=\/wp\/v2\/users\/14"}],"replies":[{"embeddable":true,"href":"https:\/\/aprender.sejus.df.gov.br\/index.php?rest_route=%2Fwp%2Fv2%2Fcomments&post=1325"}],"version-history":[{"count":3,"href":"https:\/\/aprender.sejus.df.gov.br\/index.php?rest_route=\/wp\/v2\/posts\/1325\/revisions"}],"predecessor-version":[{"id":1337,"href":"https:\/\/aprender.sejus.df.gov.br\/index.php?rest_route=\/wp\/v2\/posts\/1325\/revisions\/1337"}],"wp:featuredmedia":[{"embeddable":true,"href":"https:\/\/aprender.sejus.df.gov.br\/index.php?rest_route=\/wp\/v2\/media\/1274"}],"wp:attachment":[{"href":"https:\/\/aprender.sejus.df.gov.br\/index.php?rest_route=%2Fwp%2Fv2%2Fmedia&parent=1325"}],"wp:term":[{"taxonomy":"category","embeddable":true,"href":"https:\/\/aprender.sejus.df.gov.br\/index.php?rest_route=%2Fwp%2Fv2%2Fcategories&post=1325"},{"taxonomy":"post_tag","embeddable":true,"href":"https:\/\/aprender.sejus.df.gov.br\/index.php?rest_route=%2Fwp%2Fv2%2Ftags&post=1325"}],"curies":[{"name":"wp","href":"https:\/\/api.w.org\/{rel}","templated":true}]}}