{"id":1446,"date":"2023-08-21T13:08:40","date_gmt":"2023-08-21T16:08:40","guid":{"rendered":"https:\/\/aprender.sejus.df.gov.br\/?p=1446"},"modified":"2023-08-25T14:45:40","modified_gmt":"2023-08-25T17:45:40","slug":"a-previdencia-complementar-dos-servidores-publicos-do-df","status":"publish","type":"post","link":"https:\/\/aprender.sejus.df.gov.br\/?p=1446","title":{"rendered":"A Previd\u00eancia Complementar dos Servidores P\u00fablicos do DF"},"content":{"rendered":"\n<p>A&nbsp;Secretaria de Estado de Justi\u00e7a e Cidadania, por meio da Ger\u00eancia de Capacita\u00e7\u00e3o e Desenvolvimento&nbsp;(Gecap), ir\u00e1 realizar uma palestra sobre &#8220;<strong>A<\/strong>&nbsp;<strong>PREVID\u00caNCIA COMPLEMENTAR DOS SERVIDORES P\u00daBLICOS DO DF<\/strong>&#8220;, em parceria com a&nbsp;Funda\u00e7\u00e3o de Previd\u00eancia Complementar dos Servidores do Distrito Federal (DF-Previcom), no dia 24\/08, \u00e0s 14h, destinada a todos os servidores da Sejus que ingressaram no servi\u00e7o p\u00fablico distrital ap\u00f3s o ano de 2019 ou que aderiram facultativamente ao regime de previd\u00eancia complementar.<\/p>\n\n\n\n<p>Com o reajuste salarial ocorrido em junho de 2023, uma parcela dos servidores que ingressaram ap\u00f3s 2019 passaram a ganhar acima do teto do INSS e a contribuir com a Previd\u00eancia Complementar da DF-Previcom (consulta Lista&nbsp;<a href=\"https:\/\/sei.df.gov.br\/sei\/controlador.php?acao=protocolo_visualizar&amp;id_protocolo=135219882&amp;id_procedimento_atual=135192243&amp;infra_sistema=100000100&amp;infra_unidade_atual=110020102&amp;infra_hash=4adc25125da9c0e4b6170be6ae22a4548aaadc5a48e2039371732109619d8848\" target=\"_blank\" rel=\"noreferrer noopener\">120349106<\/a>). Estes servidores t\u00eam at\u00e9 o dia 30\/08 para decidir pelo regime de tributa\u00e7\u00e3o de sua previd\u00eancia, se progressivo ou regressivo, e 90 dias para definirem pela perman\u00eancia ou n\u00e3o&nbsp;no regime complementar.&nbsp;<\/p>\n\n\n\n<p>Ainda, a partir de mar\u00e7o deste ano, todos os servidores filiados \u00e0 DF-Previcom alcan\u00e7aram&nbsp;a possibilidade de&nbsp;incluir nas contribui\u00e7\u00f5es da previd\u00eancia complementar as gratifica\u00e7\u00f5es vinculadas ao local de trabalho, como adicional de risco e de insalubridade, bem como a remunera\u00e7\u00e3o de cargos em comiss\u00e3o, com direito a&nbsp;contribui\u00e7\u00e3o patronal no mesmo valor.<\/p>\n\n\n\n<p>Diante da complexidade do tema, \u00e9 comum que os servidores nutram d\u00favidas sobre o pr\u00f3prio&nbsp;futuro previdenci\u00e1rio. Nesse sentido, convidamos a&nbsp;todos os servidores que ingressaram a partir de 2019 no servi\u00e7o p\u00fablico distrital ou que aderiram facultativamente ao regime de previd\u00eancia complementar a participarem deste momento de intera\u00e7\u00e3o e transmiss\u00e3o de informa\u00e7\u00f5es sobre previd\u00eancia. A palestra ser\u00e1 online, com carga hor\u00e1ria de 2 horas, e ocorrer\u00e1 dentro do ambiente virtual de aprendizagem &#8220;Aprender.Sejus&#8221;.<\/p>\n","protected":false},"excerpt":{"rendered":"<p>A&nbsp;Secretaria de Estado de Justi\u00e7a e Cidadania, por meio da Ger\u00eancia de Capacita\u00e7\u00e3o e Desenvolvimento&nbsp;(Gecap), ir\u00e1 realizar uma palestra sobre &#8220;A&nbsp;PREVID\u00caNCIA COMPLEMENTAR DOS SERVIDORES P\u00daBLICOS DO DF&#8220;, em parceria com a&nbsp;Funda\u00e7\u00e3o de Previd\u00eancia Complementar dos Servidores do Distrito Federal (DF-Previcom), no dia 24\/08, \u00e0s 14h, destinada a todos os servidores da Sejus que ingressaram no [&hellip;]<\/p>\n","protected":false},"author":3,"featured_media":1447,"comment_status":"open","ping_status":"open","sticky":false,"template":"","format":"standard","meta":[],"categories":[113],"tags":[16],"yoast_head":"<!-- This site is optimized with the Yoast SEO plugin v19.7.1 - https:\/\/yoast.com\/wordpress\/plugins\/seo\/ -->\n<title>A Previd\u00eancia Complementar dos Servidores P\u00fablicos do DF - Aprender SEJUS<\/title>\n<meta name=\"description\" content=\"A Sejus, em parceria com a DF-Previcom, oferece aos servidores palestra com tema &quot;A Previd\u00eancia Complementar dos Servidores P\u00fablicos do DF&quot;.\" \/>\n<meta name=\"robots\" content=\"index, follow, max-snippet:-1, max-image-preview:large, max-video-preview:-1\" \/>\n<link rel=\"canonical\" href=\"https:\/\/aprender.sejus.df.gov.br\/?p=1446\" \/>\n<meta property=\"og:locale\" content=\"pt_BR\" \/>\n<meta property=\"og:type\" content=\"article\" \/>\n<meta property=\"og:title\" content=\"A Previd\u00eancia Complementar dos Servidores P\u00fablicos do DF - Aprender SEJUS\" \/>\n<meta property=\"og:description\" content=\"A Sejus, em parceria com a DF-Previcom, oferece aos servidores palestra com tema &quot;A Previd\u00eancia Complementar dos Servidores P\u00fablicos do DF&quot;.\" \/>\n<meta property=\"og:url\" content=\"https:\/\/aprender.sejus.df.gov.br\/?p=1446\" \/>\n<meta property=\"og:site_name\" content=\"Aprender SEJUS\" \/>\n<meta property=\"article:published_time\" content=\"2023-08-21T16:08:40+00:00\" \/>\n<meta property=\"article:modified_time\" content=\"2023-08-25T17:45:40+00:00\" \/>\n<meta property=\"og:image\" content=\"https:\/\/aprender.sejus.df.gov.br\/wp-content\/uploads\/2023\/08\/FLYER-DF-PREVICOM-SEJUS-1.png\" \/>\n\t<meta property=\"og:image:width\" content=\"1080\" \/>\n\t<meta property=\"og:image:height\" content=\"1080\" \/>\n\t<meta property=\"og:image:type\" content=\"image\/png\" \/>\n<meta name=\"author\" content=\"GECAP\" \/>\n<meta name=\"twitter:card\" content=\"summary_large_image\" \/>\n<meta name=\"twitter:label1\" content=\"Written by\" \/>\n\t<meta name=\"twitter:data1\" content=\"GECAP\" \/>\n\t<meta name=\"twitter:label2\" content=\"Est. reading time\" \/>\n\t<meta name=\"twitter:data2\" content=\"2 minutos\" \/>\n<script type=\"application\/ld+json\" class=\"yoast-schema-graph\">{\"@context\":\"https:\/\/schema.org\",\"@graph\":[{\"@type\":\"WebPage\",\"@id\":\"https:\/\/aprender.sejus.df.gov.br\/?p=1446\",\"url\":\"https:\/\/aprender.sejus.df.gov.br\/?p=1446\",\"name\":\"A Previd\u00eancia Complementar dos Servidores P\u00fablicos do DF - Aprender SEJUS\",\"isPartOf\":{\"@id\":\"http:\/\/aprender.sejus.df.gov.br\/#website\"},\"datePublished\":\"2023-08-21T16:08:40+00:00\",\"dateModified\":\"2023-08-25T17:45:40+00:00\",\"author\":{\"@id\":\"http:\/\/aprender.sejus.df.gov.br\/#\/schema\/person\/6f1fb348cdf3f09e574018c52049e099\"},\"description\":\"A Sejus, em parceria com a DF-Previcom, oferece aos servidores palestra com tema \\\"A Previd\u00eancia Complementar dos Servidores P\u00fablicos do DF\\\".\",\"breadcrumb\":{\"@id\":\"https:\/\/aprender.sejus.df.gov.br\/?p=1446#breadcrumb\"},\"inLanguage\":\"pt-BR\",\"potentialAction\":[{\"@type\":\"ReadAction\",\"target\":[\"https:\/\/aprender.sejus.df.gov.br\/?p=1446\"]}]},{\"@type\":\"BreadcrumbList\",\"@id\":\"https:\/\/aprender.sejus.df.gov.br\/?p=1446#breadcrumb\",\"itemListElement\":[{\"@type\":\"ListItem\",\"position\":1,\"name\":\"Home\",\"item\":\"https:\/\/aprender.sejus.df.gov.br\/\"},{\"@type\":\"ListItem\",\"position\":2,\"name\":\"A Previd\u00eancia Complementar dos Servidores P\u00fablicos do DF\"}]},{\"@type\":\"WebSite\",\"@id\":\"http:\/\/aprender.sejus.df.gov.br\/#website\",\"url\":\"http:\/\/aprender.sejus.df.gov.br\/\",\"name\":\"Aprender SEJUS\",\"description\":\"\",\"potentialAction\":[{\"@type\":\"SearchAction\",\"target\":{\"@type\":\"EntryPoint\",\"urlTemplate\":\"http:\/\/aprender.sejus.df.gov.br\/?s={search_term_string}\"},\"query-input\":\"required name=search_term_string\"}],\"inLanguage\":\"pt-BR\"},{\"@type\":\"Person\",\"@id\":\"http:\/\/aprender.sejus.df.gov.br\/#\/schema\/person\/6f1fb348cdf3f09e574018c52049e099\",\"name\":\"GECAP\",\"image\":{\"@type\":\"ImageObject\",\"inLanguage\":\"pt-BR\",\"@id\":\"http:\/\/aprender.sejus.df.gov.br\/#\/schema\/person\/image\/\",\"url\":\"https:\/\/secure.gravatar.com\/avatar\/eecf129a3b1190de678b5690e42de394?s=96&d=mm&r=g\",\"contentUrl\":\"https:\/\/secure.gravatar.com\/avatar\/eecf129a3b1190de678b5690e42de394?s=96&d=mm&r=g\",\"caption\":\"GECAP\"},\"url\":\"https:\/\/aprender.sejus.df.gov.br\/?author=3\"}]}<\/script>\n<!-- \/ Yoast SEO plugin. -->","yoast_head_json":{"title":"A Previd\u00eancia Complementar dos Servidores P\u00fablicos do DF - Aprender SEJUS","description":"A Sejus, em parceria com a DF-Previcom, oferece aos servidores palestra com tema \"A Previd\u00eancia Complementar dos Servidores P\u00fablicos do DF\".","robots":{"index":"index","follow":"follow","max-snippet":"max-snippet:-1","max-image-preview":"max-image-preview:large","max-video-preview":"max-video-preview:-1"},"canonical":"https:\/\/aprender.sejus.df.gov.br\/?p=1446","og_locale":"pt_BR","og_type":"article","og_title":"A Previd\u00eancia Complementar dos Servidores P\u00fablicos do DF - Aprender SEJUS","og_description":"A Sejus, em parceria com a DF-Previcom, oferece aos servidores palestra com tema \"A Previd\u00eancia Complementar dos Servidores P\u00fablicos do DF\".","og_url":"https:\/\/aprender.sejus.df.gov.br\/?p=1446","og_site_name":"Aprender SEJUS","article_published_time":"2023-08-21T16:08:40+00:00","article_modified_time":"2023-08-25T17:45:40+00:00","og_image":[{"width":1080,"height":1080,"url":"https:\/\/aprender.sejus.df.gov.br\/wp-content\/uploads\/2023\/08\/FLYER-DF-PREVICOM-SEJUS-1.png","type":"image\/png"}],"author":"GECAP","twitter_card":"summary_large_image","twitter_misc":{"Written by":"GECAP","Est. reading time":"2 minutos"},"schema":{"@context":"https:\/\/schema.org","@graph":[{"@type":"WebPage","@id":"https:\/\/aprender.sejus.df.gov.br\/?p=1446","url":"https:\/\/aprender.sejus.df.gov.br\/?p=1446","name":"A Previd\u00eancia Complementar dos Servidores P\u00fablicos do DF - Aprender SEJUS","isPartOf":{"@id":"http:\/\/aprender.sejus.df.gov.br\/#website"},"datePublished":"2023-08-21T16:08:40+00:00","dateModified":"2023-08-25T17:45:40+00:00","author":{"@id":"http:\/\/aprender.sejus.df.gov.br\/#\/schema\/person\/6f1fb348cdf3f09e574018c52049e099"},"description":"A Sejus, em parceria com a DF-Previcom, oferece aos servidores palestra com tema \"A Previd\u00eancia Complementar dos Servidores P\u00fablicos do DF\".","breadcrumb":{"@id":"https:\/\/aprender.sejus.df.gov.br\/?p=1446#breadcrumb"},"inLanguage":"pt-BR","potentialAction":[{"@type":"ReadAction","target":["https:\/\/aprender.sejus.df.gov.br\/?p=1446"]}]},{"@type":"BreadcrumbList","@id":"https:\/\/aprender.sejus.df.gov.br\/?p=1446#breadcrumb","itemListElement":[{"@type":"ListItem","position":1,"name":"Home","item":"https:\/\/aprender.sejus.df.gov.br\/"},{"@type":"ListItem","position":2,"name":"A Previd\u00eancia Complementar dos Servidores P\u00fablicos do DF"}]},{"@type":"WebSite","@id":"http:\/\/aprender.sejus.df.gov.br\/#website","url":"http:\/\/aprender.sejus.df.gov.br\/","name":"Aprender SEJUS","description":"","potentialAction":[{"@type":"SearchAction","target":{"@type":"EntryPoint","urlTemplate":"http:\/\/aprender.sejus.df.gov.br\/?s={search_term_string}"},"query-input":"required name=search_term_string"}],"inLanguage":"pt-BR"},{"@type":"Person","@id":"http:\/\/aprender.sejus.df.gov.br\/#\/schema\/person\/6f1fb348cdf3f09e574018c52049e099","name":"GECAP","image":{"@type":"ImageObject","inLanguage":"pt-BR","@id":"http:\/\/aprender.sejus.df.gov.br\/#\/schema\/person\/image\/","url":"https:\/\/secure.gravatar.com\/avatar\/eecf129a3b1190de678b5690e42de394?s=96&d=mm&r=g","contentUrl":"https:\/\/secure.gravatar.com\/avatar\/eecf129a3b1190de678b5690e42de394?s=96&d=mm&r=g","caption":"GECAP"},"url":"https:\/\/aprender.sejus.df.gov.br\/?author=3"}]}},"_links":{"self":[{"href":"https:\/\/aprender.sejus.df.gov.br\/index.php?rest_route=\/wp\/v2\/posts\/1446"}],"collection":[{"href":"https:\/\/aprender.sejus.df.gov.br\/index.php?rest_route=\/wp\/v2\/posts"}],"about":[{"href":"https:\/\/aprender.sejus.df.gov.br\/index.php?rest_route=\/wp\/v2\/types\/post"}],"author":[{"embeddable":true,"href":"https:\/\/aprender.sejus.df.gov.br\/index.php?rest_route=\/wp\/v2\/users\/3"}],"replies":[{"embeddable":true,"href":"https:\/\/aprender.sejus.df.gov.br\/index.php?rest_route=%2Fwp%2Fv2%2Fcomments&post=1446"}],"version-history":[{"count":1,"href":"https:\/\/aprender.sejus.df.gov.br\/index.php?rest_route=\/wp\/v2\/posts\/1446\/revisions"}],"predecessor-version":[{"id":1448,"href":"https:\/\/aprender.sejus.df.gov.br\/index.php?rest_route=\/wp\/v2\/posts\/1446\/revisions\/1448"}],"wp:featuredmedia":[{"embeddable":true,"href":"https:\/\/aprender.sejus.df.gov.br\/index.php?rest_route=\/wp\/v2\/media\/1447"}],"wp:attachment":[{"href":"https:\/\/aprender.sejus.df.gov.br\/index.php?rest_route=%2Fwp%2Fv2%2Fmedia&parent=1446"}],"wp:term":[{"taxonomy":"category","embeddable":true,"href":"https:\/\/aprender.sejus.df.gov.br\/index.php?rest_route=%2Fwp%2Fv2%2Fcategories&post=1446"},{"taxonomy":"post_tag","embeddable":true,"href":"https:\/\/aprender.sejus.df.gov.br\/index.php?rest_route=%2Fwp%2Fv2%2Ftags&post=1446"}],"curies":[{"name":"wp","href":"https:\/\/api.w.org\/{rel}","templated":true}]}}