{"id":1449,"date":"2023-09-13T10:05:06","date_gmt":"2023-09-13T13:05:06","guid":{"rendered":"https:\/\/aprender.sejus.df.gov.br\/?p=1449"},"modified":"2023-09-25T13:17:59","modified_gmt":"2023-09-25T16:17:59","slug":"felicidade-e-realizacao-pessoal-2","status":"publish","type":"post","link":"https:\/\/aprender.sejus.df.gov.br\/?p=1449","title":{"rendered":"Felicidade e Realiza\u00e7\u00e3o Pessoal"},"content":{"rendered":"\n<p>A Secretaria de Justi\u00e7a e Cidadania, por meio da parceria entre a Ger\u00eancia de Capacita\u00e7\u00e3o (Gecap) e a Escola de Governo (Egov-DF), lan\u00e7a hoje as inscri\u00e7\u00f5es para a turma exclusiva de &#8220;Felicidade e Realiza\u00e7\u00e3o Pessoal&#8221;.<\/p>\n\n\n\n<p>O curso ser\u00e1 ministrado presencialmente pelo psic\u00f3logo e especialista socioeducativo Ot\u00e1vio Guimar\u00e3es, entre os dias 25 e 29 de setembro, de 8h \u00e0s 12h, na sede da Egov-DF.<\/p>\n\n\n\n<p>O instrutor possui ampla experi\u00eancia em psicologia cl\u00ednica e, por meio de instrutoria na Sejus e na Egov-DF, tem se dedicado \u00e0 dissemina\u00e7\u00e3o de conhecimentos das \u00e1reas de Psicologia Positiva, Cognitiva e Comportamental.<\/p>\n\n\n\n<p>No curso ser\u00e3o abordados os seguintes conte\u00fados:<br>Psicologia Positiva e felicidade: Defini\u00e7\u00e3o de bem-estar; Adapta\u00e7\u00e3o hed\u00f4nica; Vi\u00e9s de impacto; Gratid\u00e3o; Emo\u00e7\u00f5es positivas; Gratifica\u00e7\u00e3o; Finan\u00e7as e bem-estar; For\u00e7as de car\u00e1ter. Motiva\u00e7\u00e3o no trabalho e na vida: Motiva\u00e7\u00e3o; Flow. Otimismo: Defini\u00e7\u00e3o de otimismo e de pessimismo; Consequ\u00eancia; Como ser mais otimista.<\/p>\n\n\n\n<p>Inscreva-se j\u00e1!<\/p>\n","protected":false},"excerpt":{"rendered":"<p>A Secretaria de Justi\u00e7a e Cidadania, por meio da parceria entre a Ger\u00eancia de Capacita\u00e7\u00e3o (Gecap) e a Escola de Governo (Egov-DF), lan\u00e7a hoje as inscri\u00e7\u00f5es para a turma exclusiva de &#8220;Felicidade e Realiza\u00e7\u00e3o Pessoal&#8221;. O curso ser\u00e1 ministrado presencialmente pelo psic\u00f3logo e especialista socioeducativo Ot\u00e1vio Guimar\u00e3es, entre os dias 25 e 29 de setembro, [&hellip;]<\/p>\n","protected":false},"author":3,"featured_media":1456,"comment_status":"open","ping_status":"open","sticky":false,"template":"","format":"standard","meta":[],"categories":[114],"tags":[17],"yoast_head":"<!-- This site is optimized with the Yoast SEO plugin v19.7.1 - https:\/\/yoast.com\/wordpress\/plugins\/seo\/ -->\n<title>Felicidade e Realiza\u00e7\u00e3o Pessoal - Aprender SEJUS<\/title>\n<meta name=\"robots\" content=\"index, follow, max-snippet:-1, max-image-preview:large, max-video-preview:-1\" \/>\n<link rel=\"canonical\" href=\"https:\/\/aprender.sejus.df.gov.br\/localhost\/aprender\/\" \/>\n<meta property=\"og:locale\" content=\"pt_BR\" \/>\n<meta property=\"og:type\" content=\"article\" \/>\n<meta property=\"og:title\" content=\"Felicidade e Realiza\u00e7\u00e3o Pessoal - Aprender SEJUS\" \/>\n<meta property=\"og:description\" content=\"A Secretaria de Justi\u00e7a e Cidadania, por meio da parceria entre a Ger\u00eancia de Capacita\u00e7\u00e3o (Gecap) e a Escola de Governo (Egov-DF), lan\u00e7a hoje as inscri\u00e7\u00f5es para a turma exclusiva de &#8220;Felicidade e Realiza\u00e7\u00e3o Pessoal&#8221;. O curso ser\u00e1 ministrado presencialmente pelo psic\u00f3logo e especialista socioeducativo Ot\u00e1vio Guimar\u00e3es, entre os dias 25 e 29 de setembro, [&hellip;]\" \/>\n<meta property=\"og:url\" content=\"localhost\/aprender\/?p=1449\" \/>\n<meta property=\"og:site_name\" content=\"Aprender SEJUS\" \/>\n<meta property=\"article:published_time\" content=\"2023-09-13T13:05:06+00:00\" \/>\n<meta property=\"article:modified_time\" content=\"2023-09-25T16:17:59+00:00\" \/>\n<meta property=\"og:image\" content=\"http:\/\/localhost\/aprender\/wp-content\/uploads\/2023\/09\/Aprender-Felicidade-9-2023-1.png\" \/>\n\t<meta property=\"og:image:width\" content=\"1080\" \/>\n\t<meta property=\"og:image:height\" content=\"1080\" \/>\n\t<meta property=\"og:image:type\" content=\"image\/png\" \/>\n<meta name=\"author\" content=\"GECAP\" \/>\n<meta name=\"twitter:card\" content=\"summary_large_image\" \/>\n<meta name=\"twitter:label1\" content=\"Written by\" \/>\n\t<meta name=\"twitter:data1\" content=\"GECAP\" \/>\n\t<meta name=\"twitter:label2\" content=\"Est. reading time\" \/>\n\t<meta name=\"twitter:data2\" content=\"1 minuto\" \/>\n<script type=\"application\/ld+json\" class=\"yoast-schema-graph\">{\"@context\":\"https:\/\/schema.org\",\"@graph\":[{\"@type\":\"WebPage\",\"@id\":\"localhost\/aprender\/?p=1449\",\"url\":\"https:\/\/aprender.sejus.df.gov.br\/localhost\/aprender\/\",\"name\":\"Felicidade e Realiza\u00e7\u00e3o Pessoal - Aprender SEJUS\",\"isPartOf\":{\"@id\":\"http:\/\/aprender.sejus.df.gov.br\/#website\"},\"datePublished\":\"2023-09-13T13:05:06+00:00\",\"dateModified\":\"2023-09-25T16:17:59+00:00\",\"author\":{\"@id\":\"http:\/\/aprender.sejus.df.gov.br\/#\/schema\/person\/6f1fb348cdf3f09e574018c52049e099\"},\"breadcrumb\":{\"@id\":\"https:\/\/aprender.sejus.df.gov.br\/localhost\/aprender\/#breadcrumb\"},\"inLanguage\":\"pt-BR\",\"potentialAction\":[{\"@type\":\"ReadAction\",\"target\":[\"https:\/\/aprender.sejus.df.gov.br\/localhost\/aprender\/\"]}]},{\"@type\":\"BreadcrumbList\",\"@id\":\"https:\/\/aprender.sejus.df.gov.br\/localhost\/aprender\/#breadcrumb\",\"itemListElement\":[{\"@type\":\"ListItem\",\"position\":1,\"name\":\"Home\",\"item\":\"https:\/\/aprender.sejus.df.gov.br\/\"},{\"@type\":\"ListItem\",\"position\":2,\"name\":\"Felicidade e Realiza\u00e7\u00e3o Pessoal\"}]},{\"@type\":\"WebSite\",\"@id\":\"http:\/\/aprender.sejus.df.gov.br\/#website\",\"url\":\"http:\/\/aprender.sejus.df.gov.br\/\",\"name\":\"Aprender SEJUS\",\"description\":\"\",\"potentialAction\":[{\"@type\":\"SearchAction\",\"target\":{\"@type\":\"EntryPoint\",\"urlTemplate\":\"http:\/\/aprender.sejus.df.gov.br\/?s={search_term_string}\"},\"query-input\":\"required name=search_term_string\"}],\"inLanguage\":\"pt-BR\"},{\"@type\":\"Person\",\"@id\":\"http:\/\/aprender.sejus.df.gov.br\/#\/schema\/person\/6f1fb348cdf3f09e574018c52049e099\",\"name\":\"GECAP\",\"image\":{\"@type\":\"ImageObject\",\"inLanguage\":\"pt-BR\",\"@id\":\"http:\/\/aprender.sejus.df.gov.br\/#\/schema\/person\/image\/\",\"url\":\"https:\/\/secure.gravatar.com\/avatar\/eecf129a3b1190de678b5690e42de394?s=96&d=mm&r=g\",\"contentUrl\":\"https:\/\/secure.gravatar.com\/avatar\/eecf129a3b1190de678b5690e42de394?s=96&d=mm&r=g\",\"caption\":\"GECAP\"},\"url\":\"https:\/\/aprender.sejus.df.gov.br\/?author=3\"}]}<\/script>\n<!-- \/ Yoast SEO plugin. -->","yoast_head_json":{"title":"Felicidade e Realiza\u00e7\u00e3o Pessoal - Aprender SEJUS","robots":{"index":"index","follow":"follow","max-snippet":"max-snippet:-1","max-image-preview":"max-image-preview:large","max-video-preview":"max-video-preview:-1"},"canonical":"https:\/\/aprender.sejus.df.gov.br\/localhost\/aprender\/","og_locale":"pt_BR","og_type":"article","og_title":"Felicidade e Realiza\u00e7\u00e3o Pessoal - Aprender SEJUS","og_description":"A Secretaria de Justi\u00e7a e Cidadania, por meio da parceria entre a Ger\u00eancia de Capacita\u00e7\u00e3o (Gecap) e a Escola de Governo (Egov-DF), lan\u00e7a hoje as inscri\u00e7\u00f5es para a turma exclusiva de &#8220;Felicidade e Realiza\u00e7\u00e3o Pessoal&#8221;. O curso ser\u00e1 ministrado presencialmente pelo psic\u00f3logo e especialista socioeducativo Ot\u00e1vio Guimar\u00e3es, entre os dias 25 e 29 de setembro, [&hellip;]","og_url":"localhost\/aprender\/?p=1449","og_site_name":"Aprender SEJUS","article_published_time":"2023-09-13T13:05:06+00:00","article_modified_time":"2023-09-25T16:17:59+00:00","og_image":[{"width":1080,"height":1080,"url":"localhost\/aprender\/wp-content\/uploads\/2023\/09\/Aprender-Felicidade-9-2023-1.png","type":"image\/png"}],"author":"GECAP","twitter_card":"summary_large_image","twitter_misc":{"Written by":"GECAP","Est. reading time":"1 minuto"},"schema":{"@context":"https:\/\/schema.org","@graph":[{"@type":"WebPage","@id":"localhost\/aprender\/?p=1449","url":"https:\/\/aprender.sejus.df.gov.br\/localhost\/aprender\/","name":"Felicidade e Realiza\u00e7\u00e3o Pessoal - Aprender SEJUS","isPartOf":{"@id":"http:\/\/aprender.sejus.df.gov.br\/#website"},"datePublished":"2023-09-13T13:05:06+00:00","dateModified":"2023-09-25T16:17:59+00:00","author":{"@id":"http:\/\/aprender.sejus.df.gov.br\/#\/schema\/person\/6f1fb348cdf3f09e574018c52049e099"},"breadcrumb":{"@id":"https:\/\/aprender.sejus.df.gov.br\/localhost\/aprender\/#breadcrumb"},"inLanguage":"pt-BR","potentialAction":[{"@type":"ReadAction","target":["https:\/\/aprender.sejus.df.gov.br\/localhost\/aprender\/"]}]},{"@type":"BreadcrumbList","@id":"https:\/\/aprender.sejus.df.gov.br\/localhost\/aprender\/#breadcrumb","itemListElement":[{"@type":"ListItem","position":1,"name":"Home","item":"https:\/\/aprender.sejus.df.gov.br\/"},{"@type":"ListItem","position":2,"name":"Felicidade e Realiza\u00e7\u00e3o Pessoal"}]},{"@type":"WebSite","@id":"http:\/\/aprender.sejus.df.gov.br\/#website","url":"http:\/\/aprender.sejus.df.gov.br\/","name":"Aprender SEJUS","description":"","potentialAction":[{"@type":"SearchAction","target":{"@type":"EntryPoint","urlTemplate":"http:\/\/aprender.sejus.df.gov.br\/?s={search_term_string}"},"query-input":"required name=search_term_string"}],"inLanguage":"pt-BR"},{"@type":"Person","@id":"http:\/\/aprender.sejus.df.gov.br\/#\/schema\/person\/6f1fb348cdf3f09e574018c52049e099","name":"GECAP","image":{"@type":"ImageObject","inLanguage":"pt-BR","@id":"http:\/\/aprender.sejus.df.gov.br\/#\/schema\/person\/image\/","url":"https:\/\/secure.gravatar.com\/avatar\/eecf129a3b1190de678b5690e42de394?s=96&d=mm&r=g","contentUrl":"https:\/\/secure.gravatar.com\/avatar\/eecf129a3b1190de678b5690e42de394?s=96&d=mm&r=g","caption":"GECAP"},"url":"https:\/\/aprender.sejus.df.gov.br\/?author=3"}]}},"_links":{"self":[{"href":"https:\/\/aprender.sejus.df.gov.br\/index.php?rest_route=\/wp\/v2\/posts\/1449"}],"collection":[{"href":"https:\/\/aprender.sejus.df.gov.br\/index.php?rest_route=\/wp\/v2\/posts"}],"about":[{"href":"https:\/\/aprender.sejus.df.gov.br\/index.php?rest_route=\/wp\/v2\/types\/post"}],"author":[{"embeddable":true,"href":"https:\/\/aprender.sejus.df.gov.br\/index.php?rest_route=\/wp\/v2\/users\/3"}],"replies":[{"embeddable":true,"href":"https:\/\/aprender.sejus.df.gov.br\/index.php?rest_route=%2Fwp%2Fv2%2Fcomments&post=1449"}],"version-history":[{"count":1,"href":"https:\/\/aprender.sejus.df.gov.br\/index.php?rest_route=\/wp\/v2\/posts\/1449\/revisions"}],"predecessor-version":[{"id":1450,"href":"https:\/\/aprender.sejus.df.gov.br\/index.php?rest_route=\/wp\/v2\/posts\/1449\/revisions\/1450"}],"wp:featuredmedia":[{"embeddable":true,"href":"https:\/\/aprender.sejus.df.gov.br\/index.php?rest_route=\/wp\/v2\/media\/1456"}],"wp:attachment":[{"href":"https:\/\/aprender.sejus.df.gov.br\/index.php?rest_route=%2Fwp%2Fv2%2Fmedia&parent=1449"}],"wp:term":[{"taxonomy":"category","embeddable":true,"href":"https:\/\/aprender.sejus.df.gov.br\/index.php?rest_route=%2Fwp%2Fv2%2Fcategories&post=1449"},{"taxonomy":"post_tag","embeddable":true,"href":"https:\/\/aprender.sejus.df.gov.br\/index.php?rest_route=%2Fwp%2Fv2%2Ftags&post=1449"}],"curies":[{"name":"wp","href":"https:\/\/api.w.org\/{rel}","templated":true}]}}