{"id":1459,"date":"2023-10-16T09:51:13","date_gmt":"2023-10-16T12:51:13","guid":{"rendered":"https:\/\/aprender.sejus.df.gov.br\/?p=1459"},"modified":"2023-10-23T15:49:25","modified_gmt":"2023-10-23T18:49:25","slug":"inteligencia-emocional","status":"publish","type":"post","link":"https:\/\/aprender.sejus.df.gov.br\/?p=1459","title":{"rendered":"Intelig\u00eancia Emocional"},"content":{"rendered":"\n<p><br>A&nbsp;Secretaria de Estado de Justi\u00e7a e Cidadania, por meio da parceria entre a Ger\u00eancia de Capacita\u00e7\u00e3o e Desenvolvimento (Gecap) e a Escola de Governo do Distrito Federal (Egov-DF), lan\u00e7a hoje as inscri\u00e7\u00f5es para a turma exclusiva de &#8220;<strong>Intelig\u00eancia Emocional<\/strong>&#8220;.<\/p>\n\n\n\n<p>O curso ser\u00e1 ministrado presencialmente pelo psic\u00f3logo e especialista socioeducativo&nbsp;Ot\u00e1vio Guimar\u00e3es, entre os dias 23 e 27&nbsp;de outubro, de 8h \u00e0s 12h, na sede da Egov-DF.<\/p>\n\n\n\n<p>O instrutor possui ampla&nbsp;experi\u00eancia em psicologia cl\u00ednica e, por meio de&nbsp;instrutoria na Sejus e na Egov-DF, tem se dedicado \u00e0 dissemina\u00e7\u00e3o de conhecimentos das \u00e1reas de Psicologia Positiva, Cognitiva e Comportamental.<\/p>\n\n\n\n<p>Para tanto, elencamos abaixo as principais informa\u00e7\u00f5es sobre o curso em quest\u00e3o&nbsp;a fim de dirimir eventuais d\u00favidas que possam existir:<\/p>\n\n\n\n<p><strong>Quais conte\u00fados ser\u00e3o abordados?<\/strong><\/p>\n\n\n\n<p>Percep\u00e7\u00e3o e classifica\u00e7\u00e3o das emo\u00e7\u00f5es; Interpreta\u00e7\u00f5es negativas das emo\u00e7\u00f5es; Manejo e uso das emo\u00e7\u00f5es; Distor\u00e7\u00f5es cognitivas; Reestrutura\u00e7\u00e3o cognitiva; Aten\u00e7\u00e3o plena; Aceita\u00e7\u00e3o e compromisso.<\/p>\n\n\n\n<p><strong>Quando o curso vai acontecer?<\/strong><\/p>\n\n\n\n<p>O curso ser\u00e1 realizado de forma presencial na Escola de Governo, no turno matutino (8h \u00e0s 12h). A carga hor\u00e1ria de 20 horas ser\u00e1 dividida entre os dias 23 e 27&nbsp;de outubro.<\/p>\n\n\n\n<p><strong>Qual \u00e9 o p\u00fablico-alvo deste curso?<\/strong><\/p>\n\n\n\n<p>Todos os servidores&nbsp;da Sejus.<\/p>\n\n\n\n<p><strong>Como eu me inscrevo?<\/strong><\/p>\n\n\n\n<p>Para&nbsp;se inscrever, clique neste&nbsp;<a href=\"https:\/\/sistemas.df.gov.br\/EGOV\/DetalheTurma.aspx?TurmaId=2271\" target=\"_blank\" rel=\"noreferrer noopener\"><\/a><a href=\"https:\/\/sistemas.df.gov.br\/EGOV\/DetalheTurma.aspx?TurmaId=2271\" target=\"_blank\" rel=\"noreferrer noopener\">link<\/a>, fa\u00e7a login e clique em &#8220;Pr\u00e9-Inscri\u00e7\u00e3o&#8221;. Os dados de login s\u00e3o os mesmos utilizados para acesso ao SEI e ao e-mail institucional. Os servidores contemplados ser\u00e3o informados&nbsp;com anteced\u00eancia,&nbsp;por e-mail,&nbsp;pela Escola de Governo. Em caso de dificuldades com a inscri\u00e7\u00e3o, o servidor deve entrar em contato diretamente com a Egov pelo n\u00famero 3344-0129 ou 3344-0028.<\/p>\n\n\n\n<p>Informamos tamb\u00e9m que, em breve, ofertaremos turmas nas seguintes tem\u00e1ticas:<\/p>\n\n\n\n<ul><li>Comunica\u00e7\u00e3o N\u00e3o-Violenta; e<\/li><li>Aquisi\u00e7\u00f5es de Bens e Servi\u00e7os.<\/li><\/ul>\n\n\n\n<p>Aos interessados, desejamos bons estudos!<\/p>\n","protected":false},"excerpt":{"rendered":"<p>A&nbsp;Secretaria de Estado de Justi\u00e7a e Cidadania, por meio da parceria entre a Ger\u00eancia de Capacita\u00e7\u00e3o e Desenvolvimento (Gecap) e a Escola de Governo do Distrito Federal (Egov-DF), lan\u00e7a hoje as inscri\u00e7\u00f5es para a turma exclusiva de &#8220;Intelig\u00eancia Emocional&#8220;. O curso ser\u00e1 ministrado presencialmente pelo psic\u00f3logo e especialista socioeducativo&nbsp;Ot\u00e1vio Guimar\u00e3es, entre os dias 23 e [&hellip;]<\/p>\n","protected":false},"author":3,"featured_media":1461,"comment_status":"closed","ping_status":"closed","sticky":false,"template":"","format":"standard","meta":[],"categories":[114],"tags":[17],"yoast_head":"<!-- This site is optimized with the Yoast SEO plugin v19.7.1 - https:\/\/yoast.com\/wordpress\/plugins\/seo\/ -->\n<title>Intelig\u00eancia Emocional - Aprender SEJUS<\/title>\n<meta name=\"robots\" content=\"index, follow, max-snippet:-1, max-image-preview:large, max-video-preview:-1\" \/>\n<link rel=\"canonical\" href=\"https:\/\/aprender.sejus.df.gov.br\/?p=1459\" \/>\n<meta property=\"og:locale\" content=\"pt_BR\" \/>\n<meta property=\"og:type\" content=\"article\" \/>\n<meta property=\"og:title\" content=\"Intelig\u00eancia Emocional - Aprender SEJUS\" \/>\n<meta property=\"og:description\" content=\"A&nbsp;Secretaria de Estado de Justi\u00e7a e Cidadania, por meio da parceria entre a Ger\u00eancia de Capacita\u00e7\u00e3o e Desenvolvimento (Gecap) e a Escola de Governo do Distrito Federal (Egov-DF), lan\u00e7a hoje as inscri\u00e7\u00f5es para a turma exclusiva de &#8220;Intelig\u00eancia Emocional&#8220;. O curso ser\u00e1 ministrado presencialmente pelo psic\u00f3logo e especialista socioeducativo&nbsp;Ot\u00e1vio Guimar\u00e3es, entre os dias 23 e [&hellip;]\" \/>\n<meta property=\"og:url\" content=\"https:\/\/aprender.sejus.df.gov.br\/?p=1459\" \/>\n<meta property=\"og:site_name\" content=\"Aprender SEJUS\" \/>\n<meta property=\"article:published_time\" content=\"2023-10-16T12:51:13+00:00\" \/>\n<meta property=\"article:modified_time\" content=\"2023-10-23T18:49:25+00:00\" \/>\n<meta property=\"og:image\" content=\"https:\/\/aprender.sejus.df.gov.br\/wp-content\/uploads\/2023\/10\/inteligemocional.png\" \/>\n\t<meta property=\"og:image:width\" content=\"529\" \/>\n\t<meta property=\"og:image:height\" content=\"443\" \/>\n\t<meta property=\"og:image:type\" content=\"image\/png\" \/>\n<meta name=\"author\" content=\"GECAP\" \/>\n<meta name=\"twitter:card\" content=\"summary_large_image\" \/>\n<meta name=\"twitter:label1\" content=\"Written by\" \/>\n\t<meta name=\"twitter:data1\" content=\"GECAP\" \/>\n\t<meta name=\"twitter:label2\" content=\"Est. reading time\" \/>\n\t<meta name=\"twitter:data2\" content=\"2 minutos\" \/>\n<script type=\"application\/ld+json\" class=\"yoast-schema-graph\">{\"@context\":\"https:\/\/schema.org\",\"@graph\":[{\"@type\":\"WebPage\",\"@id\":\"https:\/\/aprender.sejus.df.gov.br\/?p=1459\",\"url\":\"https:\/\/aprender.sejus.df.gov.br\/?p=1459\",\"name\":\"Intelig\u00eancia Emocional - Aprender SEJUS\",\"isPartOf\":{\"@id\":\"http:\/\/aprender.sejus.df.gov.br\/#website\"},\"datePublished\":\"2023-10-16T12:51:13+00:00\",\"dateModified\":\"2023-10-23T18:49:25+00:00\",\"author\":{\"@id\":\"http:\/\/aprender.sejus.df.gov.br\/#\/schema\/person\/6f1fb348cdf3f09e574018c52049e099\"},\"breadcrumb\":{\"@id\":\"https:\/\/aprender.sejus.df.gov.br\/?p=1459#breadcrumb\"},\"inLanguage\":\"pt-BR\",\"potentialAction\":[{\"@type\":\"ReadAction\",\"target\":[\"https:\/\/aprender.sejus.df.gov.br\/?p=1459\"]}]},{\"@type\":\"BreadcrumbList\",\"@id\":\"https:\/\/aprender.sejus.df.gov.br\/?p=1459#breadcrumb\",\"itemListElement\":[{\"@type\":\"ListItem\",\"position\":1,\"name\":\"Home\",\"item\":\"https:\/\/aprender.sejus.df.gov.br\/\"},{\"@type\":\"ListItem\",\"position\":2,\"name\":\"Intelig\u00eancia Emocional\"}]},{\"@type\":\"WebSite\",\"@id\":\"http:\/\/aprender.sejus.df.gov.br\/#website\",\"url\":\"http:\/\/aprender.sejus.df.gov.br\/\",\"name\":\"Aprender SEJUS\",\"description\":\"\",\"potentialAction\":[{\"@type\":\"SearchAction\",\"target\":{\"@type\":\"EntryPoint\",\"urlTemplate\":\"http:\/\/aprender.sejus.df.gov.br\/?s={search_term_string}\"},\"query-input\":\"required name=search_term_string\"}],\"inLanguage\":\"pt-BR\"},{\"@type\":\"Person\",\"@id\":\"http:\/\/aprender.sejus.df.gov.br\/#\/schema\/person\/6f1fb348cdf3f09e574018c52049e099\",\"name\":\"GECAP\",\"image\":{\"@type\":\"ImageObject\",\"inLanguage\":\"pt-BR\",\"@id\":\"http:\/\/aprender.sejus.df.gov.br\/#\/schema\/person\/image\/\",\"url\":\"https:\/\/secure.gravatar.com\/avatar\/eecf129a3b1190de678b5690e42de394?s=96&d=mm&r=g\",\"contentUrl\":\"https:\/\/secure.gravatar.com\/avatar\/eecf129a3b1190de678b5690e42de394?s=96&d=mm&r=g\",\"caption\":\"GECAP\"},\"url\":\"https:\/\/aprender.sejus.df.gov.br\/?author=3\"}]}<\/script>\n<!-- \/ Yoast SEO plugin. -->","yoast_head_json":{"title":"Intelig\u00eancia Emocional - Aprender SEJUS","robots":{"index":"index","follow":"follow","max-snippet":"max-snippet:-1","max-image-preview":"max-image-preview:large","max-video-preview":"max-video-preview:-1"},"canonical":"https:\/\/aprender.sejus.df.gov.br\/?p=1459","og_locale":"pt_BR","og_type":"article","og_title":"Intelig\u00eancia Emocional - Aprender SEJUS","og_description":"A&nbsp;Secretaria de Estado de Justi\u00e7a e Cidadania, por meio da parceria entre a Ger\u00eancia de Capacita\u00e7\u00e3o e Desenvolvimento (Gecap) e a Escola de Governo do Distrito Federal (Egov-DF), lan\u00e7a hoje as inscri\u00e7\u00f5es para a turma exclusiva de &#8220;Intelig\u00eancia Emocional&#8220;. O curso ser\u00e1 ministrado presencialmente pelo psic\u00f3logo e especialista socioeducativo&nbsp;Ot\u00e1vio Guimar\u00e3es, entre os dias 23 e [&hellip;]","og_url":"https:\/\/aprender.sejus.df.gov.br\/?p=1459","og_site_name":"Aprender SEJUS","article_published_time":"2023-10-16T12:51:13+00:00","article_modified_time":"2023-10-23T18:49:25+00:00","og_image":[{"width":529,"height":443,"url":"https:\/\/aprender.sejus.df.gov.br\/wp-content\/uploads\/2023\/10\/inteligemocional.png","type":"image\/png"}],"author":"GECAP","twitter_card":"summary_large_image","twitter_misc":{"Written by":"GECAP","Est. reading time":"2 minutos"},"schema":{"@context":"https:\/\/schema.org","@graph":[{"@type":"WebPage","@id":"https:\/\/aprender.sejus.df.gov.br\/?p=1459","url":"https:\/\/aprender.sejus.df.gov.br\/?p=1459","name":"Intelig\u00eancia Emocional - Aprender SEJUS","isPartOf":{"@id":"http:\/\/aprender.sejus.df.gov.br\/#website"},"datePublished":"2023-10-16T12:51:13+00:00","dateModified":"2023-10-23T18:49:25+00:00","author":{"@id":"http:\/\/aprender.sejus.df.gov.br\/#\/schema\/person\/6f1fb348cdf3f09e574018c52049e099"},"breadcrumb":{"@id":"https:\/\/aprender.sejus.df.gov.br\/?p=1459#breadcrumb"},"inLanguage":"pt-BR","potentialAction":[{"@type":"ReadAction","target":["https:\/\/aprender.sejus.df.gov.br\/?p=1459"]}]},{"@type":"BreadcrumbList","@id":"https:\/\/aprender.sejus.df.gov.br\/?p=1459#breadcrumb","itemListElement":[{"@type":"ListItem","position":1,"name":"Home","item":"https:\/\/aprender.sejus.df.gov.br\/"},{"@type":"ListItem","position":2,"name":"Intelig\u00eancia Emocional"}]},{"@type":"WebSite","@id":"http:\/\/aprender.sejus.df.gov.br\/#website","url":"http:\/\/aprender.sejus.df.gov.br\/","name":"Aprender SEJUS","description":"","potentialAction":[{"@type":"SearchAction","target":{"@type":"EntryPoint","urlTemplate":"http:\/\/aprender.sejus.df.gov.br\/?s={search_term_string}"},"query-input":"required name=search_term_string"}],"inLanguage":"pt-BR"},{"@type":"Person","@id":"http:\/\/aprender.sejus.df.gov.br\/#\/schema\/person\/6f1fb348cdf3f09e574018c52049e099","name":"GECAP","image":{"@type":"ImageObject","inLanguage":"pt-BR","@id":"http:\/\/aprender.sejus.df.gov.br\/#\/schema\/person\/image\/","url":"https:\/\/secure.gravatar.com\/avatar\/eecf129a3b1190de678b5690e42de394?s=96&d=mm&r=g","contentUrl":"https:\/\/secure.gravatar.com\/avatar\/eecf129a3b1190de678b5690e42de394?s=96&d=mm&r=g","caption":"GECAP"},"url":"https:\/\/aprender.sejus.df.gov.br\/?author=3"}]}},"_links":{"self":[{"href":"https:\/\/aprender.sejus.df.gov.br\/index.php?rest_route=\/wp\/v2\/posts\/1459"}],"collection":[{"href":"https:\/\/aprender.sejus.df.gov.br\/index.php?rest_route=\/wp\/v2\/posts"}],"about":[{"href":"https:\/\/aprender.sejus.df.gov.br\/index.php?rest_route=\/wp\/v2\/types\/post"}],"author":[{"embeddable":true,"href":"https:\/\/aprender.sejus.df.gov.br\/index.php?rest_route=\/wp\/v2\/users\/3"}],"replies":[{"embeddable":true,"href":"https:\/\/aprender.sejus.df.gov.br\/index.php?rest_route=%2Fwp%2Fv2%2Fcomments&post=1459"}],"version-history":[{"count":4,"href":"https:\/\/aprender.sejus.df.gov.br\/index.php?rest_route=\/wp\/v2\/posts\/1459\/revisions"}],"predecessor-version":[{"id":1464,"href":"https:\/\/aprender.sejus.df.gov.br\/index.php?rest_route=\/wp\/v2\/posts\/1459\/revisions\/1464"}],"wp:featuredmedia":[{"embeddable":true,"href":"https:\/\/aprender.sejus.df.gov.br\/index.php?rest_route=\/wp\/v2\/media\/1461"}],"wp:attachment":[{"href":"https:\/\/aprender.sejus.df.gov.br\/index.php?rest_route=%2Fwp%2Fv2%2Fmedia&parent=1459"}],"wp:term":[{"taxonomy":"category","embeddable":true,"href":"https:\/\/aprender.sejus.df.gov.br\/index.php?rest_route=%2Fwp%2Fv2%2Fcategories&post=1459"},{"taxonomy":"post_tag","embeddable":true,"href":"https:\/\/aprender.sejus.df.gov.br\/index.php?rest_route=%2Fwp%2Fv2%2Ftags&post=1459"}],"curies":[{"name":"wp","href":"https:\/\/api.w.org\/{rel}","templated":true}]}}