{"id":1785,"date":"2025-10-16T14:31:59","date_gmt":"2025-10-16T17:31:59","guid":{"rendered":"https:\/\/aprender.sejus.df.gov.br\/?p=1785"},"modified":"2025-10-16T14:49:18","modified_gmt":"2025-10-16T17:49:18","slug":"seguranca-socioeducativa-aplicada-ao-servico-voluntario","status":"publish","type":"post","link":"https:\/\/aprender.sejus.df.gov.br\/?p=1785","title":{"rendered":"Seguran\u00e7a Socioeducativa Aplicada ao Servi\u00e7o Volunt\u00e1rio"},"content":{"rendered":"\n<p>O curso ir\u00e1 capacitar os(as) Agentes Socioeducativos(as) para uma atua\u00e7\u00e3o segura, qualificada e eficiente no contexto do servi\u00e7o volunt\u00e1rio, fortalecendo as pr\u00e1ticas de seguran\u00e7a no ambiente socioeducativo. A capacita\u00e7\u00e3o permitir\u00e1 que os agentes compreendam e se adequem \u00e0 realidade institucional do regime fechado. Al\u00e9m disso, considerando a atua\u00e7\u00e3o de agentes em \u00e1reas distintas das unidades de interna\u00e7\u00e3o, o curso prepara os profissionais para poss\u00edveis crises e interven\u00e7\u00f5es, resguardando seus direitos e os dos adolescentes.<\/p>\n","protected":false},"excerpt":{"rendered":"<p>A capacita\u00e7\u00e3o permitir\u00e1 que os agentes compreendam e se adequem \u00e0 realidade institucional do regime fechado. Al\u00e9m disso, considerando a atua\u00e7\u00e3o de agentes em \u00e1reas distintas das unidades de interna\u00e7\u00e3o, o curso prepara os profissionais para poss\u00edveis crises e interven\u00e7\u00f5es, resguardando seus direitos e os dos adolescentes.<\/p>\n","protected":false},"author":14,"featured_media":1270,"comment_status":"open","ping_status":"open","sticky":false,"template":"","format":"standard","meta":[],"categories":[12,10],"tags":[17],"yoast_head":"<!-- This site is optimized with the Yoast SEO plugin v19.7.1 - https:\/\/yoast.com\/wordpress\/plugins\/seo\/ -->\n<title>Seguran\u00e7a Socioeducativa Aplicada ao Servi\u00e7o Volunt\u00e1rio - Aprender SEJUS<\/title>\n<meta name=\"robots\" content=\"index, follow, max-snippet:-1, max-image-preview:large, max-video-preview:-1\" \/>\n<link rel=\"canonical\" href=\"https:\/\/aprender.sejus.df.gov.br\/?p=1785\" \/>\n<meta property=\"og:locale\" content=\"pt_BR\" \/>\n<meta property=\"og:type\" content=\"article\" \/>\n<meta property=\"og:title\" content=\"Seguran\u00e7a Socioeducativa Aplicada ao Servi\u00e7o Volunt\u00e1rio - Aprender SEJUS\" \/>\n<meta property=\"og:description\" content=\"A capacita\u00e7\u00e3o permitir\u00e1 que os agentes compreendam e se adequem \u00e0 realidade institucional do regime fechado. Al\u00e9m disso, considerando a atua\u00e7\u00e3o de agentes em \u00e1reas distintas das unidades de interna\u00e7\u00e3o, o curso prepara os profissionais para poss\u00edveis crises e interven\u00e7\u00f5es, resguardando seus direitos e os dos adolescentes.\" \/>\n<meta property=\"og:url\" content=\"https:\/\/aprender.sejus.df.gov.br\/?p=1785\" \/>\n<meta property=\"og:site_name\" content=\"Aprender SEJUS\" \/>\n<meta property=\"article:published_time\" content=\"2025-10-16T17:31:59+00:00\" \/>\n<meta property=\"article:modified_time\" content=\"2025-10-16T17:49:18+00:00\" \/>\n<meta property=\"og:image\" content=\"https:\/\/aprender.sejus.df.gov.br\/wp-content\/uploads\/2022\/06\/Screen-Shot-2022-06-03-at-11.07.43.png\" \/>\n\t<meta property=\"og:image:width\" content=\"1384\" \/>\n\t<meta property=\"og:image:height\" content=\"1050\" \/>\n\t<meta property=\"og:image:type\" content=\"image\/png\" \/>\n<meta name=\"author\" content=\"Murilo Rezende\" \/>\n<meta name=\"twitter:card\" content=\"summary_large_image\" \/>\n<meta name=\"twitter:label1\" content=\"Written by\" \/>\n\t<meta name=\"twitter:data1\" content=\"Murilo Rezende\" \/>\n\t<meta name=\"twitter:label2\" content=\"Est. reading time\" \/>\n\t<meta name=\"twitter:data2\" content=\"1 minuto\" \/>\n<script type=\"application\/ld+json\" class=\"yoast-schema-graph\">{\"@context\":\"https:\/\/schema.org\",\"@graph\":[{\"@type\":\"WebPage\",\"@id\":\"https:\/\/aprender.sejus.df.gov.br\/?p=1785\",\"url\":\"https:\/\/aprender.sejus.df.gov.br\/?p=1785\",\"name\":\"Seguran\u00e7a Socioeducativa Aplicada ao Servi\u00e7o Volunt\u00e1rio - Aprender SEJUS\",\"isPartOf\":{\"@id\":\"http:\/\/aprender.sejus.df.gov.br\/#website\"},\"datePublished\":\"2025-10-16T17:31:59+00:00\",\"dateModified\":\"2025-10-16T17:49:18+00:00\",\"author\":{\"@id\":\"http:\/\/aprender.sejus.df.gov.br\/#\/schema\/person\/03c456df455b780a4fbd9eb699085be6\"},\"breadcrumb\":{\"@id\":\"https:\/\/aprender.sejus.df.gov.br\/?p=1785#breadcrumb\"},\"inLanguage\":\"pt-BR\",\"potentialAction\":[{\"@type\":\"ReadAction\",\"target\":[\"https:\/\/aprender.sejus.df.gov.br\/?p=1785\"]}]},{\"@type\":\"BreadcrumbList\",\"@id\":\"https:\/\/aprender.sejus.df.gov.br\/?p=1785#breadcrumb\",\"itemListElement\":[{\"@type\":\"ListItem\",\"position\":1,\"name\":\"Home\",\"item\":\"https:\/\/aprender.sejus.df.gov.br\/\"},{\"@type\":\"ListItem\",\"position\":2,\"name\":\"Seguran\u00e7a Socioeducativa Aplicada ao Servi\u00e7o Volunt\u00e1rio\"}]},{\"@type\":\"WebSite\",\"@id\":\"http:\/\/aprender.sejus.df.gov.br\/#website\",\"url\":\"http:\/\/aprender.sejus.df.gov.br\/\",\"name\":\"Aprender SEJUS\",\"description\":\"\",\"potentialAction\":[{\"@type\":\"SearchAction\",\"target\":{\"@type\":\"EntryPoint\",\"urlTemplate\":\"http:\/\/aprender.sejus.df.gov.br\/?s={search_term_string}\"},\"query-input\":\"required name=search_term_string\"}],\"inLanguage\":\"pt-BR\"},{\"@type\":\"Person\",\"@id\":\"http:\/\/aprender.sejus.df.gov.br\/#\/schema\/person\/03c456df455b780a4fbd9eb699085be6\",\"name\":\"Murilo Rezende\",\"image\":{\"@type\":\"ImageObject\",\"inLanguage\":\"pt-BR\",\"@id\":\"http:\/\/aprender.sejus.df.gov.br\/#\/schema\/person\/image\/\",\"url\":\"https:\/\/secure.gravatar.com\/avatar\/cc0328c52601b892580920256b8c0b9b?s=96&d=mm&r=g\",\"contentUrl\":\"https:\/\/secure.gravatar.com\/avatar\/cc0328c52601b892580920256b8c0b9b?s=96&d=mm&r=g\",\"caption\":\"Murilo Rezende\"},\"url\":\"https:\/\/aprender.sejus.df.gov.br\/?author=14\"}]}<\/script>\n<!-- \/ Yoast SEO plugin. -->","yoast_head_json":{"title":"Seguran\u00e7a Socioeducativa Aplicada ao Servi\u00e7o Volunt\u00e1rio - Aprender SEJUS","robots":{"index":"index","follow":"follow","max-snippet":"max-snippet:-1","max-image-preview":"max-image-preview:large","max-video-preview":"max-video-preview:-1"},"canonical":"https:\/\/aprender.sejus.df.gov.br\/?p=1785","og_locale":"pt_BR","og_type":"article","og_title":"Seguran\u00e7a Socioeducativa Aplicada ao Servi\u00e7o Volunt\u00e1rio - Aprender SEJUS","og_description":"A capacita\u00e7\u00e3o permitir\u00e1 que os agentes compreendam e se adequem \u00e0 realidade institucional do regime fechado. Al\u00e9m disso, considerando a atua\u00e7\u00e3o de agentes em \u00e1reas distintas das unidades de interna\u00e7\u00e3o, o curso prepara os profissionais para poss\u00edveis crises e interven\u00e7\u00f5es, resguardando seus direitos e os dos adolescentes.","og_url":"https:\/\/aprender.sejus.df.gov.br\/?p=1785","og_site_name":"Aprender SEJUS","article_published_time":"2025-10-16T17:31:59+00:00","article_modified_time":"2025-10-16T17:49:18+00:00","og_image":[{"width":1384,"height":1050,"url":"https:\/\/aprender.sejus.df.gov.br\/wp-content\/uploads\/2022\/06\/Screen-Shot-2022-06-03-at-11.07.43.png","type":"image\/png"}],"author":"Murilo Rezende","twitter_card":"summary_large_image","twitter_misc":{"Written by":"Murilo Rezende","Est. reading time":"1 minuto"},"schema":{"@context":"https:\/\/schema.org","@graph":[{"@type":"WebPage","@id":"https:\/\/aprender.sejus.df.gov.br\/?p=1785","url":"https:\/\/aprender.sejus.df.gov.br\/?p=1785","name":"Seguran\u00e7a Socioeducativa Aplicada ao Servi\u00e7o Volunt\u00e1rio - Aprender SEJUS","isPartOf":{"@id":"http:\/\/aprender.sejus.df.gov.br\/#website"},"datePublished":"2025-10-16T17:31:59+00:00","dateModified":"2025-10-16T17:49:18+00:00","author":{"@id":"http:\/\/aprender.sejus.df.gov.br\/#\/schema\/person\/03c456df455b780a4fbd9eb699085be6"},"breadcrumb":{"@id":"https:\/\/aprender.sejus.df.gov.br\/?p=1785#breadcrumb"},"inLanguage":"pt-BR","potentialAction":[{"@type":"ReadAction","target":["https:\/\/aprender.sejus.df.gov.br\/?p=1785"]}]},{"@type":"BreadcrumbList","@id":"https:\/\/aprender.sejus.df.gov.br\/?p=1785#breadcrumb","itemListElement":[{"@type":"ListItem","position":1,"name":"Home","item":"https:\/\/aprender.sejus.df.gov.br\/"},{"@type":"ListItem","position":2,"name":"Seguran\u00e7a Socioeducativa Aplicada ao Servi\u00e7o Volunt\u00e1rio"}]},{"@type":"WebSite","@id":"http:\/\/aprender.sejus.df.gov.br\/#website","url":"http:\/\/aprender.sejus.df.gov.br\/","name":"Aprender SEJUS","description":"","potentialAction":[{"@type":"SearchAction","target":{"@type":"EntryPoint","urlTemplate":"http:\/\/aprender.sejus.df.gov.br\/?s={search_term_string}"},"query-input":"required name=search_term_string"}],"inLanguage":"pt-BR"},{"@type":"Person","@id":"http:\/\/aprender.sejus.df.gov.br\/#\/schema\/person\/03c456df455b780a4fbd9eb699085be6","name":"Murilo Rezende","image":{"@type":"ImageObject","inLanguage":"pt-BR","@id":"http:\/\/aprender.sejus.df.gov.br\/#\/schema\/person\/image\/","url":"https:\/\/secure.gravatar.com\/avatar\/cc0328c52601b892580920256b8c0b9b?s=96&d=mm&r=g","contentUrl":"https:\/\/secure.gravatar.com\/avatar\/cc0328c52601b892580920256b8c0b9b?s=96&d=mm&r=g","caption":"Murilo Rezende"},"url":"https:\/\/aprender.sejus.df.gov.br\/?author=14"}]}},"_links":{"self":[{"href":"https:\/\/aprender.sejus.df.gov.br\/index.php?rest_route=\/wp\/v2\/posts\/1785"}],"collection":[{"href":"https:\/\/aprender.sejus.df.gov.br\/index.php?rest_route=\/wp\/v2\/posts"}],"about":[{"href":"https:\/\/aprender.sejus.df.gov.br\/index.php?rest_route=\/wp\/v2\/types\/post"}],"author":[{"embeddable":true,"href":"https:\/\/aprender.sejus.df.gov.br\/index.php?rest_route=\/wp\/v2\/users\/14"}],"replies":[{"embeddable":true,"href":"https:\/\/aprender.sejus.df.gov.br\/index.php?rest_route=%2Fwp%2Fv2%2Fcomments&post=1785"}],"version-history":[{"count":2,"href":"https:\/\/aprender.sejus.df.gov.br\/index.php?rest_route=\/wp\/v2\/posts\/1785\/revisions"}],"predecessor-version":[{"id":1787,"href":"https:\/\/aprender.sejus.df.gov.br\/index.php?rest_route=\/wp\/v2\/posts\/1785\/revisions\/1787"}],"wp:featuredmedia":[{"embeddable":true,"href":"https:\/\/aprender.sejus.df.gov.br\/index.php?rest_route=\/wp\/v2\/media\/1270"}],"wp:attachment":[{"href":"https:\/\/aprender.sejus.df.gov.br\/index.php?rest_route=%2Fwp%2Fv2%2Fmedia&parent=1785"}],"wp:term":[{"taxonomy":"category","embeddable":true,"href":"https:\/\/aprender.sejus.df.gov.br\/index.php?rest_route=%2Fwp%2Fv2%2Fcategories&post=1785"},{"taxonomy":"post_tag","embeddable":true,"href":"https:\/\/aprender.sejus.df.gov.br\/index.php?rest_route=%2Fwp%2Fv2%2Ftags&post=1785"}],"curies":[{"name":"wp","href":"https:\/\/api.w.org\/{rel}","templated":true}]}}