{"id":1789,"date":"2025-10-16T14:55:33","date_gmt":"2025-10-16T17:55:33","guid":{"rendered":"https:\/\/aprender.sejus.df.gov.br\/?p=1789"},"modified":"2025-10-16T14:55:33","modified_gmt":"2025-10-16T17:55:33","slug":"operador-de-bastao-tonfa","status":"publish","type":"post","link":"https:\/\/aprender.sejus.df.gov.br\/?p=1789","title":{"rendered":"Operador de Bast\u00e3o Tonfa"},"content":{"rendered":"\n<p>O curso tem como objetivo capacitar e aprimorar os(as) profissionais de seguran\u00e7a socioeducativos no uso do bast\u00e3o Tonfa, maximizando sua aplica\u00e7\u00e3o t\u00e1tica com base na legalidade, necessidade, proporcionalidade e respeito aos direitos humanos. Al\u00e9m disso, atualiza conhecimentos te\u00f3ricos e pr\u00e1ticos sobre t\u00e9cnicas de seguran\u00e7a protetiva, defesa pessoal, imobiliza\u00e7\u00f5es t\u00e1ticas e conten\u00e7\u00f5es com o Bast\u00e3o Tonfa como Equipamento de Prote\u00e7\u00e3o Individual (EPI), no contexto do Sistema Socioeducativo.<\/p>\n","protected":false},"excerpt":{"rendered":"<p>O curso tem como objetivo capacitar e aprimorar os(as) profissionais de seguran\u00e7a socioeducativos no uso do bast\u00e3o Tonfa, maximizando sua aplica\u00e7\u00e3o t\u00e1tica com base na legalidade, necessidade, proporcionalidade e respeito aos direitos humanos. Al\u00e9m disso, atualiza conhecimentos te\u00f3ricos e pr\u00e1ticos sobre t\u00e9cnicas de seguran\u00e7a protetiva, defesa pessoal, imobiliza\u00e7\u00f5es t\u00e1ticas e conten\u00e7\u00f5es com o Bast\u00e3o Tonfa [&hellip;]<\/p>\n","protected":false},"author":14,"featured_media":1790,"comment_status":"open","ping_status":"open","sticky":false,"template":"","format":"standard","meta":[],"categories":[12,123],"tags":[17],"yoast_head":"<!-- This site is optimized with the Yoast SEO plugin v19.7.1 - https:\/\/yoast.com\/wordpress\/plugins\/seo\/ -->\n<title>Operador de Bast\u00e3o Tonfa - Aprender SEJUS<\/title>\n<meta name=\"robots\" content=\"index, follow, max-snippet:-1, max-image-preview:large, max-video-preview:-1\" \/>\n<link rel=\"canonical\" href=\"https:\/\/aprender.sejus.df.gov.br\/?p=1789\" \/>\n<meta property=\"og:locale\" content=\"pt_BR\" \/>\n<meta property=\"og:type\" content=\"article\" \/>\n<meta property=\"og:title\" content=\"Operador de Bast\u00e3o Tonfa - Aprender SEJUS\" \/>\n<meta property=\"og:description\" content=\"O curso tem como objetivo capacitar e aprimorar os(as) profissionais de seguran\u00e7a socioeducativos no uso do bast\u00e3o Tonfa, maximizando sua aplica\u00e7\u00e3o t\u00e1tica com base na legalidade, necessidade, proporcionalidade e respeito aos direitos humanos. Al\u00e9m disso, atualiza conhecimentos te\u00f3ricos e pr\u00e1ticos sobre t\u00e9cnicas de seguran\u00e7a protetiva, defesa pessoal, imobiliza\u00e7\u00f5es t\u00e1ticas e conten\u00e7\u00f5es com o Bast\u00e3o Tonfa [&hellip;]\" \/>\n<meta property=\"og:url\" content=\"https:\/\/aprender.sejus.df.gov.br\/?p=1789\" \/>\n<meta property=\"og:site_name\" content=\"Aprender SEJUS\" \/>\n<meta property=\"article:published_time\" content=\"2025-10-16T17:55:33+00:00\" \/>\n<meta property=\"og:image\" content=\"https:\/\/aprender.sejus.df.gov.br\/wp-content\/uploads\/2025\/10\/Curso-Operador-de-Bastao-Tonfa.png\" \/>\n\t<meta property=\"og:image:width\" content=\"850\" \/>\n\t<meta property=\"og:image:height\" content=\"400\" \/>\n\t<meta property=\"og:image:type\" content=\"image\/png\" \/>\n<meta name=\"author\" content=\"Murilo Rezende\" \/>\n<meta name=\"twitter:card\" content=\"summary_large_image\" \/>\n<meta name=\"twitter:label1\" content=\"Written by\" \/>\n\t<meta name=\"twitter:data1\" content=\"Murilo Rezende\" \/>\n\t<meta name=\"twitter:label2\" content=\"Est. reading time\" \/>\n\t<meta name=\"twitter:data2\" content=\"1 minuto\" \/>\n<script type=\"application\/ld+json\" class=\"yoast-schema-graph\">{\"@context\":\"https:\/\/schema.org\",\"@graph\":[{\"@type\":\"WebPage\",\"@id\":\"https:\/\/aprender.sejus.df.gov.br\/?p=1789\",\"url\":\"https:\/\/aprender.sejus.df.gov.br\/?p=1789\",\"name\":\"Operador de Bast\u00e3o Tonfa - Aprender SEJUS\",\"isPartOf\":{\"@id\":\"http:\/\/aprender.sejus.df.gov.br\/#website\"},\"datePublished\":\"2025-10-16T17:55:33+00:00\",\"dateModified\":\"2025-10-16T17:55:33+00:00\",\"author\":{\"@id\":\"http:\/\/aprender.sejus.df.gov.br\/#\/schema\/person\/03c456df455b780a4fbd9eb699085be6\"},\"breadcrumb\":{\"@id\":\"https:\/\/aprender.sejus.df.gov.br\/?p=1789#breadcrumb\"},\"inLanguage\":\"pt-BR\",\"potentialAction\":[{\"@type\":\"ReadAction\",\"target\":[\"https:\/\/aprender.sejus.df.gov.br\/?p=1789\"]}]},{\"@type\":\"BreadcrumbList\",\"@id\":\"https:\/\/aprender.sejus.df.gov.br\/?p=1789#breadcrumb\",\"itemListElement\":[{\"@type\":\"ListItem\",\"position\":1,\"name\":\"Home\",\"item\":\"https:\/\/aprender.sejus.df.gov.br\/\"},{\"@type\":\"ListItem\",\"position\":2,\"name\":\"Operador de Bast\u00e3o Tonfa\"}]},{\"@type\":\"WebSite\",\"@id\":\"http:\/\/aprender.sejus.df.gov.br\/#website\",\"url\":\"http:\/\/aprender.sejus.df.gov.br\/\",\"name\":\"Aprender SEJUS\",\"description\":\"\",\"potentialAction\":[{\"@type\":\"SearchAction\",\"target\":{\"@type\":\"EntryPoint\",\"urlTemplate\":\"http:\/\/aprender.sejus.df.gov.br\/?s={search_term_string}\"},\"query-input\":\"required name=search_term_string\"}],\"inLanguage\":\"pt-BR\"},{\"@type\":\"Person\",\"@id\":\"http:\/\/aprender.sejus.df.gov.br\/#\/schema\/person\/03c456df455b780a4fbd9eb699085be6\",\"name\":\"Murilo Rezende\",\"image\":{\"@type\":\"ImageObject\",\"inLanguage\":\"pt-BR\",\"@id\":\"http:\/\/aprender.sejus.df.gov.br\/#\/schema\/person\/image\/\",\"url\":\"https:\/\/secure.gravatar.com\/avatar\/cc0328c52601b892580920256b8c0b9b?s=96&d=mm&r=g\",\"contentUrl\":\"https:\/\/secure.gravatar.com\/avatar\/cc0328c52601b892580920256b8c0b9b?s=96&d=mm&r=g\",\"caption\":\"Murilo Rezende\"},\"url\":\"https:\/\/aprender.sejus.df.gov.br\/?author=14\"}]}<\/script>\n<!-- \/ Yoast SEO plugin. -->","yoast_head_json":{"title":"Operador de Bast\u00e3o Tonfa - Aprender SEJUS","robots":{"index":"index","follow":"follow","max-snippet":"max-snippet:-1","max-image-preview":"max-image-preview:large","max-video-preview":"max-video-preview:-1"},"canonical":"https:\/\/aprender.sejus.df.gov.br\/?p=1789","og_locale":"pt_BR","og_type":"article","og_title":"Operador de Bast\u00e3o Tonfa - Aprender SEJUS","og_description":"O curso tem como objetivo capacitar e aprimorar os(as) profissionais de seguran\u00e7a socioeducativos no uso do bast\u00e3o Tonfa, maximizando sua aplica\u00e7\u00e3o t\u00e1tica com base na legalidade, necessidade, proporcionalidade e respeito aos direitos humanos. Al\u00e9m disso, atualiza conhecimentos te\u00f3ricos e pr\u00e1ticos sobre t\u00e9cnicas de seguran\u00e7a protetiva, defesa pessoal, imobiliza\u00e7\u00f5es t\u00e1ticas e conten\u00e7\u00f5es com o Bast\u00e3o Tonfa [&hellip;]","og_url":"https:\/\/aprender.sejus.df.gov.br\/?p=1789","og_site_name":"Aprender SEJUS","article_published_time":"2025-10-16T17:55:33+00:00","og_image":[{"width":850,"height":400,"url":"https:\/\/aprender.sejus.df.gov.br\/wp-content\/uploads\/2025\/10\/Curso-Operador-de-Bastao-Tonfa.png","type":"image\/png"}],"author":"Murilo Rezende","twitter_card":"summary_large_image","twitter_misc":{"Written by":"Murilo Rezende","Est. reading time":"1 minuto"},"schema":{"@context":"https:\/\/schema.org","@graph":[{"@type":"WebPage","@id":"https:\/\/aprender.sejus.df.gov.br\/?p=1789","url":"https:\/\/aprender.sejus.df.gov.br\/?p=1789","name":"Operador de Bast\u00e3o Tonfa - Aprender SEJUS","isPartOf":{"@id":"http:\/\/aprender.sejus.df.gov.br\/#website"},"datePublished":"2025-10-16T17:55:33+00:00","dateModified":"2025-10-16T17:55:33+00:00","author":{"@id":"http:\/\/aprender.sejus.df.gov.br\/#\/schema\/person\/03c456df455b780a4fbd9eb699085be6"},"breadcrumb":{"@id":"https:\/\/aprender.sejus.df.gov.br\/?p=1789#breadcrumb"},"inLanguage":"pt-BR","potentialAction":[{"@type":"ReadAction","target":["https:\/\/aprender.sejus.df.gov.br\/?p=1789"]}]},{"@type":"BreadcrumbList","@id":"https:\/\/aprender.sejus.df.gov.br\/?p=1789#breadcrumb","itemListElement":[{"@type":"ListItem","position":1,"name":"Home","item":"https:\/\/aprender.sejus.df.gov.br\/"},{"@type":"ListItem","position":2,"name":"Operador de Bast\u00e3o Tonfa"}]},{"@type":"WebSite","@id":"http:\/\/aprender.sejus.df.gov.br\/#website","url":"http:\/\/aprender.sejus.df.gov.br\/","name":"Aprender SEJUS","description":"","potentialAction":[{"@type":"SearchAction","target":{"@type":"EntryPoint","urlTemplate":"http:\/\/aprender.sejus.df.gov.br\/?s={search_term_string}"},"query-input":"required name=search_term_string"}],"inLanguage":"pt-BR"},{"@type":"Person","@id":"http:\/\/aprender.sejus.df.gov.br\/#\/schema\/person\/03c456df455b780a4fbd9eb699085be6","name":"Murilo Rezende","image":{"@type":"ImageObject","inLanguage":"pt-BR","@id":"http:\/\/aprender.sejus.df.gov.br\/#\/schema\/person\/image\/","url":"https:\/\/secure.gravatar.com\/avatar\/cc0328c52601b892580920256b8c0b9b?s=96&d=mm&r=g","contentUrl":"https:\/\/secure.gravatar.com\/avatar\/cc0328c52601b892580920256b8c0b9b?s=96&d=mm&r=g","caption":"Murilo Rezende"},"url":"https:\/\/aprender.sejus.df.gov.br\/?author=14"}]}},"_links":{"self":[{"href":"https:\/\/aprender.sejus.df.gov.br\/index.php?rest_route=\/wp\/v2\/posts\/1789"}],"collection":[{"href":"https:\/\/aprender.sejus.df.gov.br\/index.php?rest_route=\/wp\/v2\/posts"}],"about":[{"href":"https:\/\/aprender.sejus.df.gov.br\/index.php?rest_route=\/wp\/v2\/types\/post"}],"author":[{"embeddable":true,"href":"https:\/\/aprender.sejus.df.gov.br\/index.php?rest_route=\/wp\/v2\/users\/14"}],"replies":[{"embeddable":true,"href":"https:\/\/aprender.sejus.df.gov.br\/index.php?rest_route=%2Fwp%2Fv2%2Fcomments&post=1789"}],"version-history":[{"count":1,"href":"https:\/\/aprender.sejus.df.gov.br\/index.php?rest_route=\/wp\/v2\/posts\/1789\/revisions"}],"predecessor-version":[{"id":1791,"href":"https:\/\/aprender.sejus.df.gov.br\/index.php?rest_route=\/wp\/v2\/posts\/1789\/revisions\/1791"}],"wp:featuredmedia":[{"embeddable":true,"href":"https:\/\/aprender.sejus.df.gov.br\/index.php?rest_route=\/wp\/v2\/media\/1790"}],"wp:attachment":[{"href":"https:\/\/aprender.sejus.df.gov.br\/index.php?rest_route=%2Fwp%2Fv2%2Fmedia&parent=1789"}],"wp:term":[{"taxonomy":"category","embeddable":true,"href":"https:\/\/aprender.sejus.df.gov.br\/index.php?rest_route=%2Fwp%2Fv2%2Fcategories&post=1789"},{"taxonomy":"post_tag","embeddable":true,"href":"https:\/\/aprender.sejus.df.gov.br\/index.php?rest_route=%2Fwp%2Fv2%2Ftags&post=1789"}],"curies":[{"name":"wp","href":"https:\/\/api.w.org\/{rel}","templated":true}]}}