{"id":1794,"date":"2025-10-16T15:05:35","date_gmt":"2025-10-16T18:05:35","guid":{"rendered":"https:\/\/aprender.sejus.df.gov.br\/?p=1794"},"modified":"2025-10-16T15:07:18","modified_gmt":"2025-10-16T18:07:18","slug":"primeiro-interventor","status":"publish","type":"post","link":"https:\/\/aprender.sejus.df.gov.br\/?p=1794","title":{"rendered":"Primeiro Interventor"},"content":{"rendered":"\n<p>O curso aborda a doutrina da primeira interven\u00e7\u00e3o em crises, qualificando os profissionais para resposta imediata, suporte inicial t\u00e1tico, preserva\u00e7\u00e3o de vidas e coleta de informa\u00e7\u00f5es estrat\u00e9gicas. Tamb\u00e9m busca reduzir exig\u00eancias da crise e promover a rendi\u00e7\u00e3o dos envolvidos e ter\u00e1 como objetivo capacitar os(as) agentes socioeducativos(as) para atuarem na primeira resposta a ocorr\u00eancias cr\u00edticas (ex.: situa\u00e7\u00f5es de crise, tomada de ref\u00e9ns ou incidentes graves), de forma t\u00e9cnica, segura e legal, at\u00e9 a chegada das equipes especializadas.<\/p>\n","protected":false},"excerpt":{"rendered":"<p>O curso aborda a doutrina da primeira interven\u00e7\u00e3o em crises, qualificando os profissionais para resposta imediata, suporte inicial t\u00e1tico, preserva\u00e7\u00e3o de vidas e coleta de informa\u00e7\u00f5es estrat\u00e9gicas. Tamb\u00e9m busca reduzir exig\u00eancias da crise e promover a rendi\u00e7\u00e3o dos envolvidos e ter\u00e1 como objetivo capacitar os(as) agentes socioeducativos(as) para atuarem na primeira resposta a ocorr\u00eancias cr\u00edticas [&hellip;]<\/p>\n","protected":false},"author":14,"featured_media":1559,"comment_status":"closed","ping_status":"closed","sticky":false,"template":"","format":"standard","meta":[],"categories":[123],"tags":[17],"yoast_head":"<!-- This site is optimized with the Yoast SEO plugin v19.7.1 - https:\/\/yoast.com\/wordpress\/plugins\/seo\/ -->\n<title>Primeiro Interventor - Aprender SEJUS<\/title>\n<meta name=\"robots\" content=\"index, follow, max-snippet:-1, max-image-preview:large, max-video-preview:-1\" \/>\n<link rel=\"canonical\" href=\"https:\/\/aprender.sejus.df.gov.br\/?p=1794\" \/>\n<meta property=\"og:locale\" content=\"pt_BR\" \/>\n<meta property=\"og:type\" content=\"article\" \/>\n<meta property=\"og:title\" content=\"Primeiro Interventor - Aprender SEJUS\" \/>\n<meta property=\"og:description\" content=\"O curso aborda a doutrina da primeira interven\u00e7\u00e3o em crises, qualificando os profissionais para resposta imediata, suporte inicial t\u00e1tico, preserva\u00e7\u00e3o de vidas e coleta de informa\u00e7\u00f5es estrat\u00e9gicas. Tamb\u00e9m busca reduzir exig\u00eancias da crise e promover a rendi\u00e7\u00e3o dos envolvidos e ter\u00e1 como objetivo capacitar os(as) agentes socioeducativos(as) para atuarem na primeira resposta a ocorr\u00eancias cr\u00edticas [&hellip;]\" \/>\n<meta property=\"og:url\" content=\"https:\/\/aprender.sejus.df.gov.br\/?p=1794\" \/>\n<meta property=\"og:site_name\" content=\"Aprender SEJUS\" \/>\n<meta property=\"article:published_time\" content=\"2025-10-16T18:05:35+00:00\" \/>\n<meta property=\"article:modified_time\" content=\"2025-10-16T18:07:18+00:00\" \/>\n<meta property=\"og:image\" content=\"https:\/\/aprender.sejus.df.gov.br\/wp-content\/uploads\/2025\/03\/femdisst.jpg\" \/>\n\t<meta property=\"og:image:width\" content=\"288\" \/>\n\t<meta property=\"og:image:height\" content=\"302\" \/>\n\t<meta property=\"og:image:type\" content=\"image\/jpeg\" \/>\n<meta name=\"author\" content=\"Murilo Rezende\" \/>\n<meta name=\"twitter:card\" content=\"summary_large_image\" \/>\n<meta name=\"twitter:label1\" content=\"Written by\" \/>\n\t<meta name=\"twitter:data1\" content=\"Murilo Rezende\" \/>\n\t<meta name=\"twitter:label2\" content=\"Est. reading time\" \/>\n\t<meta name=\"twitter:data2\" content=\"1 minuto\" \/>\n<script type=\"application\/ld+json\" class=\"yoast-schema-graph\">{\"@context\":\"https:\/\/schema.org\",\"@graph\":[{\"@type\":\"WebPage\",\"@id\":\"https:\/\/aprender.sejus.df.gov.br\/?p=1794\",\"url\":\"https:\/\/aprender.sejus.df.gov.br\/?p=1794\",\"name\":\"Primeiro Interventor - Aprender SEJUS\",\"isPartOf\":{\"@id\":\"http:\/\/aprender.sejus.df.gov.br\/#website\"},\"datePublished\":\"2025-10-16T18:05:35+00:00\",\"dateModified\":\"2025-10-16T18:07:18+00:00\",\"author\":{\"@id\":\"http:\/\/aprender.sejus.df.gov.br\/#\/schema\/person\/03c456df455b780a4fbd9eb699085be6\"},\"breadcrumb\":{\"@id\":\"https:\/\/aprender.sejus.df.gov.br\/?p=1794#breadcrumb\"},\"inLanguage\":\"pt-BR\",\"potentialAction\":[{\"@type\":\"ReadAction\",\"target\":[\"https:\/\/aprender.sejus.df.gov.br\/?p=1794\"]}]},{\"@type\":\"BreadcrumbList\",\"@id\":\"https:\/\/aprender.sejus.df.gov.br\/?p=1794#breadcrumb\",\"itemListElement\":[{\"@type\":\"ListItem\",\"position\":1,\"name\":\"Home\",\"item\":\"https:\/\/aprender.sejus.df.gov.br\/\"},{\"@type\":\"ListItem\",\"position\":2,\"name\":\"Primeiro Interventor\"}]},{\"@type\":\"WebSite\",\"@id\":\"http:\/\/aprender.sejus.df.gov.br\/#website\",\"url\":\"http:\/\/aprender.sejus.df.gov.br\/\",\"name\":\"Aprender SEJUS\",\"description\":\"\",\"potentialAction\":[{\"@type\":\"SearchAction\",\"target\":{\"@type\":\"EntryPoint\",\"urlTemplate\":\"http:\/\/aprender.sejus.df.gov.br\/?s={search_term_string}\"},\"query-input\":\"required name=search_term_string\"}],\"inLanguage\":\"pt-BR\"},{\"@type\":\"Person\",\"@id\":\"http:\/\/aprender.sejus.df.gov.br\/#\/schema\/person\/03c456df455b780a4fbd9eb699085be6\",\"name\":\"Murilo Rezende\",\"image\":{\"@type\":\"ImageObject\",\"inLanguage\":\"pt-BR\",\"@id\":\"http:\/\/aprender.sejus.df.gov.br\/#\/schema\/person\/image\/\",\"url\":\"https:\/\/secure.gravatar.com\/avatar\/cc0328c52601b892580920256b8c0b9b?s=96&d=mm&r=g\",\"contentUrl\":\"https:\/\/secure.gravatar.com\/avatar\/cc0328c52601b892580920256b8c0b9b?s=96&d=mm&r=g\",\"caption\":\"Murilo Rezende\"},\"url\":\"https:\/\/aprender.sejus.df.gov.br\/?author=14\"}]}<\/script>\n<!-- \/ Yoast SEO plugin. -->","yoast_head_json":{"title":"Primeiro Interventor - Aprender SEJUS","robots":{"index":"index","follow":"follow","max-snippet":"max-snippet:-1","max-image-preview":"max-image-preview:large","max-video-preview":"max-video-preview:-1"},"canonical":"https:\/\/aprender.sejus.df.gov.br\/?p=1794","og_locale":"pt_BR","og_type":"article","og_title":"Primeiro Interventor - Aprender SEJUS","og_description":"O curso aborda a doutrina da primeira interven\u00e7\u00e3o em crises, qualificando os profissionais para resposta imediata, suporte inicial t\u00e1tico, preserva\u00e7\u00e3o de vidas e coleta de informa\u00e7\u00f5es estrat\u00e9gicas. Tamb\u00e9m busca reduzir exig\u00eancias da crise e promover a rendi\u00e7\u00e3o dos envolvidos e ter\u00e1 como objetivo capacitar os(as) agentes socioeducativos(as) para atuarem na primeira resposta a ocorr\u00eancias cr\u00edticas [&hellip;]","og_url":"https:\/\/aprender.sejus.df.gov.br\/?p=1794","og_site_name":"Aprender SEJUS","article_published_time":"2025-10-16T18:05:35+00:00","article_modified_time":"2025-10-16T18:07:18+00:00","og_image":[{"width":288,"height":302,"url":"https:\/\/aprender.sejus.df.gov.br\/wp-content\/uploads\/2025\/03\/femdisst.jpg","type":"image\/jpeg"}],"author":"Murilo Rezende","twitter_card":"summary_large_image","twitter_misc":{"Written by":"Murilo Rezende","Est. reading time":"1 minuto"},"schema":{"@context":"https:\/\/schema.org","@graph":[{"@type":"WebPage","@id":"https:\/\/aprender.sejus.df.gov.br\/?p=1794","url":"https:\/\/aprender.sejus.df.gov.br\/?p=1794","name":"Primeiro Interventor - Aprender SEJUS","isPartOf":{"@id":"http:\/\/aprender.sejus.df.gov.br\/#website"},"datePublished":"2025-10-16T18:05:35+00:00","dateModified":"2025-10-16T18:07:18+00:00","author":{"@id":"http:\/\/aprender.sejus.df.gov.br\/#\/schema\/person\/03c456df455b780a4fbd9eb699085be6"},"breadcrumb":{"@id":"https:\/\/aprender.sejus.df.gov.br\/?p=1794#breadcrumb"},"inLanguage":"pt-BR","potentialAction":[{"@type":"ReadAction","target":["https:\/\/aprender.sejus.df.gov.br\/?p=1794"]}]},{"@type":"BreadcrumbList","@id":"https:\/\/aprender.sejus.df.gov.br\/?p=1794#breadcrumb","itemListElement":[{"@type":"ListItem","position":1,"name":"Home","item":"https:\/\/aprender.sejus.df.gov.br\/"},{"@type":"ListItem","position":2,"name":"Primeiro Interventor"}]},{"@type":"WebSite","@id":"http:\/\/aprender.sejus.df.gov.br\/#website","url":"http:\/\/aprender.sejus.df.gov.br\/","name":"Aprender SEJUS","description":"","potentialAction":[{"@type":"SearchAction","target":{"@type":"EntryPoint","urlTemplate":"http:\/\/aprender.sejus.df.gov.br\/?s={search_term_string}"},"query-input":"required name=search_term_string"}],"inLanguage":"pt-BR"},{"@type":"Person","@id":"http:\/\/aprender.sejus.df.gov.br\/#\/schema\/person\/03c456df455b780a4fbd9eb699085be6","name":"Murilo Rezende","image":{"@type":"ImageObject","inLanguage":"pt-BR","@id":"http:\/\/aprender.sejus.df.gov.br\/#\/schema\/person\/image\/","url":"https:\/\/secure.gravatar.com\/avatar\/cc0328c52601b892580920256b8c0b9b?s=96&d=mm&r=g","contentUrl":"https:\/\/secure.gravatar.com\/avatar\/cc0328c52601b892580920256b8c0b9b?s=96&d=mm&r=g","caption":"Murilo Rezende"},"url":"https:\/\/aprender.sejus.df.gov.br\/?author=14"}]}},"_links":{"self":[{"href":"https:\/\/aprender.sejus.df.gov.br\/index.php?rest_route=\/wp\/v2\/posts\/1794"}],"collection":[{"href":"https:\/\/aprender.sejus.df.gov.br\/index.php?rest_route=\/wp\/v2\/posts"}],"about":[{"href":"https:\/\/aprender.sejus.df.gov.br\/index.php?rest_route=\/wp\/v2\/types\/post"}],"author":[{"embeddable":true,"href":"https:\/\/aprender.sejus.df.gov.br\/index.php?rest_route=\/wp\/v2\/users\/14"}],"replies":[{"embeddable":true,"href":"https:\/\/aprender.sejus.df.gov.br\/index.php?rest_route=%2Fwp%2Fv2%2Fcomments&post=1794"}],"version-history":[{"count":2,"href":"https:\/\/aprender.sejus.df.gov.br\/index.php?rest_route=\/wp\/v2\/posts\/1794\/revisions"}],"predecessor-version":[{"id":1796,"href":"https:\/\/aprender.sejus.df.gov.br\/index.php?rest_route=\/wp\/v2\/posts\/1794\/revisions\/1796"}],"wp:featuredmedia":[{"embeddable":true,"href":"https:\/\/aprender.sejus.df.gov.br\/index.php?rest_route=\/wp\/v2\/media\/1559"}],"wp:attachment":[{"href":"https:\/\/aprender.sejus.df.gov.br\/index.php?rest_route=%2Fwp%2Fv2%2Fmedia&parent=1794"}],"wp:term":[{"taxonomy":"category","embeddable":true,"href":"https:\/\/aprender.sejus.df.gov.br\/index.php?rest_route=%2Fwp%2Fv2%2Fcategories&post=1794"},{"taxonomy":"post_tag","embeddable":true,"href":"https:\/\/aprender.sejus.df.gov.br\/index.php?rest_route=%2Fwp%2Fv2%2Ftags&post=1794"}],"curies":[{"name":"wp","href":"https:\/\/api.w.org\/{rel}","templated":true}]}}