{"id":386,"date":"2020-12-04T16:23:15","date_gmt":"2020-12-04T19:23:15","guid":{"rendered":"http:\/\/aprender.sejus.df.gov.br\/?p=386"},"modified":"2020-12-04T16:38:49","modified_gmt":"2020-12-04T19:38:49","slug":"crise-capitalista-e-assistencia-social-concepcoes-e-particularidades-das-transferencias-de-renda-no-brasil","status":"publish","type":"post","link":"https:\/\/aprender.sejus.df.gov.br\/?p=386","title":{"rendered":"CRISE CAPITALISTA E ASSIST\u00caNCIA SOCIAL: CONCEP\u00c7\u00d5ES E PARTICULARIDADES DAS TRANSFER\u00caNCIAS DE RENDA&#8230;"},"content":{"rendered":"\n<p>Esta disserta\u00e7\u00e3o examina, no contexto atual de crise capitalista mundial, as concep\u00e7\u00f5es e particularidades das pol\u00edticas de transfer\u00eancia de renda no Brasil, que comp\u00f5em o campo da assist\u00eancia social. O modelo de assist\u00eancia social adotado no pa\u00eds at\u00e9 a institui\u00e7\u00e3o da seguridade social, em 1988, era orientado pelo dever moral de ajuda aos pobres. A partir daquele ano, a\u00e7\u00f5es pontuais e descont\u00ednuas cedem lugar \u00e0 assist\u00eancia social fundamentada pelo paradigma do direito de cidadania, em fun\u00e7\u00e3o da concep\u00e7\u00e3o de seguridade social expressa na Constitui\u00e7\u00e3o Federal, muito embora o pertencimento comunit\u00e1rio e a exclus\u00e3o ao trabalho sejam condi\u00e7\u00f5es que ignorem qualquer delimita\u00e7\u00e3o temporal para o acesso aos direitos da assist\u00eancia social no pa\u00eds. Apesar dos limites \u00e0 universaliza\u00e7\u00e3o desta pol\u00edtica social no contexto capitalista, h\u00e1 possibilidades de avan\u00e7os nessa dire\u00e7\u00e3o. No entanto, para atender aos interesses dos organismos internacionais, dos governantes e do grande capital, o significado da seguridade social brasileira vem sendo atacado, seus recursos desviados, mas o acesso aos benef\u00edcios da assist\u00eancia social em franca expans\u00e3o, ainda que sob forte controle da meta or\u00e7ament\u00e1ria. Sob a dominante ideologia neoliberal, a focaliza\u00e7\u00e3o e o direito condicionado s\u00e3o os caminhos encontrados para desvincular a assist\u00eancia social dos objetivos da seguridade social. A partir do m\u00e9todo cr\u00edtico-dial\u00e9tico, o Benef\u00edcio de Presta\u00e7\u00e3o Continuada da Assist\u00eancia Social (BPC) e o Programa Bolsa Fam\u00edlia (PBF) s\u00e3o analisados na inten\u00e7\u00e3o de demonstrar seus limites e possibilidades na produ\u00e7\u00e3o do bem-estar no contexto da acumula\u00e7\u00e3o capitalista e da luta de classes. Na atualidade, a cobertura dessas pol\u00edticas chega a n\u00fameros nunca antes vistos na assist\u00eancia social, e sua expans\u00e3o anual conduz ao entendimento de que as transfer\u00eancias de renda passam a assumir local privilegiado no contexto das pol\u00edticas sociais no Brasil. Com objetivos, crit\u00e9rios de elegibilidade e valores de benef\u00edcios distintos, juntos, o BPC e o PBF beneficiam mais de \u00bc da popula\u00e7\u00e3o brasileira que se encontra em condi\u00e7\u00e3o de pobreza absoluta, mas que tamb\u00e9m acabam por excluir milh\u00f5es de pessoas que se encontram em condi\u00e7\u00e3o de pobreza, em fun\u00e7\u00e3o de irracionais, por serem t\u00e3o rebaixadas, linhas de pobreza. Ainda assim, a perspectiva do Governo Federal \u00e9 de expandir as transfer\u00eancias de renda, sobretudo o PBF, elemento central do novo Plano Brasil Sem<br>Mis\u00e9ria. Dessa forma, as concep\u00e7\u00f5es e particularidades das transfer\u00eancias de renda em an\u00e1lise apresentam distin\u00e7\u00f5es, contudo, s\u00e3o limitadas na satisfa\u00e7\u00e3o das necessidades b\u00e1sicas e n\u00e3o promovem mais do que emergencial e al\u00edvio m\u00ednimo da pobreza, e sinaliza a escolha dos tomadores de decis\u00f5es no Brasil em valorizar as pol\u00edticas focalizadas em substitui\u00e7\u00e3o \u00e0s pol\u00edticas universais, como estrat\u00e9gia limitada de combate \u00e0 pobreza e de diminui\u00e7\u00e3o da desigualdade social. No entanto, longe de ignorar a discuss\u00e3o do acesso \u00e0 renda para milh\u00f5es de brasileiros pobres e exclu\u00eddos do trabalho, o BPC e o PBF n\u00e3o passam sem cr\u00edticas ao considerar a qualificada focaliza\u00e7\u00e3o no p\u00fablico-alvo e no gasto, e suas t\u00edmidas contribui\u00e7\u00f5es na promo\u00e7\u00e3o do m\u00ednimo para a sobreviv\u00eancia, evidenciando, assim, que se tratam de pol\u00edticas restritas ao horizonte da manuten\u00e7\u00e3o biol\u00f3gica, expressas pelo acesso a uma esmola mensalmente entregue \u00e0s fam\u00edlias muito pobres. A mudan\u00e7a come\u00e7a pela institui\u00e7\u00e3o de rela\u00e7\u00f5es sociais avessas ao capital: n\u00e3o existe o fim da pobreza relativa ou da desigualdade social no contexto capitalista e, por isso, cabe \u00e0 sociedade se organizar e lutar pela institui\u00e7\u00e3o de um modo de produ\u00e7\u00e3o n\u00e3o capitalista, na inten\u00e7\u00e3o de promover nova rela\u00e7\u00e3o social, fundamentada em princ\u00edpios antag\u00f4nicos \u00e0 l\u00f3gica do capital.<\/p>\n\n\n\n<p><br><strong>Palavras-Chave<\/strong>: Crise Capitalista, Assist\u00eancia Social, Transfer\u00eancia de Renda, Benef\u00edcio de Presta\u00e7\u00e3o Continuada, Programa Bolsa Fam\u00edlia.<\/p>\n\n\n\n<div class=\"wp-container-1 wp-block-buttons\">\n<div class=\"wp-block-button\"><a class=\"wp-block-button__link has-vivid-cyan-blue-background-color has-background\" href=\"https:\/\/aprender.sejus.df.gov.br\/wp-content\/uploads\/2020\/12\/ALAN-TELES-DA-SILVA-DISSERTACAO.pdf\" target=\"_blank\" rel=\"noreferrer noopener\">Baixar Trabalho<\/a><\/div>\n<\/div>\n","protected":false},"excerpt":{"rendered":"<p>Esta disserta\u00e7\u00e3o examina, no contexto atual de crise capitalista mundial, as concep\u00e7\u00f5es e particularidades das pol\u00edticas de transfer\u00eancia de renda no Brasil, que comp\u00f5em o campo da assist\u00eancia social. O modelo de assist\u00eancia social adotado no pa\u00eds at\u00e9 a institui\u00e7\u00e3o da seguridade social, em 1988, era orientado pelo dever moral de ajuda aos pobres. A [&hellip;]<\/p>\n","protected":false},"author":3,"featured_media":0,"comment_status":"open","ping_status":"open","sticky":false,"template":"","format":"standard","meta":[],"categories":[11],"tags":[28],"yoast_head":"<!-- This site is optimized with the Yoast SEO plugin v19.7.1 - https:\/\/yoast.com\/wordpress\/plugins\/seo\/ -->\n<title>CRISE CAPITALISTA E ASSIST\u00caNCIA SOCIAL: CONCEP\u00c7\u00d5ES E PARTICULARIDADES DAS TRANSFER\u00caNCIAS DE RENDA... - Aprender SEJUS<\/title>\n<meta name=\"robots\" content=\"index, follow, max-snippet:-1, max-image-preview:large, max-video-preview:-1\" \/>\n<link rel=\"canonical\" href=\"http:\/\/aprender.sejus.df.gov.br\/?p=386\" \/>\n<meta property=\"og:locale\" content=\"pt_BR\" \/>\n<meta property=\"og:type\" content=\"article\" \/>\n<meta property=\"og:title\" content=\"CRISE CAPITALISTA E ASSIST\u00caNCIA SOCIAL: CONCEP\u00c7\u00d5ES E PARTICULARIDADES DAS TRANSFER\u00caNCIAS DE RENDA... - Aprender SEJUS\" \/>\n<meta property=\"og:description\" content=\"Esta disserta\u00e7\u00e3o examina, no contexto atual de crise capitalista mundial, as concep\u00e7\u00f5es e particularidades das pol\u00edticas de transfer\u00eancia de renda no Brasil, que comp\u00f5em o campo da assist\u00eancia social. O modelo de assist\u00eancia social adotado no pa\u00eds at\u00e9 a institui\u00e7\u00e3o da seguridade social, em 1988, era orientado pelo dever moral de ajuda aos pobres. A [&hellip;]\" \/>\n<meta property=\"og:url\" content=\"http:\/\/aprender.sejus.df.gov.br\/?p=386\" \/>\n<meta property=\"og:site_name\" content=\"Aprender SEJUS\" \/>\n<meta property=\"article:published_time\" content=\"2020-12-04T19:23:15+00:00\" \/>\n<meta property=\"article:modified_time\" content=\"2020-12-04T19:38:49+00:00\" \/>\n<meta name=\"author\" content=\"GECAP\" \/>\n<meta name=\"twitter:card\" content=\"summary_large_image\" \/>\n<meta name=\"twitter:label1\" content=\"Written by\" \/>\n\t<meta name=\"twitter:data1\" content=\"GECAP\" \/>\n\t<meta name=\"twitter:label2\" content=\"Est. reading time\" \/>\n\t<meta name=\"twitter:data2\" content=\"3 minutos\" \/>\n<script type=\"application\/ld+json\" class=\"yoast-schema-graph\">{\"@context\":\"https:\/\/schema.org\",\"@graph\":[{\"@type\":\"WebPage\",\"@id\":\"http:\/\/aprender.sejus.df.gov.br\/?p=386\",\"url\":\"http:\/\/aprender.sejus.df.gov.br\/?p=386\",\"name\":\"CRISE CAPITALISTA E ASSIST\u00caNCIA SOCIAL: CONCEP\u00c7\u00d5ES E PARTICULARIDADES DAS TRANSFER\u00caNCIAS DE RENDA... - Aprender SEJUS\",\"isPartOf\":{\"@id\":\"http:\/\/aprender.sejus.df.gov.br\/#website\"},\"datePublished\":\"2020-12-04T19:23:15+00:00\",\"dateModified\":\"2020-12-04T19:38:49+00:00\",\"author\":{\"@id\":\"http:\/\/aprender.sejus.df.gov.br\/#\/schema\/person\/6f1fb348cdf3f09e574018c52049e099\"},\"breadcrumb\":{\"@id\":\"http:\/\/aprender.sejus.df.gov.br\/?p=386#breadcrumb\"},\"inLanguage\":\"pt-BR\",\"potentialAction\":[{\"@type\":\"ReadAction\",\"target\":[\"http:\/\/aprender.sejus.df.gov.br\/?p=386\"]}]},{\"@type\":\"BreadcrumbList\",\"@id\":\"http:\/\/aprender.sejus.df.gov.br\/?p=386#breadcrumb\",\"itemListElement\":[{\"@type\":\"ListItem\",\"position\":1,\"name\":\"Home\",\"item\":\"https:\/\/aprender.sejus.df.gov.br\/\"},{\"@type\":\"ListItem\",\"position\":2,\"name\":\"CRISE CAPITALISTA E ASSIST\u00caNCIA SOCIAL: CONCEP\u00c7\u00d5ES E PARTICULARIDADES DAS TRANSFER\u00caNCIAS DE RENDA&#8230;\"}]},{\"@type\":\"WebSite\",\"@id\":\"http:\/\/aprender.sejus.df.gov.br\/#website\",\"url\":\"http:\/\/aprender.sejus.df.gov.br\/\",\"name\":\"Aprender SEJUS\",\"description\":\"\",\"potentialAction\":[{\"@type\":\"SearchAction\",\"target\":{\"@type\":\"EntryPoint\",\"urlTemplate\":\"http:\/\/aprender.sejus.df.gov.br\/?s={search_term_string}\"},\"query-input\":\"required name=search_term_string\"}],\"inLanguage\":\"pt-BR\"},{\"@type\":\"Person\",\"@id\":\"http:\/\/aprender.sejus.df.gov.br\/#\/schema\/person\/6f1fb348cdf3f09e574018c52049e099\",\"name\":\"GECAP\",\"image\":{\"@type\":\"ImageObject\",\"inLanguage\":\"pt-BR\",\"@id\":\"http:\/\/aprender.sejus.df.gov.br\/#\/schema\/person\/image\/\",\"url\":\"https:\/\/secure.gravatar.com\/avatar\/eecf129a3b1190de678b5690e42de394?s=96&d=mm&r=g\",\"contentUrl\":\"https:\/\/secure.gravatar.com\/avatar\/eecf129a3b1190de678b5690e42de394?s=96&d=mm&r=g\",\"caption\":\"GECAP\"},\"url\":\"https:\/\/aprender.sejus.df.gov.br\/?author=3\"}]}<\/script>\n<!-- \/ Yoast SEO plugin. -->","yoast_head_json":{"title":"CRISE CAPITALISTA E ASSIST\u00caNCIA SOCIAL: CONCEP\u00c7\u00d5ES E PARTICULARIDADES DAS TRANSFER\u00caNCIAS DE RENDA... - Aprender SEJUS","robots":{"index":"index","follow":"follow","max-snippet":"max-snippet:-1","max-image-preview":"max-image-preview:large","max-video-preview":"max-video-preview:-1"},"canonical":"http:\/\/aprender.sejus.df.gov.br\/?p=386","og_locale":"pt_BR","og_type":"article","og_title":"CRISE CAPITALISTA E ASSIST\u00caNCIA SOCIAL: CONCEP\u00c7\u00d5ES E PARTICULARIDADES DAS TRANSFER\u00caNCIAS DE RENDA... - Aprender SEJUS","og_description":"Esta disserta\u00e7\u00e3o examina, no contexto atual de crise capitalista mundial, as concep\u00e7\u00f5es e particularidades das pol\u00edticas de transfer\u00eancia de renda no Brasil, que comp\u00f5em o campo da assist\u00eancia social. O modelo de assist\u00eancia social adotado no pa\u00eds at\u00e9 a institui\u00e7\u00e3o da seguridade social, em 1988, era orientado pelo dever moral de ajuda aos pobres. A [&hellip;]","og_url":"http:\/\/aprender.sejus.df.gov.br\/?p=386","og_site_name":"Aprender SEJUS","article_published_time":"2020-12-04T19:23:15+00:00","article_modified_time":"2020-12-04T19:38:49+00:00","author":"GECAP","twitter_card":"summary_large_image","twitter_misc":{"Written by":"GECAP","Est. reading time":"3 minutos"},"schema":{"@context":"https:\/\/schema.org","@graph":[{"@type":"WebPage","@id":"http:\/\/aprender.sejus.df.gov.br\/?p=386","url":"http:\/\/aprender.sejus.df.gov.br\/?p=386","name":"CRISE CAPITALISTA E ASSIST\u00caNCIA SOCIAL: CONCEP\u00c7\u00d5ES E PARTICULARIDADES DAS TRANSFER\u00caNCIAS DE RENDA... - Aprender SEJUS","isPartOf":{"@id":"http:\/\/aprender.sejus.df.gov.br\/#website"},"datePublished":"2020-12-04T19:23:15+00:00","dateModified":"2020-12-04T19:38:49+00:00","author":{"@id":"http:\/\/aprender.sejus.df.gov.br\/#\/schema\/person\/6f1fb348cdf3f09e574018c52049e099"},"breadcrumb":{"@id":"http:\/\/aprender.sejus.df.gov.br\/?p=386#breadcrumb"},"inLanguage":"pt-BR","potentialAction":[{"@type":"ReadAction","target":["http:\/\/aprender.sejus.df.gov.br\/?p=386"]}]},{"@type":"BreadcrumbList","@id":"http:\/\/aprender.sejus.df.gov.br\/?p=386#breadcrumb","itemListElement":[{"@type":"ListItem","position":1,"name":"Home","item":"https:\/\/aprender.sejus.df.gov.br\/"},{"@type":"ListItem","position":2,"name":"CRISE CAPITALISTA E ASSIST\u00caNCIA SOCIAL: CONCEP\u00c7\u00d5ES E PARTICULARIDADES DAS TRANSFER\u00caNCIAS DE RENDA&#8230;"}]},{"@type":"WebSite","@id":"http:\/\/aprender.sejus.df.gov.br\/#website","url":"http:\/\/aprender.sejus.df.gov.br\/","name":"Aprender SEJUS","description":"","potentialAction":[{"@type":"SearchAction","target":{"@type":"EntryPoint","urlTemplate":"http:\/\/aprender.sejus.df.gov.br\/?s={search_term_string}"},"query-input":"required name=search_term_string"}],"inLanguage":"pt-BR"},{"@type":"Person","@id":"http:\/\/aprender.sejus.df.gov.br\/#\/schema\/person\/6f1fb348cdf3f09e574018c52049e099","name":"GECAP","image":{"@type":"ImageObject","inLanguage":"pt-BR","@id":"http:\/\/aprender.sejus.df.gov.br\/#\/schema\/person\/image\/","url":"https:\/\/secure.gravatar.com\/avatar\/eecf129a3b1190de678b5690e42de394?s=96&d=mm&r=g","contentUrl":"https:\/\/secure.gravatar.com\/avatar\/eecf129a3b1190de678b5690e42de394?s=96&d=mm&r=g","caption":"GECAP"},"url":"https:\/\/aprender.sejus.df.gov.br\/?author=3"}]}},"_links":{"self":[{"href":"https:\/\/aprender.sejus.df.gov.br\/index.php?rest_route=\/wp\/v2\/posts\/386"}],"collection":[{"href":"https:\/\/aprender.sejus.df.gov.br\/index.php?rest_route=\/wp\/v2\/posts"}],"about":[{"href":"https:\/\/aprender.sejus.df.gov.br\/index.php?rest_route=\/wp\/v2\/types\/post"}],"author":[{"embeddable":true,"href":"https:\/\/aprender.sejus.df.gov.br\/index.php?rest_route=\/wp\/v2\/users\/3"}],"replies":[{"embeddable":true,"href":"https:\/\/aprender.sejus.df.gov.br\/index.php?rest_route=%2Fwp%2Fv2%2Fcomments&post=386"}],"version-history":[{"count":3,"href":"https:\/\/aprender.sejus.df.gov.br\/index.php?rest_route=\/wp\/v2\/posts\/386\/revisions"}],"predecessor-version":[{"id":389,"href":"https:\/\/aprender.sejus.df.gov.br\/index.php?rest_route=\/wp\/v2\/posts\/386\/revisions\/389"}],"wp:attachment":[{"href":"https:\/\/aprender.sejus.df.gov.br\/index.php?rest_route=%2Fwp%2Fv2%2Fmedia&parent=386"}],"wp:term":[{"taxonomy":"category","embeddable":true,"href":"https:\/\/aprender.sejus.df.gov.br\/index.php?rest_route=%2Fwp%2Fv2%2Fcategories&post=386"},{"taxonomy":"post_tag","embeddable":true,"href":"https:\/\/aprender.sejus.df.gov.br\/index.php?rest_route=%2Fwp%2Fv2%2Ftags&post=386"}],"curies":[{"name":"wp","href":"https:\/\/api.w.org\/{rel}","templated":true}]}}