{"id":433,"date":"2020-12-07T11:17:06","date_gmt":"2020-12-07T14:17:06","guid":{"rendered":"http:\/\/aprender.sejus.df.gov.br\/?p=433"},"modified":"2020-12-07T11:17:08","modified_gmt":"2020-12-07T14:17:08","slug":"a-condicao-do-trabalho-domestico-no-brasil-e-sua-relacao-com-a-previdencia-social","status":"publish","type":"post","link":"https:\/\/aprender.sejus.df.gov.br\/?p=433","title":{"rendered":"A CONDI\u00c7\u00c3O DO TRABALHO DOM\u00c9STICO NO BRASIL E SUA RELA\u00c7\u00c3O COM A PREVID\u00caNCIA SOCIAL"},"content":{"rendered":"\n<p>Esta disserta\u00e7\u00e3o teve por objetivo localizar a constitui\u00e7\u00e3o hist\u00f3rica do trabalho dom\u00e9stico na particularidade brasileira, assim como determinar o seu lugar na divis\u00e3o social e sexual do trabalho no capitalismo, para relacionar ao por que do acesso tardio da categoria de trabalhadoras dom\u00e9sticas \u00e0 previd\u00eancia social brasileira. Para tanto, investigou-se as caracter\u00edsticas da coloniza\u00e7\u00e3o do Brasil, a forma\u00e7\u00e3o do mercado de trabalho livre assalariado do pa\u00eds e o seu processo de industrializa\u00e7\u00e3o, al\u00e9m da inser\u00e7\u00e3o perif\u00e9rica do Brasil no capitalismo mundial. Ademais, analisou-se a caracter\u00edstica do trabalho dom\u00e9stico sob a \u00f3tica marxiana de trabalho produtivo e improdutivo e as quest\u00f5es de g\u00eanero que permeiam a realiza\u00e7\u00e3o do trabalho dom\u00e9stico majoritariamente por mulheres. Levantou-se os regulamentos relativos ao trabalho dom\u00e9stico desde a aboli\u00e7\u00e3o da escravid\u00e3o at\u00e9 a atualidade.<br>Analisou-se os microdados das Pesquisas Nacional por Amostras de Domic\u00edlios (PNAD\u2019s) dos anos 2011 a 2015, em decorr\u00eancia da promulga\u00e7\u00e3o da Emenda Constitucional n. 72 de 2 de Abril de 2013, a qual estendeu os direitos trabalhistas previstos no artigo 7\u00ba da Constitui\u00e7\u00e3o Federal de 1988 \u00e0s trabalhadoras dom\u00e9sticas. A pesquisa tra\u00e7a o perfil socioecon\u00f4mico das trabalhadoras dom\u00e9sticas no pa\u00eds, al\u00e9m de dados relativos ao n\u00edvel de formaliza\u00e7\u00e3o no emprego com carteira assinada, e o percentual de trabalhadoras contribuintes \u00e0 previd\u00eancia social brasileira.<\/p>\n\n\n\n<p><br><strong>Palavras-chave:<\/strong> Trabalho Dom\u00e9stico. Trabalhadora Dom\u00e9stica. Escravid\u00e3o. Industrializa\u00e7\u00e3o. Capitalismo Dependente. G\u00eanero. Previd\u00eancia Social.<\/p>\n\n\n\n<div class=\"wp-container-1 wp-block-buttons\">\n<div class=\"wp-block-button\"><a class=\"wp-block-button__link has-vivid-cyan-blue-background-color has-background\" href=\"https:\/\/aprender.sejus.df.gov.br\/wp-content\/uploads\/2020\/12\/BLENDA-SANTOS-NAVES-PEIXOTO-DISSERTACAO.pdf\" target=\"_blank\" rel=\"noreferrer noopener\">Baixar Trabalho<\/a><\/div>\n<\/div>\n","protected":false},"excerpt":{"rendered":"<p>Esta disserta\u00e7\u00e3o teve por objetivo localizar a constitui\u00e7\u00e3o hist\u00f3rica do trabalho dom\u00e9stico na particularidade brasileira, assim como determinar o seu lugar na divis\u00e3o social e sexual do trabalho no capitalismo, para relacionar ao por que do acesso tardio da categoria de trabalhadoras dom\u00e9sticas \u00e0 previd\u00eancia social brasileira. Para tanto, investigou-se as caracter\u00edsticas da coloniza\u00e7\u00e3o do [&hellip;]<\/p>\n","protected":false},"author":3,"featured_media":0,"comment_status":"closed","ping_status":"closed","sticky":false,"template":"","format":"standard","meta":[],"categories":[11],"tags":[28],"yoast_head":"<!-- This site is optimized with the Yoast SEO plugin v19.7.1 - https:\/\/yoast.com\/wordpress\/plugins\/seo\/ -->\n<title>A CONDI\u00c7\u00c3O DO TRABALHO DOM\u00c9STICO NO BRASIL E SUA RELA\u00c7\u00c3O COM A PREVID\u00caNCIA SOCIAL - Aprender SEJUS<\/title>\n<meta name=\"robots\" content=\"index, follow, max-snippet:-1, max-image-preview:large, max-video-preview:-1\" \/>\n<link rel=\"canonical\" href=\"http:\/\/aprender.sejus.df.gov.br\/?p=433\" \/>\n<meta property=\"og:locale\" content=\"pt_BR\" \/>\n<meta property=\"og:type\" content=\"article\" \/>\n<meta property=\"og:title\" content=\"A CONDI\u00c7\u00c3O DO TRABALHO DOM\u00c9STICO NO BRASIL E SUA RELA\u00c7\u00c3O COM A PREVID\u00caNCIA SOCIAL - Aprender SEJUS\" \/>\n<meta property=\"og:description\" content=\"Esta disserta\u00e7\u00e3o teve por objetivo localizar a constitui\u00e7\u00e3o hist\u00f3rica do trabalho dom\u00e9stico na particularidade brasileira, assim como determinar o seu lugar na divis\u00e3o social e sexual do trabalho no capitalismo, para relacionar ao por que do acesso tardio da categoria de trabalhadoras dom\u00e9sticas \u00e0 previd\u00eancia social brasileira. Para tanto, investigou-se as caracter\u00edsticas da coloniza\u00e7\u00e3o do [&hellip;]\" \/>\n<meta property=\"og:url\" content=\"http:\/\/aprender.sejus.df.gov.br\/?p=433\" \/>\n<meta property=\"og:site_name\" content=\"Aprender SEJUS\" \/>\n<meta property=\"article:published_time\" content=\"2020-12-07T14:17:06+00:00\" \/>\n<meta property=\"article:modified_time\" content=\"2020-12-07T14:17:08+00:00\" \/>\n<meta name=\"author\" content=\"GECAP\" \/>\n<meta name=\"twitter:card\" content=\"summary_large_image\" \/>\n<meta name=\"twitter:label1\" content=\"Written by\" \/>\n\t<meta name=\"twitter:data1\" content=\"GECAP\" \/>\n\t<meta name=\"twitter:label2\" content=\"Est. reading time\" \/>\n\t<meta name=\"twitter:data2\" content=\"1 minuto\" \/>\n<script type=\"application\/ld+json\" class=\"yoast-schema-graph\">{\"@context\":\"https:\/\/schema.org\",\"@graph\":[{\"@type\":\"WebPage\",\"@id\":\"http:\/\/aprender.sejus.df.gov.br\/?p=433\",\"url\":\"http:\/\/aprender.sejus.df.gov.br\/?p=433\",\"name\":\"A CONDI\u00c7\u00c3O DO TRABALHO DOM\u00c9STICO NO BRASIL E SUA RELA\u00c7\u00c3O COM A PREVID\u00caNCIA SOCIAL - Aprender SEJUS\",\"isPartOf\":{\"@id\":\"http:\/\/aprender.sejus.df.gov.br\/#website\"},\"datePublished\":\"2020-12-07T14:17:06+00:00\",\"dateModified\":\"2020-12-07T14:17:08+00:00\",\"author\":{\"@id\":\"http:\/\/aprender.sejus.df.gov.br\/#\/schema\/person\/6f1fb348cdf3f09e574018c52049e099\"},\"breadcrumb\":{\"@id\":\"http:\/\/aprender.sejus.df.gov.br\/?p=433#breadcrumb\"},\"inLanguage\":\"pt-BR\",\"potentialAction\":[{\"@type\":\"ReadAction\",\"target\":[\"http:\/\/aprender.sejus.df.gov.br\/?p=433\"]}]},{\"@type\":\"BreadcrumbList\",\"@id\":\"http:\/\/aprender.sejus.df.gov.br\/?p=433#breadcrumb\",\"itemListElement\":[{\"@type\":\"ListItem\",\"position\":1,\"name\":\"Home\",\"item\":\"https:\/\/aprender.sejus.df.gov.br\/\"},{\"@type\":\"ListItem\",\"position\":2,\"name\":\"A CONDI\u00c7\u00c3O DO TRABALHO DOM\u00c9STICO NO BRASIL E SUA RELA\u00c7\u00c3O COM A PREVID\u00caNCIA SOCIAL\"}]},{\"@type\":\"WebSite\",\"@id\":\"http:\/\/aprender.sejus.df.gov.br\/#website\",\"url\":\"http:\/\/aprender.sejus.df.gov.br\/\",\"name\":\"Aprender SEJUS\",\"description\":\"\",\"potentialAction\":[{\"@type\":\"SearchAction\",\"target\":{\"@type\":\"EntryPoint\",\"urlTemplate\":\"http:\/\/aprender.sejus.df.gov.br\/?s={search_term_string}\"},\"query-input\":\"required name=search_term_string\"}],\"inLanguage\":\"pt-BR\"},{\"@type\":\"Person\",\"@id\":\"http:\/\/aprender.sejus.df.gov.br\/#\/schema\/person\/6f1fb348cdf3f09e574018c52049e099\",\"name\":\"GECAP\",\"image\":{\"@type\":\"ImageObject\",\"inLanguage\":\"pt-BR\",\"@id\":\"http:\/\/aprender.sejus.df.gov.br\/#\/schema\/person\/image\/\",\"url\":\"https:\/\/secure.gravatar.com\/avatar\/eecf129a3b1190de678b5690e42de394?s=96&d=mm&r=g\",\"contentUrl\":\"https:\/\/secure.gravatar.com\/avatar\/eecf129a3b1190de678b5690e42de394?s=96&d=mm&r=g\",\"caption\":\"GECAP\"},\"url\":\"https:\/\/aprender.sejus.df.gov.br\/?author=3\"}]}<\/script>\n<!-- \/ Yoast SEO plugin. -->","yoast_head_json":{"title":"A CONDI\u00c7\u00c3O DO TRABALHO DOM\u00c9STICO NO BRASIL E SUA RELA\u00c7\u00c3O COM A PREVID\u00caNCIA SOCIAL - Aprender SEJUS","robots":{"index":"index","follow":"follow","max-snippet":"max-snippet:-1","max-image-preview":"max-image-preview:large","max-video-preview":"max-video-preview:-1"},"canonical":"http:\/\/aprender.sejus.df.gov.br\/?p=433","og_locale":"pt_BR","og_type":"article","og_title":"A CONDI\u00c7\u00c3O DO TRABALHO DOM\u00c9STICO NO BRASIL E SUA RELA\u00c7\u00c3O COM A PREVID\u00caNCIA SOCIAL - Aprender SEJUS","og_description":"Esta disserta\u00e7\u00e3o teve por objetivo localizar a constitui\u00e7\u00e3o hist\u00f3rica do trabalho dom\u00e9stico na particularidade brasileira, assim como determinar o seu lugar na divis\u00e3o social e sexual do trabalho no capitalismo, para relacionar ao por que do acesso tardio da categoria de trabalhadoras dom\u00e9sticas \u00e0 previd\u00eancia social brasileira. Para tanto, investigou-se as caracter\u00edsticas da coloniza\u00e7\u00e3o do [&hellip;]","og_url":"http:\/\/aprender.sejus.df.gov.br\/?p=433","og_site_name":"Aprender SEJUS","article_published_time":"2020-12-07T14:17:06+00:00","article_modified_time":"2020-12-07T14:17:08+00:00","author":"GECAP","twitter_card":"summary_large_image","twitter_misc":{"Written by":"GECAP","Est. reading time":"1 minuto"},"schema":{"@context":"https:\/\/schema.org","@graph":[{"@type":"WebPage","@id":"http:\/\/aprender.sejus.df.gov.br\/?p=433","url":"http:\/\/aprender.sejus.df.gov.br\/?p=433","name":"A CONDI\u00c7\u00c3O DO TRABALHO DOM\u00c9STICO NO BRASIL E SUA RELA\u00c7\u00c3O COM A PREVID\u00caNCIA SOCIAL - Aprender SEJUS","isPartOf":{"@id":"http:\/\/aprender.sejus.df.gov.br\/#website"},"datePublished":"2020-12-07T14:17:06+00:00","dateModified":"2020-12-07T14:17:08+00:00","author":{"@id":"http:\/\/aprender.sejus.df.gov.br\/#\/schema\/person\/6f1fb348cdf3f09e574018c52049e099"},"breadcrumb":{"@id":"http:\/\/aprender.sejus.df.gov.br\/?p=433#breadcrumb"},"inLanguage":"pt-BR","potentialAction":[{"@type":"ReadAction","target":["http:\/\/aprender.sejus.df.gov.br\/?p=433"]}]},{"@type":"BreadcrumbList","@id":"http:\/\/aprender.sejus.df.gov.br\/?p=433#breadcrumb","itemListElement":[{"@type":"ListItem","position":1,"name":"Home","item":"https:\/\/aprender.sejus.df.gov.br\/"},{"@type":"ListItem","position":2,"name":"A CONDI\u00c7\u00c3O DO TRABALHO DOM\u00c9STICO NO BRASIL E SUA RELA\u00c7\u00c3O COM A PREVID\u00caNCIA SOCIAL"}]},{"@type":"WebSite","@id":"http:\/\/aprender.sejus.df.gov.br\/#website","url":"http:\/\/aprender.sejus.df.gov.br\/","name":"Aprender SEJUS","description":"","potentialAction":[{"@type":"SearchAction","target":{"@type":"EntryPoint","urlTemplate":"http:\/\/aprender.sejus.df.gov.br\/?s={search_term_string}"},"query-input":"required name=search_term_string"}],"inLanguage":"pt-BR"},{"@type":"Person","@id":"http:\/\/aprender.sejus.df.gov.br\/#\/schema\/person\/6f1fb348cdf3f09e574018c52049e099","name":"GECAP","image":{"@type":"ImageObject","inLanguage":"pt-BR","@id":"http:\/\/aprender.sejus.df.gov.br\/#\/schema\/person\/image\/","url":"https:\/\/secure.gravatar.com\/avatar\/eecf129a3b1190de678b5690e42de394?s=96&d=mm&r=g","contentUrl":"https:\/\/secure.gravatar.com\/avatar\/eecf129a3b1190de678b5690e42de394?s=96&d=mm&r=g","caption":"GECAP"},"url":"https:\/\/aprender.sejus.df.gov.br\/?author=3"}]}},"_links":{"self":[{"href":"https:\/\/aprender.sejus.df.gov.br\/index.php?rest_route=\/wp\/v2\/posts\/433"}],"collection":[{"href":"https:\/\/aprender.sejus.df.gov.br\/index.php?rest_route=\/wp\/v2\/posts"}],"about":[{"href":"https:\/\/aprender.sejus.df.gov.br\/index.php?rest_route=\/wp\/v2\/types\/post"}],"author":[{"embeddable":true,"href":"https:\/\/aprender.sejus.df.gov.br\/index.php?rest_route=\/wp\/v2\/users\/3"}],"replies":[{"embeddable":true,"href":"https:\/\/aprender.sejus.df.gov.br\/index.php?rest_route=%2Fwp%2Fv2%2Fcomments&post=433"}],"version-history":[{"count":2,"href":"https:\/\/aprender.sejus.df.gov.br\/index.php?rest_route=\/wp\/v2\/posts\/433\/revisions"}],"predecessor-version":[{"id":435,"href":"https:\/\/aprender.sejus.df.gov.br\/index.php?rest_route=\/wp\/v2\/posts\/433\/revisions\/435"}],"wp:attachment":[{"href":"https:\/\/aprender.sejus.df.gov.br\/index.php?rest_route=%2Fwp%2Fv2%2Fmedia&parent=433"}],"wp:term":[{"taxonomy":"category","embeddable":true,"href":"https:\/\/aprender.sejus.df.gov.br\/index.php?rest_route=%2Fwp%2Fv2%2Fcategories&post=433"},{"taxonomy":"post_tag","embeddable":true,"href":"https:\/\/aprender.sejus.df.gov.br\/index.php?rest_route=%2Fwp%2Fv2%2Ftags&post=433"}],"curies":[{"name":"wp","href":"https:\/\/api.w.org\/{rel}","templated":true}]}}