{"id":442,"date":"2020-12-07T11:30:37","date_gmt":"2020-12-07T14:30:37","guid":{"rendered":"http:\/\/aprender.sejus.df.gov.br\/?p=442"},"modified":"2020-12-07T11:30:38","modified_gmt":"2020-12-07T14:30:38","slug":"pelas-maos-do-socioeducativo-praticas-disciplinares-na-medida-socioeducativa-de-internacao","status":"publish","type":"post","link":"https:\/\/aprender.sejus.df.gov.br\/?p=442","title":{"rendered":"PELAS M\u00c3OS DO SOCIOEDUCATIVO: PR\u00c1TICAS DISCIPLINARES NA MEDIDA SOCIOEDUCATIVA DE INTERNA\u00c7\u00c3O"},"content":{"rendered":"\n<p>Esta disserta\u00e7\u00e3o teve como objetivo analisar a duplicidade do controle penal sobre jovens infratores em cumprimento de medida socioeducativa de interna\u00e7\u00e3o no Distrito Federal durante o ano de 2014, a partir do exame das pr\u00e1ticas socioeducativas e da atua\u00e7\u00e3o dos sistemas de justi\u00e7a. Nesta pesquisa, jovens infratores s\u00e3o aqueles que est\u00e3o internados pela pr\u00e1tica de ato infracional e que possuem entre 18 e 20 anos de idade. Deste universo, foram analisados os casos dos jovens infratores que apresentaram envolvimento em ocorr\u00eancias disciplinares ao longo de 2014. O universo teve como base o total de jovens infratores que se encontravam em cumprimento de medida socioeducativa no dia 2 de janeiro de 2015. O trabalho de campo foi realizado nas unidades de interna\u00e7\u00e3o do Recanto das Emas (Unire), de Sa\u00edda Sistem\u00e1tica (Uniss) e de Brazl\u00e2ndia (Uibra), localizadas no Distrito Federal, com aplica\u00e7\u00e3o de pesquisa documental e observa\u00e7\u00e3o qualitativa, al\u00e9m do uso da mem\u00f3ria do visto como profissional. A fonte principal de pesquisa foram os dossi\u00eas dos jovens internados e os registros do cotidiano institucional.<br>A an\u00e1lise dos dados utilizou m\u00e9todos mistos que envolveram processos de codifica\u00e7\u00e3o e desenvolvimento de categorias, pr\u00f3prios da pesquisa qualitativa. Verifica-se, nas pr\u00e1ticas socioeducativas, uma l\u00f3gica que visa \u00e0 educa\u00e7\u00e3o pela puni\u00e7\u00e3o e disciplina. De forma particular, em rela\u00e7\u00e3o aos jovens internados, a maioridade dentro de uma unidade socioeducativa pode tornar-se um limbo para o sistema prisional. Aqueles que cometem ocorr\u00eancias disciplinares para al\u00e9m dos procedimentos internos de puni\u00e7\u00e3o t\u00eam o sistema prisional acionado por meio de pr\u00e1ticas socioeducativas. O presente estudo ainda se prop\u00f4s a problematizar a perversidade do procedimento de encaminhamento para delegacia para registro policial e de demais pr\u00e1ticas socioeducativas que, em vez de ressocializar, conforme preconizam, disciplinam, punem e normalizam. Das ocorr\u00eancias disciplinares que ocorreram no ano de 2014, 32% terminaram em delegacias para registro policial. Na maioria dos casos, trata-se de dano ao patrim\u00f4nio, de brigas entre jovens ou da posse de algum tipo de subst\u00e2ncia entorpecente. Deste percentual, 26 (20%) jovens foram desligados do sistema socioeducativo em virtude da apreens\u00e3o no sistema prisional em 2014 ap\u00f3s o cometimento de uma ocorr\u00eancia disciplinar dentro de uma unidade de interna\u00e7\u00e3o. Na maioria das ocorr\u00eancias, por terem danificado pias, chuveiros, vasos sanit\u00e1rios e colch\u00f5es. Dessa forma, constata-se que os sistemas socioeducativo e prisional atuam em uma rela\u00e7\u00e3o de continuidade. O Estado, na figura do sistema de justi\u00e7a, exerce seu poder de punir de forma cont\u00ednua, e mesmo simult\u00e2nea, por meio do sistema<br>socioeducativo e do sistema de justi\u00e7a criminal sobre os jovens em cumprimento de medida socioeducativa de interna\u00e7\u00e3o. Neste sentido, a finalidade das medidas socioeducativas como mecanismos de reinser\u00e7\u00e3o social em oposi\u00e7\u00e3o ao sistema prisional n\u00e3o est\u00e1 sendo cumprida. A pr\u00f3pria medida socioeducativa de interna\u00e7\u00e3o n\u00e3o consegue evitar novas interna\u00e7\u00f5es, incluindo a pris\u00e3o.<\/p>\n\n\n\n<p><br><strong>Palavras-chave: <\/strong>Controle penal. Jovens infratores. Pr\u00e1ticas socioeducativas. Medida socioeducativa de interna\u00e7\u00e3o. Puni\u00e7\u00e3o.<\/p>\n\n\n\n<div class=\"wp-container-1 wp-block-buttons\">\n<div class=\"wp-block-button\"><a class=\"wp-block-button__link has-vivid-cyan-blue-background-color has-background\" href=\"https:\/\/aprender.sejus.df.gov.br\/wp-content\/uploads\/2020\/12\/CAROLINE-SOUZA-NEVES-DISSERTACAO.pdf\" target=\"_blank\" rel=\"noreferrer noopener\">Baixar Trabalho<\/a><\/div>\n<\/div>\n","protected":false},"excerpt":{"rendered":"<p>Esta disserta\u00e7\u00e3o teve como objetivo analisar a duplicidade do controle penal sobre jovens infratores em cumprimento de medida socioeducativa de interna\u00e7\u00e3o no Distrito Federal durante o ano de 2014, a partir do exame das pr\u00e1ticas socioeducativas e da atua\u00e7\u00e3o dos sistemas de justi\u00e7a. Nesta pesquisa, jovens infratores s\u00e3o aqueles que est\u00e3o internados pela pr\u00e1tica de [&hellip;]<\/p>\n","protected":false},"author":3,"featured_media":0,"comment_status":"closed","ping_status":"closed","sticky":false,"template":"","format":"standard","meta":[],"categories":[11],"tags":[28],"yoast_head":"<!-- This site is optimized with the Yoast SEO plugin v19.7.1 - https:\/\/yoast.com\/wordpress\/plugins\/seo\/ -->\n<title>PELAS M\u00c3OS DO SOCIOEDUCATIVO: PR\u00c1TICAS DISCIPLINARES NA MEDIDA SOCIOEDUCATIVA DE INTERNA\u00c7\u00c3O - Aprender SEJUS<\/title>\n<meta name=\"robots\" content=\"index, follow, max-snippet:-1, max-image-preview:large, max-video-preview:-1\" \/>\n<link rel=\"canonical\" href=\"http:\/\/aprender.sejus.df.gov.br\/?p=442\" \/>\n<meta property=\"og:locale\" content=\"pt_BR\" \/>\n<meta property=\"og:type\" content=\"article\" \/>\n<meta property=\"og:title\" content=\"PELAS M\u00c3OS DO SOCIOEDUCATIVO: PR\u00c1TICAS DISCIPLINARES NA MEDIDA SOCIOEDUCATIVA DE INTERNA\u00c7\u00c3O - Aprender SEJUS\" \/>\n<meta property=\"og:description\" content=\"Esta disserta\u00e7\u00e3o teve como objetivo analisar a duplicidade do controle penal sobre jovens infratores em cumprimento de medida socioeducativa de interna\u00e7\u00e3o no Distrito Federal durante o ano de 2014, a partir do exame das pr\u00e1ticas socioeducativas e da atua\u00e7\u00e3o dos sistemas de justi\u00e7a. Nesta pesquisa, jovens infratores s\u00e3o aqueles que est\u00e3o internados pela pr\u00e1tica de [&hellip;]\" \/>\n<meta property=\"og:url\" content=\"http:\/\/aprender.sejus.df.gov.br\/?p=442\" \/>\n<meta property=\"og:site_name\" content=\"Aprender SEJUS\" \/>\n<meta property=\"article:published_time\" content=\"2020-12-07T14:30:37+00:00\" \/>\n<meta property=\"article:modified_time\" content=\"2020-12-07T14:30:38+00:00\" \/>\n<meta name=\"author\" content=\"GECAP\" \/>\n<meta name=\"twitter:card\" content=\"summary_large_image\" \/>\n<meta name=\"twitter:label1\" content=\"Written by\" \/>\n\t<meta name=\"twitter:data1\" content=\"GECAP\" \/>\n\t<meta name=\"twitter:label2\" content=\"Est. reading time\" \/>\n\t<meta name=\"twitter:data2\" content=\"3 minutos\" \/>\n<script type=\"application\/ld+json\" class=\"yoast-schema-graph\">{\"@context\":\"https:\/\/schema.org\",\"@graph\":[{\"@type\":\"WebPage\",\"@id\":\"http:\/\/aprender.sejus.df.gov.br\/?p=442\",\"url\":\"http:\/\/aprender.sejus.df.gov.br\/?p=442\",\"name\":\"PELAS M\u00c3OS DO SOCIOEDUCATIVO: PR\u00c1TICAS DISCIPLINARES NA MEDIDA SOCIOEDUCATIVA DE INTERNA\u00c7\u00c3O - Aprender SEJUS\",\"isPartOf\":{\"@id\":\"http:\/\/aprender.sejus.df.gov.br\/#website\"},\"datePublished\":\"2020-12-07T14:30:37+00:00\",\"dateModified\":\"2020-12-07T14:30:38+00:00\",\"author\":{\"@id\":\"http:\/\/aprender.sejus.df.gov.br\/#\/schema\/person\/6f1fb348cdf3f09e574018c52049e099\"},\"breadcrumb\":{\"@id\":\"http:\/\/aprender.sejus.df.gov.br\/?p=442#breadcrumb\"},\"inLanguage\":\"pt-BR\",\"potentialAction\":[{\"@type\":\"ReadAction\",\"target\":[\"http:\/\/aprender.sejus.df.gov.br\/?p=442\"]}]},{\"@type\":\"BreadcrumbList\",\"@id\":\"http:\/\/aprender.sejus.df.gov.br\/?p=442#breadcrumb\",\"itemListElement\":[{\"@type\":\"ListItem\",\"position\":1,\"name\":\"Home\",\"item\":\"https:\/\/aprender.sejus.df.gov.br\/\"},{\"@type\":\"ListItem\",\"position\":2,\"name\":\"PELAS M\u00c3OS DO SOCIOEDUCATIVO: PR\u00c1TICAS DISCIPLINARES NA MEDIDA SOCIOEDUCATIVA DE INTERNA\u00c7\u00c3O\"}]},{\"@type\":\"WebSite\",\"@id\":\"http:\/\/aprender.sejus.df.gov.br\/#website\",\"url\":\"http:\/\/aprender.sejus.df.gov.br\/\",\"name\":\"Aprender SEJUS\",\"description\":\"\",\"potentialAction\":[{\"@type\":\"SearchAction\",\"target\":{\"@type\":\"EntryPoint\",\"urlTemplate\":\"http:\/\/aprender.sejus.df.gov.br\/?s={search_term_string}\"},\"query-input\":\"required name=search_term_string\"}],\"inLanguage\":\"pt-BR\"},{\"@type\":\"Person\",\"@id\":\"http:\/\/aprender.sejus.df.gov.br\/#\/schema\/person\/6f1fb348cdf3f09e574018c52049e099\",\"name\":\"GECAP\",\"image\":{\"@type\":\"ImageObject\",\"inLanguage\":\"pt-BR\",\"@id\":\"http:\/\/aprender.sejus.df.gov.br\/#\/schema\/person\/image\/\",\"url\":\"https:\/\/secure.gravatar.com\/avatar\/eecf129a3b1190de678b5690e42de394?s=96&d=mm&r=g\",\"contentUrl\":\"https:\/\/secure.gravatar.com\/avatar\/eecf129a3b1190de678b5690e42de394?s=96&d=mm&r=g\",\"caption\":\"GECAP\"},\"url\":\"https:\/\/aprender.sejus.df.gov.br\/?author=3\"}]}<\/script>\n<!-- \/ Yoast SEO plugin. -->","yoast_head_json":{"title":"PELAS M\u00c3OS DO SOCIOEDUCATIVO: PR\u00c1TICAS DISCIPLINARES NA MEDIDA SOCIOEDUCATIVA DE INTERNA\u00c7\u00c3O - Aprender SEJUS","robots":{"index":"index","follow":"follow","max-snippet":"max-snippet:-1","max-image-preview":"max-image-preview:large","max-video-preview":"max-video-preview:-1"},"canonical":"http:\/\/aprender.sejus.df.gov.br\/?p=442","og_locale":"pt_BR","og_type":"article","og_title":"PELAS M\u00c3OS DO SOCIOEDUCATIVO: PR\u00c1TICAS DISCIPLINARES NA MEDIDA SOCIOEDUCATIVA DE INTERNA\u00c7\u00c3O - Aprender SEJUS","og_description":"Esta disserta\u00e7\u00e3o teve como objetivo analisar a duplicidade do controle penal sobre jovens infratores em cumprimento de medida socioeducativa de interna\u00e7\u00e3o no Distrito Federal durante o ano de 2014, a partir do exame das pr\u00e1ticas socioeducativas e da atua\u00e7\u00e3o dos sistemas de justi\u00e7a. Nesta pesquisa, jovens infratores s\u00e3o aqueles que est\u00e3o internados pela pr\u00e1tica de [&hellip;]","og_url":"http:\/\/aprender.sejus.df.gov.br\/?p=442","og_site_name":"Aprender SEJUS","article_published_time":"2020-12-07T14:30:37+00:00","article_modified_time":"2020-12-07T14:30:38+00:00","author":"GECAP","twitter_card":"summary_large_image","twitter_misc":{"Written by":"GECAP","Est. reading time":"3 minutos"},"schema":{"@context":"https:\/\/schema.org","@graph":[{"@type":"WebPage","@id":"http:\/\/aprender.sejus.df.gov.br\/?p=442","url":"http:\/\/aprender.sejus.df.gov.br\/?p=442","name":"PELAS M\u00c3OS DO SOCIOEDUCATIVO: PR\u00c1TICAS DISCIPLINARES NA MEDIDA SOCIOEDUCATIVA DE INTERNA\u00c7\u00c3O - Aprender SEJUS","isPartOf":{"@id":"http:\/\/aprender.sejus.df.gov.br\/#website"},"datePublished":"2020-12-07T14:30:37+00:00","dateModified":"2020-12-07T14:30:38+00:00","author":{"@id":"http:\/\/aprender.sejus.df.gov.br\/#\/schema\/person\/6f1fb348cdf3f09e574018c52049e099"},"breadcrumb":{"@id":"http:\/\/aprender.sejus.df.gov.br\/?p=442#breadcrumb"},"inLanguage":"pt-BR","potentialAction":[{"@type":"ReadAction","target":["http:\/\/aprender.sejus.df.gov.br\/?p=442"]}]},{"@type":"BreadcrumbList","@id":"http:\/\/aprender.sejus.df.gov.br\/?p=442#breadcrumb","itemListElement":[{"@type":"ListItem","position":1,"name":"Home","item":"https:\/\/aprender.sejus.df.gov.br\/"},{"@type":"ListItem","position":2,"name":"PELAS M\u00c3OS DO SOCIOEDUCATIVO: PR\u00c1TICAS DISCIPLINARES NA MEDIDA SOCIOEDUCATIVA DE INTERNA\u00c7\u00c3O"}]},{"@type":"WebSite","@id":"http:\/\/aprender.sejus.df.gov.br\/#website","url":"http:\/\/aprender.sejus.df.gov.br\/","name":"Aprender SEJUS","description":"","potentialAction":[{"@type":"SearchAction","target":{"@type":"EntryPoint","urlTemplate":"http:\/\/aprender.sejus.df.gov.br\/?s={search_term_string}"},"query-input":"required name=search_term_string"}],"inLanguage":"pt-BR"},{"@type":"Person","@id":"http:\/\/aprender.sejus.df.gov.br\/#\/schema\/person\/6f1fb348cdf3f09e574018c52049e099","name":"GECAP","image":{"@type":"ImageObject","inLanguage":"pt-BR","@id":"http:\/\/aprender.sejus.df.gov.br\/#\/schema\/person\/image\/","url":"https:\/\/secure.gravatar.com\/avatar\/eecf129a3b1190de678b5690e42de394?s=96&d=mm&r=g","contentUrl":"https:\/\/secure.gravatar.com\/avatar\/eecf129a3b1190de678b5690e42de394?s=96&d=mm&r=g","caption":"GECAP"},"url":"https:\/\/aprender.sejus.df.gov.br\/?author=3"}]}},"_links":{"self":[{"href":"https:\/\/aprender.sejus.df.gov.br\/index.php?rest_route=\/wp\/v2\/posts\/442"}],"collection":[{"href":"https:\/\/aprender.sejus.df.gov.br\/index.php?rest_route=\/wp\/v2\/posts"}],"about":[{"href":"https:\/\/aprender.sejus.df.gov.br\/index.php?rest_route=\/wp\/v2\/types\/post"}],"author":[{"embeddable":true,"href":"https:\/\/aprender.sejus.df.gov.br\/index.php?rest_route=\/wp\/v2\/users\/3"}],"replies":[{"embeddable":true,"href":"https:\/\/aprender.sejus.df.gov.br\/index.php?rest_route=%2Fwp%2Fv2%2Fcomments&post=442"}],"version-history":[{"count":2,"href":"https:\/\/aprender.sejus.df.gov.br\/index.php?rest_route=\/wp\/v2\/posts\/442\/revisions"}],"predecessor-version":[{"id":444,"href":"https:\/\/aprender.sejus.df.gov.br\/index.php?rest_route=\/wp\/v2\/posts\/442\/revisions\/444"}],"wp:attachment":[{"href":"https:\/\/aprender.sejus.df.gov.br\/index.php?rest_route=%2Fwp%2Fv2%2Fmedia&parent=442"}],"wp:term":[{"taxonomy":"category","embeddable":true,"href":"https:\/\/aprender.sejus.df.gov.br\/index.php?rest_route=%2Fwp%2Fv2%2Fcategories&post=442"},{"taxonomy":"post_tag","embeddable":true,"href":"https:\/\/aprender.sejus.df.gov.br\/index.php?rest_route=%2Fwp%2Fv2%2Ftags&post=442"}],"curies":[{"name":"wp","href":"https:\/\/api.w.org\/{rel}","templated":true}]}}