{"id":506,"date":"2020-12-08T11:00:48","date_gmt":"2020-12-08T14:00:48","guid":{"rendered":"http:\/\/aprender.sejus.df.gov.br\/?p=506"},"modified":"2020-12-08T11:04:11","modified_gmt":"2020-12-08T14:04:11","slug":"a-gestao-escolar-na-promocao-do-direito-a-educacao-de-socioeducandos-privados-de-liberdade-df","status":"publish","type":"post","link":"https:\/\/aprender.sejus.df.gov.br\/?p=506","title":{"rendered":"A GEST\u00c3O ESCOLAR NA PROMO\u00c7\u00c3O DO DIREITO \u00c0 EDUCA\u00c7\u00c3O DE SOCIOEDUCANDOS PRIVADOS DE LIBERDADE &#8211; DF"},"content":{"rendered":"\n<p>Esta pesquisa desenvolvida no Programa de P\u00f3s-Gradua\u00e7\u00e3o em Educa\u00e7\u00e3o da Faculdade de Educa\u00e7\u00e3o &#8211; Universidade de Bras\u00edlia (UnB), na linha de pesquisa Pol\u00edticas P\u00fablicas e Gest\u00e3o da Educa\u00e7\u00e3o, tem por objeto a gest\u00e3o escolar e o direito \u00e0 educa\u00e7\u00e3o de jovens privados de liberdade, no Distrito Federal (DF). Insere-se no \u00e2mbito de estudo das pol\u00edticas p\u00fablicas educacionais, fazendo interlocu\u00e7\u00e3o com uma pol\u00edtica da assist\u00eancia social. Trata-se do estudo do aspecto educacional da pol\u00edtica do Sinase, buscando investigar a gest\u00e3o escolar da Unidade de Interna\u00e7\u00e3o do Recanto das Emas (Unire) na promo\u00e7\u00e3o do direito \u00e0 educa\u00e7\u00e3o dos socioeducandos privados de liberdade. Para tanto, optou-se pela fundamenta\u00e7\u00e3o te\u00f3rica e epistemol\u00f3gica do m\u00e9todo hist\u00f3rico-dial\u00e9tico, tendo a categoria da contradi\u00e7\u00e3o como principal caracteriza\u00e7\u00e3o da ess\u00eancia do objeto estudado. Partiu-se do levantamento bibliogr\u00e1fico e documental; em seguida, a coleta de dados do campo emp\u00edrico se deu por meio da entrevista semi-estruturada com vinte sujeitos (gestores, professores, servidores da unidade, usu\u00e1rios e organiza\u00e7\u00f5es de defesa dos direitos dos socioeducandos). A partir dos dados coletados, analisaram-se a materializa\u00e7\u00e3o, as dificuldades e os limites enfrentados pela gest\u00e3o escolar na execu\u00e7\u00e3o da pol\u00edtica de escolariza\u00e7\u00e3o no contexto da Unire. Trata-se de uma pol\u00edtica articulada e colaborativa, firmada entre a Secretaria de Estado da Crian\u00e7a e a Secretaria de Estado de Educa\u00e7\u00e3o, para garantir a oferta escolar nas Unidades de Interna\u00e7\u00e3o Socioeducativas (UISs) do DF. A partir desta an\u00e1lise, constataram-se em termos do direito \u00e0 educa\u00e7\u00e3o: os avan\u00e7os formais fizeram dos socioeducandos, destinat\u00e1rios das pol\u00edticas educacionais; institu\u00edram-se escolas p\u00fablicas no interior das UISs para a efetiva\u00e7\u00e3o deste direito; embora se verifiquem avan\u00e7os legais, permanece a descontinuidade da oferta escolar, os obst\u00e1culos que dificultam o acesso dos alunos \u00e0 escola e casos de viola\u00e7\u00e3o deste direito.<br>Em termos de gest\u00e3o escolar: sem a presen\u00e7a de uma gest\u00e3o, a escola funcionava de maneira desarticulada; em 2013 instituiu-se a gest\u00e3o escolar para a organiza\u00e7\u00e3o dos fluxos e rotinas escolares; trata-se de uma gest\u00e3o com caracter\u00edsticas singulares, uma vez que \u00e9 vinculada a uma escola da rede distrital de ensino e aos demais setores da Unire. Afirma-se que, embora o Sinase proponha a concep\u00e7\u00e3o pedag\u00f3gica e socioeducativa para os programas de interna\u00e7\u00e3o, o cotidiano revelou a contradi\u00e7\u00e3o entre o fen\u00f4meno educativo e o fen\u00f4meno punitivo\/restritivo.<br><\/p>\n\n\n\n<p><strong>Palavras-chave:<\/strong> Sinase; pol\u00edtica educacional intersetorial; gest\u00e3o escolar; direito \u00e0 educa\u00e7\u00e3o; Unire.<\/p>\n\n\n\n<div class=\"wp-container-1 wp-block-buttons\">\n<div class=\"wp-block-button\"><a class=\"wp-block-button__link has-vivid-cyan-blue-background-color has-background\" href=\"https:\/\/aprender.sejus.df.gov.br\/wp-content\/uploads\/2020\/12\/LIANA-CORREIRA-ROQUETE-DE-ALBUQUERQUE-DISSERTACAO.pdf\" target=\"_blank\" rel=\"noreferrer noopener\">Baixar Trabalho<\/a><\/div>\n<\/div>\n","protected":false},"excerpt":{"rendered":"<p>Esta pesquisa desenvolvida no Programa de P\u00f3s-Gradua\u00e7\u00e3o em Educa\u00e7\u00e3o da Faculdade de Educa\u00e7\u00e3o &#8211; Universidade de Bras\u00edlia (UnB), na linha de pesquisa Pol\u00edticas P\u00fablicas e Gest\u00e3o da Educa\u00e7\u00e3o, tem por objeto a gest\u00e3o escolar e o direito \u00e0 educa\u00e7\u00e3o de jovens privados de liberdade, no Distrito Federal (DF). Insere-se no \u00e2mbito de estudo das pol\u00edticas [&hellip;]<\/p>\n","protected":false},"author":3,"featured_media":0,"comment_status":"open","ping_status":"open","sticky":false,"template":"","format":"standard","meta":[],"categories":[11],"tags":[39],"yoast_head":"<!-- This site is optimized with the Yoast SEO plugin v19.7.1 - https:\/\/yoast.com\/wordpress\/plugins\/seo\/ -->\n<title>A GEST\u00c3O ESCOLAR NA PROMO\u00c7\u00c3O DO DIREITO \u00c0 EDUCA\u00c7\u00c3O DE SOCIOEDUCANDOS PRIVADOS DE LIBERDADE - DF - Aprender SEJUS<\/title>\n<meta name=\"robots\" content=\"index, follow, max-snippet:-1, max-image-preview:large, max-video-preview:-1\" \/>\n<link rel=\"canonical\" href=\"http:\/\/aprender.sejus.df.gov.br\/?p=506\" \/>\n<meta property=\"og:locale\" content=\"pt_BR\" \/>\n<meta property=\"og:type\" content=\"article\" \/>\n<meta property=\"og:title\" content=\"A GEST\u00c3O ESCOLAR NA PROMO\u00c7\u00c3O DO DIREITO \u00c0 EDUCA\u00c7\u00c3O DE SOCIOEDUCANDOS PRIVADOS DE LIBERDADE - DF - Aprender SEJUS\" \/>\n<meta property=\"og:description\" content=\"Esta pesquisa desenvolvida no Programa de P\u00f3s-Gradua\u00e7\u00e3o em Educa\u00e7\u00e3o da Faculdade de Educa\u00e7\u00e3o &#8211; Universidade de Bras\u00edlia (UnB), na linha de pesquisa Pol\u00edticas P\u00fablicas e Gest\u00e3o da Educa\u00e7\u00e3o, tem por objeto a gest\u00e3o escolar e o direito \u00e0 educa\u00e7\u00e3o de jovens privados de liberdade, no Distrito Federal (DF). Insere-se no \u00e2mbito de estudo das pol\u00edticas [&hellip;]\" \/>\n<meta property=\"og:url\" content=\"http:\/\/aprender.sejus.df.gov.br\/?p=506\" \/>\n<meta property=\"og:site_name\" content=\"Aprender SEJUS\" \/>\n<meta property=\"article:published_time\" content=\"2020-12-08T14:00:48+00:00\" \/>\n<meta property=\"article:modified_time\" content=\"2020-12-08T14:04:11+00:00\" \/>\n<meta name=\"author\" content=\"GECAP\" \/>\n<meta name=\"twitter:card\" content=\"summary_large_image\" \/>\n<meta name=\"twitter:label1\" content=\"Written by\" \/>\n\t<meta name=\"twitter:data1\" content=\"GECAP\" \/>\n\t<meta name=\"twitter:label2\" content=\"Est. reading time\" \/>\n\t<meta name=\"twitter:data2\" content=\"2 minutos\" \/>\n<script type=\"application\/ld+json\" class=\"yoast-schema-graph\">{\"@context\":\"https:\/\/schema.org\",\"@graph\":[{\"@type\":\"WebPage\",\"@id\":\"http:\/\/aprender.sejus.df.gov.br\/?p=506\",\"url\":\"http:\/\/aprender.sejus.df.gov.br\/?p=506\",\"name\":\"A GEST\u00c3O ESCOLAR NA PROMO\u00c7\u00c3O DO DIREITO \u00c0 EDUCA\u00c7\u00c3O DE SOCIOEDUCANDOS PRIVADOS DE LIBERDADE - DF - Aprender SEJUS\",\"isPartOf\":{\"@id\":\"http:\/\/aprender.sejus.df.gov.br\/#website\"},\"datePublished\":\"2020-12-08T14:00:48+00:00\",\"dateModified\":\"2020-12-08T14:04:11+00:00\",\"author\":{\"@id\":\"http:\/\/aprender.sejus.df.gov.br\/#\/schema\/person\/6f1fb348cdf3f09e574018c52049e099\"},\"breadcrumb\":{\"@id\":\"http:\/\/aprender.sejus.df.gov.br\/?p=506#breadcrumb\"},\"inLanguage\":\"pt-BR\",\"potentialAction\":[{\"@type\":\"ReadAction\",\"target\":[\"http:\/\/aprender.sejus.df.gov.br\/?p=506\"]}]},{\"@type\":\"BreadcrumbList\",\"@id\":\"http:\/\/aprender.sejus.df.gov.br\/?p=506#breadcrumb\",\"itemListElement\":[{\"@type\":\"ListItem\",\"position\":1,\"name\":\"Home\",\"item\":\"https:\/\/aprender.sejus.df.gov.br\/\"},{\"@type\":\"ListItem\",\"position\":2,\"name\":\"A GEST\u00c3O ESCOLAR NA PROMO\u00c7\u00c3O DO DIREITO \u00c0 EDUCA\u00c7\u00c3O DE SOCIOEDUCANDOS PRIVADOS DE LIBERDADE &#8211; DF\"}]},{\"@type\":\"WebSite\",\"@id\":\"http:\/\/aprender.sejus.df.gov.br\/#website\",\"url\":\"http:\/\/aprender.sejus.df.gov.br\/\",\"name\":\"Aprender SEJUS\",\"description\":\"\",\"potentialAction\":[{\"@type\":\"SearchAction\",\"target\":{\"@type\":\"EntryPoint\",\"urlTemplate\":\"http:\/\/aprender.sejus.df.gov.br\/?s={search_term_string}\"},\"query-input\":\"required name=search_term_string\"}],\"inLanguage\":\"pt-BR\"},{\"@type\":\"Person\",\"@id\":\"http:\/\/aprender.sejus.df.gov.br\/#\/schema\/person\/6f1fb348cdf3f09e574018c52049e099\",\"name\":\"GECAP\",\"image\":{\"@type\":\"ImageObject\",\"inLanguage\":\"pt-BR\",\"@id\":\"http:\/\/aprender.sejus.df.gov.br\/#\/schema\/person\/image\/\",\"url\":\"https:\/\/secure.gravatar.com\/avatar\/eecf129a3b1190de678b5690e42de394?s=96&d=mm&r=g\",\"contentUrl\":\"https:\/\/secure.gravatar.com\/avatar\/eecf129a3b1190de678b5690e42de394?s=96&d=mm&r=g\",\"caption\":\"GECAP\"},\"url\":\"https:\/\/aprender.sejus.df.gov.br\/?author=3\"}]}<\/script>\n<!-- \/ Yoast SEO plugin. -->","yoast_head_json":{"title":"A GEST\u00c3O ESCOLAR NA PROMO\u00c7\u00c3O DO DIREITO \u00c0 EDUCA\u00c7\u00c3O DE SOCIOEDUCANDOS PRIVADOS DE LIBERDADE - DF - Aprender SEJUS","robots":{"index":"index","follow":"follow","max-snippet":"max-snippet:-1","max-image-preview":"max-image-preview:large","max-video-preview":"max-video-preview:-1"},"canonical":"http:\/\/aprender.sejus.df.gov.br\/?p=506","og_locale":"pt_BR","og_type":"article","og_title":"A GEST\u00c3O ESCOLAR NA PROMO\u00c7\u00c3O DO DIREITO \u00c0 EDUCA\u00c7\u00c3O DE SOCIOEDUCANDOS PRIVADOS DE LIBERDADE - DF - Aprender SEJUS","og_description":"Esta pesquisa desenvolvida no Programa de P\u00f3s-Gradua\u00e7\u00e3o em Educa\u00e7\u00e3o da Faculdade de Educa\u00e7\u00e3o &#8211; Universidade de Bras\u00edlia (UnB), na linha de pesquisa Pol\u00edticas P\u00fablicas e Gest\u00e3o da Educa\u00e7\u00e3o, tem por objeto a gest\u00e3o escolar e o direito \u00e0 educa\u00e7\u00e3o de jovens privados de liberdade, no Distrito Federal (DF). Insere-se no \u00e2mbito de estudo das pol\u00edticas [&hellip;]","og_url":"http:\/\/aprender.sejus.df.gov.br\/?p=506","og_site_name":"Aprender SEJUS","article_published_time":"2020-12-08T14:00:48+00:00","article_modified_time":"2020-12-08T14:04:11+00:00","author":"GECAP","twitter_card":"summary_large_image","twitter_misc":{"Written by":"GECAP","Est. reading time":"2 minutos"},"schema":{"@context":"https:\/\/schema.org","@graph":[{"@type":"WebPage","@id":"http:\/\/aprender.sejus.df.gov.br\/?p=506","url":"http:\/\/aprender.sejus.df.gov.br\/?p=506","name":"A GEST\u00c3O ESCOLAR NA PROMO\u00c7\u00c3O DO DIREITO \u00c0 EDUCA\u00c7\u00c3O DE SOCIOEDUCANDOS PRIVADOS DE LIBERDADE - DF - Aprender SEJUS","isPartOf":{"@id":"http:\/\/aprender.sejus.df.gov.br\/#website"},"datePublished":"2020-12-08T14:00:48+00:00","dateModified":"2020-12-08T14:04:11+00:00","author":{"@id":"http:\/\/aprender.sejus.df.gov.br\/#\/schema\/person\/6f1fb348cdf3f09e574018c52049e099"},"breadcrumb":{"@id":"http:\/\/aprender.sejus.df.gov.br\/?p=506#breadcrumb"},"inLanguage":"pt-BR","potentialAction":[{"@type":"ReadAction","target":["http:\/\/aprender.sejus.df.gov.br\/?p=506"]}]},{"@type":"BreadcrumbList","@id":"http:\/\/aprender.sejus.df.gov.br\/?p=506#breadcrumb","itemListElement":[{"@type":"ListItem","position":1,"name":"Home","item":"https:\/\/aprender.sejus.df.gov.br\/"},{"@type":"ListItem","position":2,"name":"A GEST\u00c3O ESCOLAR NA PROMO\u00c7\u00c3O DO DIREITO \u00c0 EDUCA\u00c7\u00c3O DE SOCIOEDUCANDOS PRIVADOS DE LIBERDADE &#8211; DF"}]},{"@type":"WebSite","@id":"http:\/\/aprender.sejus.df.gov.br\/#website","url":"http:\/\/aprender.sejus.df.gov.br\/","name":"Aprender SEJUS","description":"","potentialAction":[{"@type":"SearchAction","target":{"@type":"EntryPoint","urlTemplate":"http:\/\/aprender.sejus.df.gov.br\/?s={search_term_string}"},"query-input":"required name=search_term_string"}],"inLanguage":"pt-BR"},{"@type":"Person","@id":"http:\/\/aprender.sejus.df.gov.br\/#\/schema\/person\/6f1fb348cdf3f09e574018c52049e099","name":"GECAP","image":{"@type":"ImageObject","inLanguage":"pt-BR","@id":"http:\/\/aprender.sejus.df.gov.br\/#\/schema\/person\/image\/","url":"https:\/\/secure.gravatar.com\/avatar\/eecf129a3b1190de678b5690e42de394?s=96&d=mm&r=g","contentUrl":"https:\/\/secure.gravatar.com\/avatar\/eecf129a3b1190de678b5690e42de394?s=96&d=mm&r=g","caption":"GECAP"},"url":"https:\/\/aprender.sejus.df.gov.br\/?author=3"}]}},"_links":{"self":[{"href":"https:\/\/aprender.sejus.df.gov.br\/index.php?rest_route=\/wp\/v2\/posts\/506"}],"collection":[{"href":"https:\/\/aprender.sejus.df.gov.br\/index.php?rest_route=\/wp\/v2\/posts"}],"about":[{"href":"https:\/\/aprender.sejus.df.gov.br\/index.php?rest_route=\/wp\/v2\/types\/post"}],"author":[{"embeddable":true,"href":"https:\/\/aprender.sejus.df.gov.br\/index.php?rest_route=\/wp\/v2\/users\/3"}],"replies":[{"embeddable":true,"href":"https:\/\/aprender.sejus.df.gov.br\/index.php?rest_route=%2Fwp%2Fv2%2Fcomments&post=506"}],"version-history":[{"count":2,"href":"https:\/\/aprender.sejus.df.gov.br\/index.php?rest_route=\/wp\/v2\/posts\/506\/revisions"}],"predecessor-version":[{"id":513,"href":"https:\/\/aprender.sejus.df.gov.br\/index.php?rest_route=\/wp\/v2\/posts\/506\/revisions\/513"}],"wp:attachment":[{"href":"https:\/\/aprender.sejus.df.gov.br\/index.php?rest_route=%2Fwp%2Fv2%2Fmedia&parent=506"}],"wp:term":[{"taxonomy":"category","embeddable":true,"href":"https:\/\/aprender.sejus.df.gov.br\/index.php?rest_route=%2Fwp%2Fv2%2Fcategories&post=506"},{"taxonomy":"post_tag","embeddable":true,"href":"https:\/\/aprender.sejus.df.gov.br\/index.php?rest_route=%2Fwp%2Fv2%2Ftags&post=506"}],"curies":[{"name":"wp","href":"https:\/\/api.w.org\/{rel}","templated":true}]}}