{"id":514,"date":"2020-12-08T11:09:54","date_gmt":"2020-12-08T14:09:54","guid":{"rendered":"http:\/\/aprender.sejus.df.gov.br\/?p=514"},"modified":"2020-12-08T12:26:05","modified_gmt":"2020-12-08T15:26:05","slug":"mulheres-no-exercito-brasileiro-um-estudo-sobre-poder-simbolico-e-relacoes-de-poder-em-uma-organizacao-militar","status":"publish","type":"post","link":"https:\/\/aprender.sejus.df.gov.br\/?p=514","title":{"rendered":"MULHERES NO EX\u00c9RCITO BRASILEIRO: UM ESTUDO SOBRE PODER SIMB\u00d3LICO E RELA\u00c7\u00d5ES DE PODER EM UMA&#8230;"},"content":{"rendered":"\n<p>A presen\u00e7a de mulheres nos mais diferentes espa\u00e7os da sociedade brasileira \u00e9, sem d\u00favida, uma conquista recente. Foi apenas a partir da segunda metade do s\u00e9culo XX que foram abertas as portas para uma s\u00e9rie de atividades que antes a popula\u00e7\u00e3o feminina n\u00e3o tinha acesso. Com a entrada da mulheres no mundo do trabalho, foi inevit\u00e1vel que elas ocupassem cargos que originalmente eram exclusivos do universo masculino. Entre eles as institui\u00e7\u00f5es militares. O Ex\u00e9rcito foi a \u00faltima For\u00e7a Armada no Brasil a permitir o ingresso das mulheres em suas fileiras, que ocorreu em 1992, doze anos ap\u00f3s a pioneira Marinha formar sua primeira turma. Hoje \u00e9 poss\u00edvel encontr\u00e1-las na caserna desempenhando v\u00e1rias fun\u00e7\u00f5es n\u00e3o s\u00f3 em quart\u00e9is-generais ou unidades de sa\u00fade, mas tamb\u00e9m (ainda que em n\u00famero bem reduzido) em organiza\u00e7\u00f5es militares operacionais e em miss\u00f5es de opera\u00e7\u00f5es de paz. Nesse sentido, com a presente pesquisa objetivou-se desenvolver um estudo que apreendesse como s\u00e3o constru\u00eddas as rela\u00e7\u00f5es de poder em um determinado efetivo do Ex\u00e9rcito Brasileiro a partir da inser\u00e7\u00e3o das mulheres no Quadro Complementar de Oficiais na Escola de Administra\u00e7\u00e3o do Ex\u00e9rcito e analisar, a partir dessas rela\u00e7\u00f5es, em que condi\u00e7\u00f5es ocorre a atua\u00e7\u00e3o dessas profissionais. Nesse contexto, destacamos a import\u00e2ncia em reconhecer os aspectos que fundamentam a cultura pr\u00f3pria das institui\u00e7\u00f5es militares, considerando, essencialmente, a hierarquia e a disciplina como valores fundamentais que permeiam o universo militar tanto do ponto de vista da organiza\u00e7\u00e3o interna da institui\u00e7\u00e3o quanto da \u00f3tica de intera\u00e7\u00e3o social vivenciados entre os militares que a comp\u00f5em. Participaram da pesquisa cinco militares do segmento feminino, distribu\u00eddas em n\u00edveis hier\u00e1rquicos aleat\u00f3rios pertencentes ao quadro t\u00e9cnico de uma Organiza\u00e7\u00e3o Militar localizada na cidade do Rio de Janeiro e subordinada ao Comando Militar do Leste. Tendo em vista as caracter\u00edsticas peculiares das institui\u00e7\u00f5es militares com seus pilares de sustenta\u00e7\u00e3o galgados na disciplina e na hierarquia, optou-se por manter o anonimato da Organiza\u00e7\u00e3o Militar escolhida, uma vez que poderiam ocorrer conflitos entre a garantia de uma postura \u00e9tica de liberdade de pesquisar e a necessidade de manter procedimentos considerados apropriados, principalmente no que diz respeito ao sigilo na participa\u00e7\u00e3o das colaboradoras da pesquisa. Quanto aos aspectos metodol\u00f3gicos da pesquisa optou-se por uma pesquisa qualitativa onde os instrumentos utilizados para a coleta de dados foram a pesquisa bibliogr\u00e1fica, a entrevista semiestruturada e a observa\u00e7\u00e3o participante. As an\u00e1lise dos dados apontaram para o fato de que, apesar da exist\u00eancia de regulamentos que garantem a igualdade no tratamento para ambos os sexos, as estruturas subjetivas formada pelos princ\u00edpios institucionais influenciam os sistemas de diferencia\u00e7\u00e3o no discurso de seus membros, refor\u00e7ando assim a forma\u00e7\u00e3o de \u201cguetos\u201d masculinos e femininos de ocupa\u00e7\u00e3o, perpetuando a id\u00e9ia de perfis distintos: o necessariamente masculinizado para o profissional militar combatente e o perfil para o profissional militar t\u00e9cnico.<\/p>\n\n\n\n<p><br><strong>Palavras-chave: <\/strong>Ex\u00e9rcito brasileiro; G\u00eanero; Rela\u00e7\u00f5es de poder.<\/p>\n\n\n\n<div class=\"wp-container-1 wp-block-buttons\">\n<div class=\"wp-block-button\"><a class=\"wp-block-button__link has-vivid-cyan-blue-background-color has-background\" href=\"https:\/\/aprender.sejus.df.gov.br\/wp-content\/uploads\/2020\/12\/LUANA-FERREIRA-DA-SILVA-MAZULO-DISSERTACAO.pdf\" target=\"_blank\" rel=\"noreferrer noopener\">Baixar Trabalho<\/a><\/div>\n<\/div>\n","protected":false},"excerpt":{"rendered":"<p>A presen\u00e7a de mulheres nos mais diferentes espa\u00e7os da sociedade brasileira \u00e9, sem d\u00favida, uma conquista recente. Foi apenas a partir da segunda metade do s\u00e9culo XX que foram abertas as portas para uma s\u00e9rie de atividades que antes a popula\u00e7\u00e3o feminina n\u00e3o tinha acesso. Com a entrada da mulheres no mundo do trabalho, foi [&hellip;]<\/p>\n","protected":false},"author":3,"featured_media":0,"comment_status":"closed","ping_status":"closed","sticky":false,"template":"","format":"standard","meta":[],"categories":[11],"tags":[28],"yoast_head":"<!-- This site is optimized with the Yoast SEO plugin v19.7.1 - https:\/\/yoast.com\/wordpress\/plugins\/seo\/ -->\n<title>MULHERES NO EX\u00c9RCITO BRASILEIRO: UM ESTUDO SOBRE PODER SIMB\u00d3LICO E RELA\u00c7\u00d5ES DE PODER EM UMA... - Aprender SEJUS<\/title>\n<meta name=\"robots\" content=\"index, follow, max-snippet:-1, max-image-preview:large, max-video-preview:-1\" \/>\n<link rel=\"canonical\" href=\"http:\/\/aprender.sejus.df.gov.br\/?p=514\" \/>\n<meta property=\"og:locale\" content=\"pt_BR\" \/>\n<meta property=\"og:type\" content=\"article\" \/>\n<meta property=\"og:title\" content=\"MULHERES NO EX\u00c9RCITO BRASILEIRO: UM ESTUDO SOBRE PODER SIMB\u00d3LICO E RELA\u00c7\u00d5ES DE PODER EM UMA... - Aprender SEJUS\" \/>\n<meta property=\"og:description\" content=\"A presen\u00e7a de mulheres nos mais diferentes espa\u00e7os da sociedade brasileira \u00e9, sem d\u00favida, uma conquista recente. Foi apenas a partir da segunda metade do s\u00e9culo XX que foram abertas as portas para uma s\u00e9rie de atividades que antes a popula\u00e7\u00e3o feminina n\u00e3o tinha acesso. Com a entrada da mulheres no mundo do trabalho, foi [&hellip;]\" \/>\n<meta property=\"og:url\" content=\"http:\/\/aprender.sejus.df.gov.br\/?p=514\" \/>\n<meta property=\"og:site_name\" content=\"Aprender SEJUS\" \/>\n<meta property=\"article:published_time\" content=\"2020-12-08T14:09:54+00:00\" \/>\n<meta property=\"article:modified_time\" content=\"2020-12-08T15:26:05+00:00\" \/>\n<meta name=\"author\" content=\"GECAP\" \/>\n<meta name=\"twitter:card\" content=\"summary_large_image\" \/>\n<meta name=\"twitter:label1\" content=\"Written by\" \/>\n\t<meta name=\"twitter:data1\" content=\"GECAP\" \/>\n\t<meta name=\"twitter:label2\" content=\"Est. reading time\" \/>\n\t<meta name=\"twitter:data2\" content=\"3 minutos\" \/>\n<script type=\"application\/ld+json\" class=\"yoast-schema-graph\">{\"@context\":\"https:\/\/schema.org\",\"@graph\":[{\"@type\":\"WebPage\",\"@id\":\"http:\/\/aprender.sejus.df.gov.br\/?p=514\",\"url\":\"http:\/\/aprender.sejus.df.gov.br\/?p=514\",\"name\":\"MULHERES NO EX\u00c9RCITO BRASILEIRO: UM ESTUDO SOBRE PODER SIMB\u00d3LICO E RELA\u00c7\u00d5ES DE PODER EM UMA... - Aprender SEJUS\",\"isPartOf\":{\"@id\":\"http:\/\/aprender.sejus.df.gov.br\/#website\"},\"datePublished\":\"2020-12-08T14:09:54+00:00\",\"dateModified\":\"2020-12-08T15:26:05+00:00\",\"author\":{\"@id\":\"http:\/\/aprender.sejus.df.gov.br\/#\/schema\/person\/6f1fb348cdf3f09e574018c52049e099\"},\"breadcrumb\":{\"@id\":\"http:\/\/aprender.sejus.df.gov.br\/?p=514#breadcrumb\"},\"inLanguage\":\"pt-BR\",\"potentialAction\":[{\"@type\":\"ReadAction\",\"target\":[\"http:\/\/aprender.sejus.df.gov.br\/?p=514\"]}]},{\"@type\":\"BreadcrumbList\",\"@id\":\"http:\/\/aprender.sejus.df.gov.br\/?p=514#breadcrumb\",\"itemListElement\":[{\"@type\":\"ListItem\",\"position\":1,\"name\":\"Home\",\"item\":\"https:\/\/aprender.sejus.df.gov.br\/\"},{\"@type\":\"ListItem\",\"position\":2,\"name\":\"MULHERES NO EX\u00c9RCITO BRASILEIRO: UM ESTUDO SOBRE PODER SIMB\u00d3LICO E RELA\u00c7\u00d5ES DE PODER EM UMA&#8230;\"}]},{\"@type\":\"WebSite\",\"@id\":\"http:\/\/aprender.sejus.df.gov.br\/#website\",\"url\":\"http:\/\/aprender.sejus.df.gov.br\/\",\"name\":\"Aprender SEJUS\",\"description\":\"\",\"potentialAction\":[{\"@type\":\"SearchAction\",\"target\":{\"@type\":\"EntryPoint\",\"urlTemplate\":\"http:\/\/aprender.sejus.df.gov.br\/?s={search_term_string}\"},\"query-input\":\"required name=search_term_string\"}],\"inLanguage\":\"pt-BR\"},{\"@type\":\"Person\",\"@id\":\"http:\/\/aprender.sejus.df.gov.br\/#\/schema\/person\/6f1fb348cdf3f09e574018c52049e099\",\"name\":\"GECAP\",\"image\":{\"@type\":\"ImageObject\",\"inLanguage\":\"pt-BR\",\"@id\":\"http:\/\/aprender.sejus.df.gov.br\/#\/schema\/person\/image\/\",\"url\":\"https:\/\/secure.gravatar.com\/avatar\/eecf129a3b1190de678b5690e42de394?s=96&d=mm&r=g\",\"contentUrl\":\"https:\/\/secure.gravatar.com\/avatar\/eecf129a3b1190de678b5690e42de394?s=96&d=mm&r=g\",\"caption\":\"GECAP\"},\"url\":\"https:\/\/aprender.sejus.df.gov.br\/?author=3\"}]}<\/script>\n<!-- \/ Yoast SEO plugin. -->","yoast_head_json":{"title":"MULHERES NO EX\u00c9RCITO BRASILEIRO: UM ESTUDO SOBRE PODER SIMB\u00d3LICO E RELA\u00c7\u00d5ES DE PODER EM UMA... - Aprender SEJUS","robots":{"index":"index","follow":"follow","max-snippet":"max-snippet:-1","max-image-preview":"max-image-preview:large","max-video-preview":"max-video-preview:-1"},"canonical":"http:\/\/aprender.sejus.df.gov.br\/?p=514","og_locale":"pt_BR","og_type":"article","og_title":"MULHERES NO EX\u00c9RCITO BRASILEIRO: UM ESTUDO SOBRE PODER SIMB\u00d3LICO E RELA\u00c7\u00d5ES DE PODER EM UMA... - Aprender SEJUS","og_description":"A presen\u00e7a de mulheres nos mais diferentes espa\u00e7os da sociedade brasileira \u00e9, sem d\u00favida, uma conquista recente. Foi apenas a partir da segunda metade do s\u00e9culo XX que foram abertas as portas para uma s\u00e9rie de atividades que antes a popula\u00e7\u00e3o feminina n\u00e3o tinha acesso. Com a entrada da mulheres no mundo do trabalho, foi [&hellip;]","og_url":"http:\/\/aprender.sejus.df.gov.br\/?p=514","og_site_name":"Aprender SEJUS","article_published_time":"2020-12-08T14:09:54+00:00","article_modified_time":"2020-12-08T15:26:05+00:00","author":"GECAP","twitter_card":"summary_large_image","twitter_misc":{"Written by":"GECAP","Est. reading time":"3 minutos"},"schema":{"@context":"https:\/\/schema.org","@graph":[{"@type":"WebPage","@id":"http:\/\/aprender.sejus.df.gov.br\/?p=514","url":"http:\/\/aprender.sejus.df.gov.br\/?p=514","name":"MULHERES NO EX\u00c9RCITO BRASILEIRO: UM ESTUDO SOBRE PODER SIMB\u00d3LICO E RELA\u00c7\u00d5ES DE PODER EM UMA... - Aprender SEJUS","isPartOf":{"@id":"http:\/\/aprender.sejus.df.gov.br\/#website"},"datePublished":"2020-12-08T14:09:54+00:00","dateModified":"2020-12-08T15:26:05+00:00","author":{"@id":"http:\/\/aprender.sejus.df.gov.br\/#\/schema\/person\/6f1fb348cdf3f09e574018c52049e099"},"breadcrumb":{"@id":"http:\/\/aprender.sejus.df.gov.br\/?p=514#breadcrumb"},"inLanguage":"pt-BR","potentialAction":[{"@type":"ReadAction","target":["http:\/\/aprender.sejus.df.gov.br\/?p=514"]}]},{"@type":"BreadcrumbList","@id":"http:\/\/aprender.sejus.df.gov.br\/?p=514#breadcrumb","itemListElement":[{"@type":"ListItem","position":1,"name":"Home","item":"https:\/\/aprender.sejus.df.gov.br\/"},{"@type":"ListItem","position":2,"name":"MULHERES NO EX\u00c9RCITO BRASILEIRO: UM ESTUDO SOBRE PODER SIMB\u00d3LICO E RELA\u00c7\u00d5ES DE PODER EM UMA&#8230;"}]},{"@type":"WebSite","@id":"http:\/\/aprender.sejus.df.gov.br\/#website","url":"http:\/\/aprender.sejus.df.gov.br\/","name":"Aprender SEJUS","description":"","potentialAction":[{"@type":"SearchAction","target":{"@type":"EntryPoint","urlTemplate":"http:\/\/aprender.sejus.df.gov.br\/?s={search_term_string}"},"query-input":"required name=search_term_string"}],"inLanguage":"pt-BR"},{"@type":"Person","@id":"http:\/\/aprender.sejus.df.gov.br\/#\/schema\/person\/6f1fb348cdf3f09e574018c52049e099","name":"GECAP","image":{"@type":"ImageObject","inLanguage":"pt-BR","@id":"http:\/\/aprender.sejus.df.gov.br\/#\/schema\/person\/image\/","url":"https:\/\/secure.gravatar.com\/avatar\/eecf129a3b1190de678b5690e42de394?s=96&d=mm&r=g","contentUrl":"https:\/\/secure.gravatar.com\/avatar\/eecf129a3b1190de678b5690e42de394?s=96&d=mm&r=g","caption":"GECAP"},"url":"https:\/\/aprender.sejus.df.gov.br\/?author=3"}]}},"_links":{"self":[{"href":"https:\/\/aprender.sejus.df.gov.br\/index.php?rest_route=\/wp\/v2\/posts\/514"}],"collection":[{"href":"https:\/\/aprender.sejus.df.gov.br\/index.php?rest_route=\/wp\/v2\/posts"}],"about":[{"href":"https:\/\/aprender.sejus.df.gov.br\/index.php?rest_route=\/wp\/v2\/types\/post"}],"author":[{"embeddable":true,"href":"https:\/\/aprender.sejus.df.gov.br\/index.php?rest_route=\/wp\/v2\/users\/3"}],"replies":[{"embeddable":true,"href":"https:\/\/aprender.sejus.df.gov.br\/index.php?rest_route=%2Fwp%2Fv2%2Fcomments&post=514"}],"version-history":[{"count":3,"href":"https:\/\/aprender.sejus.df.gov.br\/index.php?rest_route=\/wp\/v2\/posts\/514\/revisions"}],"predecessor-version":[{"id":529,"href":"https:\/\/aprender.sejus.df.gov.br\/index.php?rest_route=\/wp\/v2\/posts\/514\/revisions\/529"}],"wp:attachment":[{"href":"https:\/\/aprender.sejus.df.gov.br\/index.php?rest_route=%2Fwp%2Fv2%2Fmedia&parent=514"}],"wp:term":[{"taxonomy":"category","embeddable":true,"href":"https:\/\/aprender.sejus.df.gov.br\/index.php?rest_route=%2Fwp%2Fv2%2Fcategories&post=514"},{"taxonomy":"post_tag","embeddable":true,"href":"https:\/\/aprender.sejus.df.gov.br\/index.php?rest_route=%2Fwp%2Fv2%2Ftags&post=514"}],"curies":[{"name":"wp","href":"https:\/\/api.w.org\/{rel}","templated":true}]}}