{"id":534,"date":"2020-12-08T12:35:35","date_gmt":"2020-12-08T15:35:35","guid":{"rendered":"http:\/\/aprender.sejus.df.gov.br\/?p=534"},"modified":"2020-12-08T12:36:10","modified_gmt":"2020-12-08T15:36:10","slug":"as-contradicoes-ideopoliticas-em-torno-da-assistencia-social-a-partir-da-decada-de-90-vozes-e-perspectivas-das-entidades-privadas-do-df","status":"publish","type":"post","link":"https:\/\/aprender.sejus.df.gov.br\/?p=534","title":{"rendered":"AS CONTRADI\u00c7\u00d5ES IDEOPOL\u00cdTICAS EM TORNO DA ASSIST\u00caNCIA SOCIAL A PARTIR DA D\u00c9CADA DE 90: VOZES&#8230;"},"content":{"rendered":"\n<p>O objetivo deste trabalho \u00e9 dar destaque \u00e0s contradi\u00e7\u00f5es que perpassam as rela\u00e7\u00f5es tecidas entre o Estado e as entidades privadas sem fins lucrativos para a execu\u00e7\u00e3o da pol\u00edtica de assist\u00eancia social, com \u00eanfase no discurso de profissionais da esfera privada do Distrito Federal. Para isso, o referencial metodol\u00f3gico est\u00e1 centrado na vertente hist\u00f3rico-estrutural marxista e na metodologia da hermen\u00eautica da profundidade, as quais combinadas fundamentam a compreens\u00e3o dos fatores objetivos e dos aspectos simb\u00f3licos e ideol\u00f3gicos que determinam a configura\u00e7\u00e3o do compartilhamento da pol\u00edtica de assist\u00eancia social entre a esfera p\u00fablica e a privada. Passando pelo enquadramento hist\u00f3rico-conceitual do termo ideologia e do desenvolvimento da pol\u00edtica de assist\u00eancia social no Brasil, especialmente a partir da d\u00e9cada de 90, este trabalho visa expor as influ\u00eancias do projeto neoliberal de contrarreforma do Estado brasileiro na constitui\u00e7\u00e3o da assist\u00eancia social, a qual \u00e9 implementada sob um padr\u00e3o restrito, privatista e filantropizado. Neste sentido, levando em conta as teorias do Estado e o processo de constitui\u00e7\u00e3o dos modelos de prote\u00e7\u00e3o social no mundo ocidental, percebe-se que as rela\u00e7\u00f5es entre Estado e sociedade civil sofreram significativa altera\u00e7\u00e3o principalmente a partir dos anos 90, resultando na desresponsabiliza\u00e7\u00e3o estatal no que tange \u00e0 garantia de pol\u00edticas sociais, e especialmente, \u00e0 garantia da oferta p\u00fablica de servi\u00e7os de assist\u00eancia social. Desta forma, o trabalho ressalta que as parcerias do Estado com as entidades privadas no \u00e2mbito da pol\u00edtica de assist\u00eancia social foram realizadas com o objetivo ideol\u00f3gico de ocultar o processo de destitui\u00e7\u00e3o dos direitos e das pol\u00edticas sociais, por meio da mobiliza\u00e7\u00e3o dos sentidos a favor da perda da refer\u00eancia p\u00fablico-estatal, instituindo, assim, uma nova modalidade de prote\u00e7\u00e3o social assentada na l\u00f3gica privada. Al\u00e9m disso, o trabalho realiza uma an\u00e1lise de discurso a partir de entrevistas com profissionais de entidades privadas filantr\u00f3picas de assist\u00eancia social do DF, mostrando tamb\u00e9m que h\u00e1 a presen\u00e7a de um discurso contra-hegem\u00f4nico no \u00e2mbito de atua\u00e7\u00e3o destas entidades, isto \u00e9, discursos que remetem \u00e0 sociedade civil como um espa\u00e7o de lutas pela hegemonia.<br><\/p>\n\n\n\n<p><strong>Palavras-chave: <\/strong>assist\u00eancia social; sociedade civil; entidades privadas; projeto de contrarreforma; refilantropiza\u00e7\u00e3o; privatiza\u00e7\u00e3o; hegemonia.<\/p>\n\n\n\n<div class=\"wp-container-1 wp-block-buttons\">\n<div class=\"wp-block-button\"><a class=\"wp-block-button__link has-vivid-cyan-blue-background-color has-background\" href=\"https:\/\/aprender.sejus.df.gov.br\/wp-content\/uploads\/2020\/12\/MONICA-DANIELE-MACIEL-FERREIRA-DISSERTACAO.pdf\" target=\"_blank\" rel=\"noreferrer noopener\">Baixar Trabalho<\/a><\/div>\n<\/div>\n","protected":false},"excerpt":{"rendered":"<p>O objetivo deste trabalho \u00e9 dar destaque \u00e0s contradi\u00e7\u00f5es que perpassam as rela\u00e7\u00f5es tecidas entre o Estado e as entidades privadas sem fins lucrativos para a execu\u00e7\u00e3o da pol\u00edtica de assist\u00eancia social, com \u00eanfase no discurso de profissionais da esfera privada do Distrito Federal. Para isso, o referencial metodol\u00f3gico est\u00e1 centrado na vertente hist\u00f3rico-estrutural marxista [&hellip;]<\/p>\n","protected":false},"author":3,"featured_media":0,"comment_status":"open","ping_status":"open","sticky":false,"template":"","format":"standard","meta":[],"categories":[11],"tags":[28],"yoast_head":"<!-- This site is optimized with the Yoast SEO plugin v19.7.1 - https:\/\/yoast.com\/wordpress\/plugins\/seo\/ -->\n<title>AS CONTRADI\u00c7\u00d5ES IDEOPOL\u00cdTICAS EM TORNO DA ASSIST\u00caNCIA SOCIAL A PARTIR DA D\u00c9CADA DE 90: VOZES... - Aprender SEJUS<\/title>\n<meta name=\"robots\" content=\"index, follow, max-snippet:-1, max-image-preview:large, max-video-preview:-1\" \/>\n<link rel=\"canonical\" href=\"http:\/\/aprender.sejus.df.gov.br\/?p=534\" \/>\n<meta property=\"og:locale\" content=\"pt_BR\" \/>\n<meta property=\"og:type\" content=\"article\" \/>\n<meta property=\"og:title\" content=\"AS CONTRADI\u00c7\u00d5ES IDEOPOL\u00cdTICAS EM TORNO DA ASSIST\u00caNCIA SOCIAL A PARTIR DA D\u00c9CADA DE 90: VOZES... - Aprender SEJUS\" \/>\n<meta property=\"og:description\" content=\"O objetivo deste trabalho \u00e9 dar destaque \u00e0s contradi\u00e7\u00f5es que perpassam as rela\u00e7\u00f5es tecidas entre o Estado e as entidades privadas sem fins lucrativos para a execu\u00e7\u00e3o da pol\u00edtica de assist\u00eancia social, com \u00eanfase no discurso de profissionais da esfera privada do Distrito Federal. Para isso, o referencial metodol\u00f3gico est\u00e1 centrado na vertente hist\u00f3rico-estrutural marxista [&hellip;]\" \/>\n<meta property=\"og:url\" content=\"http:\/\/aprender.sejus.df.gov.br\/?p=534\" \/>\n<meta property=\"og:site_name\" content=\"Aprender SEJUS\" \/>\n<meta property=\"article:published_time\" content=\"2020-12-08T15:35:35+00:00\" \/>\n<meta property=\"article:modified_time\" content=\"2020-12-08T15:36:10+00:00\" \/>\n<meta name=\"author\" content=\"GECAP\" \/>\n<meta name=\"twitter:card\" content=\"summary_large_image\" \/>\n<meta name=\"twitter:label1\" content=\"Written by\" \/>\n\t<meta name=\"twitter:data1\" content=\"GECAP\" \/>\n\t<meta name=\"twitter:label2\" content=\"Est. reading time\" \/>\n\t<meta name=\"twitter:data2\" content=\"2 minutos\" \/>\n<script type=\"application\/ld+json\" class=\"yoast-schema-graph\">{\"@context\":\"https:\/\/schema.org\",\"@graph\":[{\"@type\":\"WebPage\",\"@id\":\"http:\/\/aprender.sejus.df.gov.br\/?p=534\",\"url\":\"http:\/\/aprender.sejus.df.gov.br\/?p=534\",\"name\":\"AS CONTRADI\u00c7\u00d5ES IDEOPOL\u00cdTICAS EM TORNO DA ASSIST\u00caNCIA SOCIAL A PARTIR DA D\u00c9CADA DE 90: VOZES... - Aprender SEJUS\",\"isPartOf\":{\"@id\":\"http:\/\/aprender.sejus.df.gov.br\/#website\"},\"datePublished\":\"2020-12-08T15:35:35+00:00\",\"dateModified\":\"2020-12-08T15:36:10+00:00\",\"author\":{\"@id\":\"http:\/\/aprender.sejus.df.gov.br\/#\/schema\/person\/6f1fb348cdf3f09e574018c52049e099\"},\"breadcrumb\":{\"@id\":\"http:\/\/aprender.sejus.df.gov.br\/?p=534#breadcrumb\"},\"inLanguage\":\"pt-BR\",\"potentialAction\":[{\"@type\":\"ReadAction\",\"target\":[\"http:\/\/aprender.sejus.df.gov.br\/?p=534\"]}]},{\"@type\":\"BreadcrumbList\",\"@id\":\"http:\/\/aprender.sejus.df.gov.br\/?p=534#breadcrumb\",\"itemListElement\":[{\"@type\":\"ListItem\",\"position\":1,\"name\":\"Home\",\"item\":\"https:\/\/aprender.sejus.df.gov.br\/\"},{\"@type\":\"ListItem\",\"position\":2,\"name\":\"AS CONTRADI\u00c7\u00d5ES IDEOPOL\u00cdTICAS EM TORNO DA ASSIST\u00caNCIA SOCIAL A PARTIR DA D\u00c9CADA DE 90: VOZES&#8230;\"}]},{\"@type\":\"WebSite\",\"@id\":\"http:\/\/aprender.sejus.df.gov.br\/#website\",\"url\":\"http:\/\/aprender.sejus.df.gov.br\/\",\"name\":\"Aprender SEJUS\",\"description\":\"\",\"potentialAction\":[{\"@type\":\"SearchAction\",\"target\":{\"@type\":\"EntryPoint\",\"urlTemplate\":\"http:\/\/aprender.sejus.df.gov.br\/?s={search_term_string}\"},\"query-input\":\"required name=search_term_string\"}],\"inLanguage\":\"pt-BR\"},{\"@type\":\"Person\",\"@id\":\"http:\/\/aprender.sejus.df.gov.br\/#\/schema\/person\/6f1fb348cdf3f09e574018c52049e099\",\"name\":\"GECAP\",\"image\":{\"@type\":\"ImageObject\",\"inLanguage\":\"pt-BR\",\"@id\":\"http:\/\/aprender.sejus.df.gov.br\/#\/schema\/person\/image\/\",\"url\":\"https:\/\/secure.gravatar.com\/avatar\/eecf129a3b1190de678b5690e42de394?s=96&d=mm&r=g\",\"contentUrl\":\"https:\/\/secure.gravatar.com\/avatar\/eecf129a3b1190de678b5690e42de394?s=96&d=mm&r=g\",\"caption\":\"GECAP\"},\"url\":\"https:\/\/aprender.sejus.df.gov.br\/?author=3\"}]}<\/script>\n<!-- \/ Yoast SEO plugin. -->","yoast_head_json":{"title":"AS CONTRADI\u00c7\u00d5ES IDEOPOL\u00cdTICAS EM TORNO DA ASSIST\u00caNCIA SOCIAL A PARTIR DA D\u00c9CADA DE 90: VOZES... - Aprender SEJUS","robots":{"index":"index","follow":"follow","max-snippet":"max-snippet:-1","max-image-preview":"max-image-preview:large","max-video-preview":"max-video-preview:-1"},"canonical":"http:\/\/aprender.sejus.df.gov.br\/?p=534","og_locale":"pt_BR","og_type":"article","og_title":"AS CONTRADI\u00c7\u00d5ES IDEOPOL\u00cdTICAS EM TORNO DA ASSIST\u00caNCIA SOCIAL A PARTIR DA D\u00c9CADA DE 90: VOZES... - Aprender SEJUS","og_description":"O objetivo deste trabalho \u00e9 dar destaque \u00e0s contradi\u00e7\u00f5es que perpassam as rela\u00e7\u00f5es tecidas entre o Estado e as entidades privadas sem fins lucrativos para a execu\u00e7\u00e3o da pol\u00edtica de assist\u00eancia social, com \u00eanfase no discurso de profissionais da esfera privada do Distrito Federal. Para isso, o referencial metodol\u00f3gico est\u00e1 centrado na vertente hist\u00f3rico-estrutural marxista [&hellip;]","og_url":"http:\/\/aprender.sejus.df.gov.br\/?p=534","og_site_name":"Aprender SEJUS","article_published_time":"2020-12-08T15:35:35+00:00","article_modified_time":"2020-12-08T15:36:10+00:00","author":"GECAP","twitter_card":"summary_large_image","twitter_misc":{"Written by":"GECAP","Est. reading time":"2 minutos"},"schema":{"@context":"https:\/\/schema.org","@graph":[{"@type":"WebPage","@id":"http:\/\/aprender.sejus.df.gov.br\/?p=534","url":"http:\/\/aprender.sejus.df.gov.br\/?p=534","name":"AS CONTRADI\u00c7\u00d5ES IDEOPOL\u00cdTICAS EM TORNO DA ASSIST\u00caNCIA SOCIAL A PARTIR DA D\u00c9CADA DE 90: VOZES... - Aprender SEJUS","isPartOf":{"@id":"http:\/\/aprender.sejus.df.gov.br\/#website"},"datePublished":"2020-12-08T15:35:35+00:00","dateModified":"2020-12-08T15:36:10+00:00","author":{"@id":"http:\/\/aprender.sejus.df.gov.br\/#\/schema\/person\/6f1fb348cdf3f09e574018c52049e099"},"breadcrumb":{"@id":"http:\/\/aprender.sejus.df.gov.br\/?p=534#breadcrumb"},"inLanguage":"pt-BR","potentialAction":[{"@type":"ReadAction","target":["http:\/\/aprender.sejus.df.gov.br\/?p=534"]}]},{"@type":"BreadcrumbList","@id":"http:\/\/aprender.sejus.df.gov.br\/?p=534#breadcrumb","itemListElement":[{"@type":"ListItem","position":1,"name":"Home","item":"https:\/\/aprender.sejus.df.gov.br\/"},{"@type":"ListItem","position":2,"name":"AS CONTRADI\u00c7\u00d5ES IDEOPOL\u00cdTICAS EM TORNO DA ASSIST\u00caNCIA SOCIAL A PARTIR DA D\u00c9CADA DE 90: VOZES&#8230;"}]},{"@type":"WebSite","@id":"http:\/\/aprender.sejus.df.gov.br\/#website","url":"http:\/\/aprender.sejus.df.gov.br\/","name":"Aprender SEJUS","description":"","potentialAction":[{"@type":"SearchAction","target":{"@type":"EntryPoint","urlTemplate":"http:\/\/aprender.sejus.df.gov.br\/?s={search_term_string}"},"query-input":"required name=search_term_string"}],"inLanguage":"pt-BR"},{"@type":"Person","@id":"http:\/\/aprender.sejus.df.gov.br\/#\/schema\/person\/6f1fb348cdf3f09e574018c52049e099","name":"GECAP","image":{"@type":"ImageObject","inLanguage":"pt-BR","@id":"http:\/\/aprender.sejus.df.gov.br\/#\/schema\/person\/image\/","url":"https:\/\/secure.gravatar.com\/avatar\/eecf129a3b1190de678b5690e42de394?s=96&d=mm&r=g","contentUrl":"https:\/\/secure.gravatar.com\/avatar\/eecf129a3b1190de678b5690e42de394?s=96&d=mm&r=g","caption":"GECAP"},"url":"https:\/\/aprender.sejus.df.gov.br\/?author=3"}]}},"_links":{"self":[{"href":"https:\/\/aprender.sejus.df.gov.br\/index.php?rest_route=\/wp\/v2\/posts\/534"}],"collection":[{"href":"https:\/\/aprender.sejus.df.gov.br\/index.php?rest_route=\/wp\/v2\/posts"}],"about":[{"href":"https:\/\/aprender.sejus.df.gov.br\/index.php?rest_route=\/wp\/v2\/types\/post"}],"author":[{"embeddable":true,"href":"https:\/\/aprender.sejus.df.gov.br\/index.php?rest_route=\/wp\/v2\/users\/3"}],"replies":[{"embeddable":true,"href":"https:\/\/aprender.sejus.df.gov.br\/index.php?rest_route=%2Fwp%2Fv2%2Fcomments&post=534"}],"version-history":[{"count":2,"href":"https:\/\/aprender.sejus.df.gov.br\/index.php?rest_route=\/wp\/v2\/posts\/534\/revisions"}],"predecessor-version":[{"id":536,"href":"https:\/\/aprender.sejus.df.gov.br\/index.php?rest_route=\/wp\/v2\/posts\/534\/revisions\/536"}],"wp:attachment":[{"href":"https:\/\/aprender.sejus.df.gov.br\/index.php?rest_route=%2Fwp%2Fv2%2Fmedia&parent=534"}],"wp:term":[{"taxonomy":"category","embeddable":true,"href":"https:\/\/aprender.sejus.df.gov.br\/index.php?rest_route=%2Fwp%2Fv2%2Fcategories&post=534"},{"taxonomy":"post_tag","embeddable":true,"href":"https:\/\/aprender.sejus.df.gov.br\/index.php?rest_route=%2Fwp%2Fv2%2Ftags&post=534"}],"curies":[{"name":"wp","href":"https:\/\/api.w.org\/{rel}","templated":true}]}}