{"id":540,"date":"2020-12-08T12:55:03","date_gmt":"2020-12-08T15:55:03","guid":{"rendered":"http:\/\/aprender.sejus.df.gov.br\/?p=540"},"modified":"2020-12-08T12:55:22","modified_gmt":"2020-12-08T15:55:22","slug":"meninas-de-santa-maria-a-precarizacao-da-vida-na-medida-socioeducativa-de-internacao","status":"publish","type":"post","link":"https:\/\/aprender.sejus.df.gov.br\/?p=540","title":{"rendered":"MENINAS DE SANTA MARIA: A PRECARIZA\u00c7\u00c3O DA VIDA NA MEDIDA SOCIOEDUCATIVA DE INTERNA\u00c7\u00c3O"},"content":{"rendered":"\n<p>A Constitui\u00e7\u00e3o Federal e o Estatuto da Crian\u00e7a e do Adolescente estabelecem um conjunto de garantias de direitos voltado para a prote\u00e7\u00e3o integral das crian\u00e7as e adolescentes. Esse sistema reconhece crian\u00e7as e adolescentes como sujeitos de direitos que se encontram em condi\u00e7\u00e3o especial de desenvolvimento. A medida socioeducativa \u00e9 um m\u00e9todo de responsabiliza\u00e7\u00e3o especial fundamentado nesse sistema garantista, \u00e9 uma resposta ao ato infracional (conduta descrita como crime ou contraven\u00e7\u00e3o penal) cometido por adolescentes. A medida socioeducativa de interna\u00e7\u00e3o \u00e9 uma medida de priva\u00e7\u00e3o de liberdade que reproduz a estrutura f\u00edsica e organizacional de um pres\u00eddio.<br>Este estudo foi realizado na Unidade de Interna\u00e7\u00e3o de Santa Maria, a \u00fanica unidade socioeducativa de interna\u00e7\u00e3o no Distrito Federal que atende meninas. Atrav\u00e9s de pesquisa documental, entrevistas e rotina compartilhada com as meninas dessa unidade de interna\u00e7\u00e3o, foi poss\u00edvel conhecer quem elas s\u00e3o. As meninas de Santa Maria s\u00e3o negras, pobres, moradoras de regi\u00f5es afastadas do centro de Bras\u00edlia, com registros de passagens anteriores no sistema socioeducativo e sentenciadas a cumprirem a medida de interna\u00e7\u00e3o por tr\u00e1fico de drogas e outros atos infracionais relacionados \u00e0 sua participa\u00e7\u00e3o no mercado da droga. Foi realizado um estudo aprofundado na biografia de duas dessas meninas. Uma delas possui uma hist\u00f3ria comum \u00e0 das outras meninas de Santa Maria, enquanto a outra representa uma exce\u00e7\u00e3o. Este estudo buscou analisar como se d\u00e1 a materializa\u00e7\u00e3o da proposta de garantia de direitos na medida socioeducativa de interna\u00e7\u00e3o. Essa medida promove a precariza\u00e7\u00e3o da vida das meninas e n\u00e3o cumpre sua proposta garantista, transformando as meninas em perigosas pelo ato infracional que cometeram e por aquilo que caracteriza suas vidas. Elas n\u00e3o s\u00e3o reconhecidas como vidas que importam e que merecem ser vividas devido \u00e0 amea\u00e7a de perigo que representam. Como uma popula\u00e7\u00e3o de perigosas, seus direitos s\u00e3o suspensos. Ainda que existam garantias de direitos em legisla\u00e7\u00f5es, eles n\u00e3o conseguem atravessar os muros e grades da medida socioeducativa, que simula a pris\u00e3o.<\/p>\n\n\n\n<p><br><strong>Palavras-chave: <\/strong>Medida socioeducativa de interna\u00e7\u00e3o. Garantias de direitos. Precariza\u00e7\u00e3o da vida.<\/p>\n\n\n\n<div class=\"wp-container-1 wp-block-buttons\">\n<div class=\"wp-block-button\"><a class=\"wp-block-button__link has-vivid-cyan-blue-background-color has-background\" href=\"https:\/\/aprender.sejus.df.gov.br\/wp-content\/uploads\/2020\/12\/NATALIA-PEREIRA-GONCALVES-TESE.pdf\" target=\"_blank\" rel=\"noreferrer noopener\">Baixar Trabalho<\/a><\/div>\n<\/div>\n","protected":false},"excerpt":{"rendered":"<p>A Constitui\u00e7\u00e3o Federal e o Estatuto da Crian\u00e7a e do Adolescente estabelecem um conjunto de garantias de direitos voltado para a prote\u00e7\u00e3o integral das crian\u00e7as e adolescentes. Esse sistema reconhece crian\u00e7as e adolescentes como sujeitos de direitos que se encontram em condi\u00e7\u00e3o especial de desenvolvimento. A medida socioeducativa \u00e9 um m\u00e9todo de responsabiliza\u00e7\u00e3o especial fundamentado [&hellip;]<\/p>\n","protected":false},"author":3,"featured_media":0,"comment_status":"closed","ping_status":"closed","sticky":false,"template":"","format":"standard","meta":[],"categories":[11],"tags":[28],"yoast_head":"<!-- This site is optimized with the Yoast SEO plugin v19.7.1 - https:\/\/yoast.com\/wordpress\/plugins\/seo\/ -->\n<title>MENINAS DE SANTA MARIA: A PRECARIZA\u00c7\u00c3O DA VIDA NA MEDIDA SOCIOEDUCATIVA DE INTERNA\u00c7\u00c3O - Aprender SEJUS<\/title>\n<meta name=\"robots\" content=\"index, follow, max-snippet:-1, max-image-preview:large, max-video-preview:-1\" \/>\n<link rel=\"canonical\" href=\"http:\/\/aprender.sejus.df.gov.br\/?p=540\" \/>\n<meta property=\"og:locale\" content=\"pt_BR\" \/>\n<meta property=\"og:type\" content=\"article\" \/>\n<meta property=\"og:title\" content=\"MENINAS DE SANTA MARIA: A PRECARIZA\u00c7\u00c3O DA VIDA NA MEDIDA SOCIOEDUCATIVA DE INTERNA\u00c7\u00c3O - Aprender SEJUS\" \/>\n<meta property=\"og:description\" content=\"A Constitui\u00e7\u00e3o Federal e o Estatuto da Crian\u00e7a e do Adolescente estabelecem um conjunto de garantias de direitos voltado para a prote\u00e7\u00e3o integral das crian\u00e7as e adolescentes. Esse sistema reconhece crian\u00e7as e adolescentes como sujeitos de direitos que se encontram em condi\u00e7\u00e3o especial de desenvolvimento. A medida socioeducativa \u00e9 um m\u00e9todo de responsabiliza\u00e7\u00e3o especial fundamentado [&hellip;]\" \/>\n<meta property=\"og:url\" content=\"http:\/\/aprender.sejus.df.gov.br\/?p=540\" \/>\n<meta property=\"og:site_name\" content=\"Aprender SEJUS\" \/>\n<meta property=\"article:published_time\" content=\"2020-12-08T15:55:03+00:00\" \/>\n<meta property=\"article:modified_time\" content=\"2020-12-08T15:55:22+00:00\" \/>\n<meta name=\"author\" content=\"GECAP\" \/>\n<meta name=\"twitter:card\" content=\"summary_large_image\" \/>\n<meta name=\"twitter:label1\" content=\"Written by\" \/>\n\t<meta name=\"twitter:data1\" content=\"GECAP\" \/>\n\t<meta name=\"twitter:label2\" content=\"Est. reading time\" \/>\n\t<meta name=\"twitter:data2\" content=\"2 minutos\" \/>\n<script type=\"application\/ld+json\" class=\"yoast-schema-graph\">{\"@context\":\"https:\/\/schema.org\",\"@graph\":[{\"@type\":\"WebPage\",\"@id\":\"http:\/\/aprender.sejus.df.gov.br\/?p=540\",\"url\":\"http:\/\/aprender.sejus.df.gov.br\/?p=540\",\"name\":\"MENINAS DE SANTA MARIA: A PRECARIZA\u00c7\u00c3O DA VIDA NA MEDIDA SOCIOEDUCATIVA DE INTERNA\u00c7\u00c3O - Aprender SEJUS\",\"isPartOf\":{\"@id\":\"http:\/\/aprender.sejus.df.gov.br\/#website\"},\"datePublished\":\"2020-12-08T15:55:03+00:00\",\"dateModified\":\"2020-12-08T15:55:22+00:00\",\"author\":{\"@id\":\"http:\/\/aprender.sejus.df.gov.br\/#\/schema\/person\/6f1fb348cdf3f09e574018c52049e099\"},\"breadcrumb\":{\"@id\":\"http:\/\/aprender.sejus.df.gov.br\/?p=540#breadcrumb\"},\"inLanguage\":\"pt-BR\",\"potentialAction\":[{\"@type\":\"ReadAction\",\"target\":[\"http:\/\/aprender.sejus.df.gov.br\/?p=540\"]}]},{\"@type\":\"BreadcrumbList\",\"@id\":\"http:\/\/aprender.sejus.df.gov.br\/?p=540#breadcrumb\",\"itemListElement\":[{\"@type\":\"ListItem\",\"position\":1,\"name\":\"Home\",\"item\":\"https:\/\/aprender.sejus.df.gov.br\/\"},{\"@type\":\"ListItem\",\"position\":2,\"name\":\"MENINAS DE SANTA MARIA: A PRECARIZA\u00c7\u00c3O DA VIDA NA MEDIDA SOCIOEDUCATIVA DE INTERNA\u00c7\u00c3O\"}]},{\"@type\":\"WebSite\",\"@id\":\"http:\/\/aprender.sejus.df.gov.br\/#website\",\"url\":\"http:\/\/aprender.sejus.df.gov.br\/\",\"name\":\"Aprender SEJUS\",\"description\":\"\",\"potentialAction\":[{\"@type\":\"SearchAction\",\"target\":{\"@type\":\"EntryPoint\",\"urlTemplate\":\"http:\/\/aprender.sejus.df.gov.br\/?s={search_term_string}\"},\"query-input\":\"required name=search_term_string\"}],\"inLanguage\":\"pt-BR\"},{\"@type\":\"Person\",\"@id\":\"http:\/\/aprender.sejus.df.gov.br\/#\/schema\/person\/6f1fb348cdf3f09e574018c52049e099\",\"name\":\"GECAP\",\"image\":{\"@type\":\"ImageObject\",\"inLanguage\":\"pt-BR\",\"@id\":\"http:\/\/aprender.sejus.df.gov.br\/#\/schema\/person\/image\/\",\"url\":\"https:\/\/secure.gravatar.com\/avatar\/eecf129a3b1190de678b5690e42de394?s=96&d=mm&r=g\",\"contentUrl\":\"https:\/\/secure.gravatar.com\/avatar\/eecf129a3b1190de678b5690e42de394?s=96&d=mm&r=g\",\"caption\":\"GECAP\"},\"url\":\"https:\/\/aprender.sejus.df.gov.br\/?author=3\"}]}<\/script>\n<!-- \/ Yoast SEO plugin. -->","yoast_head_json":{"title":"MENINAS DE SANTA MARIA: A PRECARIZA\u00c7\u00c3O DA VIDA NA MEDIDA SOCIOEDUCATIVA DE INTERNA\u00c7\u00c3O - Aprender SEJUS","robots":{"index":"index","follow":"follow","max-snippet":"max-snippet:-1","max-image-preview":"max-image-preview:large","max-video-preview":"max-video-preview:-1"},"canonical":"http:\/\/aprender.sejus.df.gov.br\/?p=540","og_locale":"pt_BR","og_type":"article","og_title":"MENINAS DE SANTA MARIA: A PRECARIZA\u00c7\u00c3O DA VIDA NA MEDIDA SOCIOEDUCATIVA DE INTERNA\u00c7\u00c3O - Aprender SEJUS","og_description":"A Constitui\u00e7\u00e3o Federal e o Estatuto da Crian\u00e7a e do Adolescente estabelecem um conjunto de garantias de direitos voltado para a prote\u00e7\u00e3o integral das crian\u00e7as e adolescentes. Esse sistema reconhece crian\u00e7as e adolescentes como sujeitos de direitos que se encontram em condi\u00e7\u00e3o especial de desenvolvimento. A medida socioeducativa \u00e9 um m\u00e9todo de responsabiliza\u00e7\u00e3o especial fundamentado [&hellip;]","og_url":"http:\/\/aprender.sejus.df.gov.br\/?p=540","og_site_name":"Aprender SEJUS","article_published_time":"2020-12-08T15:55:03+00:00","article_modified_time":"2020-12-08T15:55:22+00:00","author":"GECAP","twitter_card":"summary_large_image","twitter_misc":{"Written by":"GECAP","Est. reading time":"2 minutos"},"schema":{"@context":"https:\/\/schema.org","@graph":[{"@type":"WebPage","@id":"http:\/\/aprender.sejus.df.gov.br\/?p=540","url":"http:\/\/aprender.sejus.df.gov.br\/?p=540","name":"MENINAS DE SANTA MARIA: A PRECARIZA\u00c7\u00c3O DA VIDA NA MEDIDA SOCIOEDUCATIVA DE INTERNA\u00c7\u00c3O - Aprender SEJUS","isPartOf":{"@id":"http:\/\/aprender.sejus.df.gov.br\/#website"},"datePublished":"2020-12-08T15:55:03+00:00","dateModified":"2020-12-08T15:55:22+00:00","author":{"@id":"http:\/\/aprender.sejus.df.gov.br\/#\/schema\/person\/6f1fb348cdf3f09e574018c52049e099"},"breadcrumb":{"@id":"http:\/\/aprender.sejus.df.gov.br\/?p=540#breadcrumb"},"inLanguage":"pt-BR","potentialAction":[{"@type":"ReadAction","target":["http:\/\/aprender.sejus.df.gov.br\/?p=540"]}]},{"@type":"BreadcrumbList","@id":"http:\/\/aprender.sejus.df.gov.br\/?p=540#breadcrumb","itemListElement":[{"@type":"ListItem","position":1,"name":"Home","item":"https:\/\/aprender.sejus.df.gov.br\/"},{"@type":"ListItem","position":2,"name":"MENINAS DE SANTA MARIA: A PRECARIZA\u00c7\u00c3O DA VIDA NA MEDIDA SOCIOEDUCATIVA DE INTERNA\u00c7\u00c3O"}]},{"@type":"WebSite","@id":"http:\/\/aprender.sejus.df.gov.br\/#website","url":"http:\/\/aprender.sejus.df.gov.br\/","name":"Aprender SEJUS","description":"","potentialAction":[{"@type":"SearchAction","target":{"@type":"EntryPoint","urlTemplate":"http:\/\/aprender.sejus.df.gov.br\/?s={search_term_string}"},"query-input":"required name=search_term_string"}],"inLanguage":"pt-BR"},{"@type":"Person","@id":"http:\/\/aprender.sejus.df.gov.br\/#\/schema\/person\/6f1fb348cdf3f09e574018c52049e099","name":"GECAP","image":{"@type":"ImageObject","inLanguage":"pt-BR","@id":"http:\/\/aprender.sejus.df.gov.br\/#\/schema\/person\/image\/","url":"https:\/\/secure.gravatar.com\/avatar\/eecf129a3b1190de678b5690e42de394?s=96&d=mm&r=g","contentUrl":"https:\/\/secure.gravatar.com\/avatar\/eecf129a3b1190de678b5690e42de394?s=96&d=mm&r=g","caption":"GECAP"},"url":"https:\/\/aprender.sejus.df.gov.br\/?author=3"}]}},"_links":{"self":[{"href":"https:\/\/aprender.sejus.df.gov.br\/index.php?rest_route=\/wp\/v2\/posts\/540"}],"collection":[{"href":"https:\/\/aprender.sejus.df.gov.br\/index.php?rest_route=\/wp\/v2\/posts"}],"about":[{"href":"https:\/\/aprender.sejus.df.gov.br\/index.php?rest_route=\/wp\/v2\/types\/post"}],"author":[{"embeddable":true,"href":"https:\/\/aprender.sejus.df.gov.br\/index.php?rest_route=\/wp\/v2\/users\/3"}],"replies":[{"embeddable":true,"href":"https:\/\/aprender.sejus.df.gov.br\/index.php?rest_route=%2Fwp%2Fv2%2Fcomments&post=540"}],"version-history":[{"count":3,"href":"https:\/\/aprender.sejus.df.gov.br\/index.php?rest_route=\/wp\/v2\/posts\/540\/revisions"}],"predecessor-version":[{"id":543,"href":"https:\/\/aprender.sejus.df.gov.br\/index.php?rest_route=\/wp\/v2\/posts\/540\/revisions\/543"}],"wp:attachment":[{"href":"https:\/\/aprender.sejus.df.gov.br\/index.php?rest_route=%2Fwp%2Fv2%2Fmedia&parent=540"}],"wp:term":[{"taxonomy":"category","embeddable":true,"href":"https:\/\/aprender.sejus.df.gov.br\/index.php?rest_route=%2Fwp%2Fv2%2Fcategories&post=540"},{"taxonomy":"post_tag","embeddable":true,"href":"https:\/\/aprender.sejus.df.gov.br\/index.php?rest_route=%2Fwp%2Fv2%2Ftags&post=540"}],"curies":[{"name":"wp","href":"https:\/\/api.w.org\/{rel}","templated":true}]}}