{"id":564,"date":"2020-12-09T10:51:44","date_gmt":"2020-12-09T13:51:44","guid":{"rendered":"http:\/\/aprender.sejus.df.gov.br\/?p=564"},"modified":"2020-12-09T10:52:12","modified_gmt":"2020-12-09T13:52:12","slug":"rostos-da-violencia-percursos-escolares-de-alunos-reincidentes-na-pratica-de-violencia-escolar","status":"publish","type":"post","link":"https:\/\/aprender.sejus.df.gov.br\/?p=564","title":{"rendered":"ROSTOS DA VIOL\u00caNCIA: PERCURSOS ESCOLARES DE ALUNOS REINCIDENTES NA PR\u00c1TICA DE VIOL\u00caNCIA ESCOLAR"},"content":{"rendered":"\n<p>Entramos no s\u00e9culo XXI e as viol\u00eancias nas escolas continuam no debate do cen\u00e1rio nacional e internacional. O que se mostrava incipiente na literatura? Hist\u00f3rias de vidas de alunos reincidentes na pr\u00e1tica de viol\u00eancia escolar. Assim, esta pesquisa teve por objetivo investigar percursos escolares de alunos reincidentes na pr\u00e1tica de viol\u00eancia escolar e suas rela\u00e7\u00f5es com o contexto escolar e familiar. Para alcan\u00e7ar os objetivos propostos, optou-se pela abordagem qualitativa, combinando estudo de casos m\u00faltiplos e relatos de vida, tendo como t\u00e9cnicas de gera\u00e7\u00e3o de dados a entrevista prolongada, a entrevista semiestruturada individual, a entrevista de grupo focal, a an\u00e1lise documental e a observa\u00e7\u00e3o. Participaram desta pesquisa trinta e uma pessoas, quinze estudantes do ensino fundamental e do ensino m\u00e9dio, quatro professoras, duas diretoras, cinco especialistas em educa\u00e7\u00e3o, dois auxiliares de servi\u00e7os da educa\u00e7\u00e3o b\u00e1sica e tr\u00eas pais. Fizeram parte desta pesquisa quatro escolas da rede p\u00fablica estadual de Montes ClarosMG. Os resultados sugerem que no cotidiano das escolas existem diferentes tipos de viol\u00eancias: incivilidades, bullying, vandalismo e neglig\u00eancia pedag\u00f3gica, que diferem dos outros espa\u00e7os sociais, haja vista que existem aspectos institucionais e organizacionais que moldam os conflitos sociais no ambiente escolar pr\u00f3prios do seu contexto; que as escolas criam seus pr\u00f3prios desvios e depois reagem para manej\u00e1-los; que \u00e9 preciso superar a posi\u00e7\u00e3o de conceber o aluno reincidente na pr\u00e1tica de viol\u00eancia escolar como r\u00e9u ou v\u00edtima e dar visibilidade ao contexto em que ele se encontra e, ainda, romper com a vis\u00e3o reducionista partindo para uma vis\u00e3o globalizante, ou seja, de associar a identidade do aluno a um \u00fanico aspecto, a viol\u00eancia praticada, esquecendo-se dos demais aspectos, classe social, g\u00eanero, escolaridade, dentre outros; que a rotulagem como rosto da viol\u00eancia pode ser constru\u00edda desde o in\u00edcio da vida escolar; que o rosto da galera surge a partir do 6\u00b0 ano de escolariza\u00e7\u00e3o. Em muitos percursos escolares, viol\u00eancia e fracasso escolar caminham lado a lado, incidindo sobre os alunos e construindo esses rostos da viol\u00eancia. Quando as viol\u00eancias persistem, os mais atingidos s\u00e3o os alunos, que s\u00e3o reprovados, transferidos ou se evadem. Se conseguem concluir o ensino fundamental, acumulam grande atraso escolar. Quando chegam ao ensino m\u00e9dio e o concluem, entram para o mercado de trabalho, que exige a conclus\u00e3o desse n\u00edvel de ensino tardiamente. Assim, os rostos das viol\u00eancias e do fracasso escolar se transfiguram no rosto da exclus\u00e3o social, dando continuidade ao c\u00edrculo vicioso intergeracional. Todavia, tamb\u00e9m existe o rosto da esperan\u00e7a, mostrando a possibilidade desse c\u00edrculo vicioso se transformar no c\u00edrculo virtuoso.<br><\/p>\n\n\n\n<p><strong>Palavras-chave: <\/strong>Educa\u00e7\u00e3o B\u00e1sica. Viol\u00eancias nas escolas. Indisciplina. Gest\u00e3o Escolar. Aprendizagem. Cultura de Paz.<\/p>\n\n\n\n<div class=\"wp-container-1 wp-block-buttons\">\n<div class=\"wp-block-button\"><a class=\"wp-block-button__link has-vivid-cyan-blue-background-color has-background\" href=\"https:\/\/aprender.sejus.df.gov.br\/wp-content\/uploads\/2020\/12\/ROSILENE-BEATRIZ-LOPES-TESE.pdf\" target=\"_blank\" rel=\"noreferrer noopener\">Baixar Trabalho<\/a><\/div>\n<\/div>\n","protected":false},"excerpt":{"rendered":"<p>Entramos no s\u00e9culo XXI e as viol\u00eancias nas escolas continuam no debate do cen\u00e1rio nacional e internacional. O que se mostrava incipiente na literatura? Hist\u00f3rias de vidas de alunos reincidentes na pr\u00e1tica de viol\u00eancia escolar. Assim, esta pesquisa teve por objetivo investigar percursos escolares de alunos reincidentes na pr\u00e1tica de viol\u00eancia escolar e suas rela\u00e7\u00f5es [&hellip;]<\/p>\n","protected":false},"author":3,"featured_media":0,"comment_status":"closed","ping_status":"closed","sticky":false,"template":"","format":"standard","meta":[],"categories":[11],"tags":[39],"yoast_head":"<!-- This site is optimized with the Yoast SEO plugin v19.7.1 - https:\/\/yoast.com\/wordpress\/plugins\/seo\/ -->\n<title>ROSTOS DA VIOL\u00caNCIA: PERCURSOS ESCOLARES DE ALUNOS REINCIDENTES NA PR\u00c1TICA DE VIOL\u00caNCIA ESCOLAR - Aprender SEJUS<\/title>\n<meta name=\"robots\" content=\"index, follow, max-snippet:-1, max-image-preview:large, max-video-preview:-1\" \/>\n<link rel=\"canonical\" href=\"http:\/\/aprender.sejus.df.gov.br\/?p=564\" \/>\n<meta property=\"og:locale\" content=\"pt_BR\" \/>\n<meta property=\"og:type\" content=\"article\" \/>\n<meta property=\"og:title\" content=\"ROSTOS DA VIOL\u00caNCIA: PERCURSOS ESCOLARES DE ALUNOS REINCIDENTES NA PR\u00c1TICA DE VIOL\u00caNCIA ESCOLAR - Aprender SEJUS\" \/>\n<meta property=\"og:description\" content=\"Entramos no s\u00e9culo XXI e as viol\u00eancias nas escolas continuam no debate do cen\u00e1rio nacional e internacional. O que se mostrava incipiente na literatura? Hist\u00f3rias de vidas de alunos reincidentes na pr\u00e1tica de viol\u00eancia escolar. Assim, esta pesquisa teve por objetivo investigar percursos escolares de alunos reincidentes na pr\u00e1tica de viol\u00eancia escolar e suas rela\u00e7\u00f5es [&hellip;]\" \/>\n<meta property=\"og:url\" content=\"http:\/\/aprender.sejus.df.gov.br\/?p=564\" \/>\n<meta property=\"og:site_name\" content=\"Aprender SEJUS\" \/>\n<meta property=\"article:published_time\" content=\"2020-12-09T13:51:44+00:00\" \/>\n<meta property=\"article:modified_time\" content=\"2020-12-09T13:52:12+00:00\" \/>\n<meta name=\"author\" content=\"GECAP\" \/>\n<meta name=\"twitter:card\" content=\"summary_large_image\" \/>\n<meta name=\"twitter:label1\" content=\"Written by\" \/>\n\t<meta name=\"twitter:data1\" content=\"GECAP\" \/>\n\t<meta name=\"twitter:label2\" content=\"Est. reading time\" \/>\n\t<meta name=\"twitter:data2\" content=\"2 minutos\" \/>\n<script type=\"application\/ld+json\" class=\"yoast-schema-graph\">{\"@context\":\"https:\/\/schema.org\",\"@graph\":[{\"@type\":\"WebPage\",\"@id\":\"http:\/\/aprender.sejus.df.gov.br\/?p=564\",\"url\":\"http:\/\/aprender.sejus.df.gov.br\/?p=564\",\"name\":\"ROSTOS DA VIOL\u00caNCIA: PERCURSOS ESCOLARES DE ALUNOS REINCIDENTES NA PR\u00c1TICA DE VIOL\u00caNCIA ESCOLAR - Aprender SEJUS\",\"isPartOf\":{\"@id\":\"http:\/\/aprender.sejus.df.gov.br\/#website\"},\"datePublished\":\"2020-12-09T13:51:44+00:00\",\"dateModified\":\"2020-12-09T13:52:12+00:00\",\"author\":{\"@id\":\"http:\/\/aprender.sejus.df.gov.br\/#\/schema\/person\/6f1fb348cdf3f09e574018c52049e099\"},\"breadcrumb\":{\"@id\":\"http:\/\/aprender.sejus.df.gov.br\/?p=564#breadcrumb\"},\"inLanguage\":\"pt-BR\",\"potentialAction\":[{\"@type\":\"ReadAction\",\"target\":[\"http:\/\/aprender.sejus.df.gov.br\/?p=564\"]}]},{\"@type\":\"BreadcrumbList\",\"@id\":\"http:\/\/aprender.sejus.df.gov.br\/?p=564#breadcrumb\",\"itemListElement\":[{\"@type\":\"ListItem\",\"position\":1,\"name\":\"Home\",\"item\":\"https:\/\/aprender.sejus.df.gov.br\/\"},{\"@type\":\"ListItem\",\"position\":2,\"name\":\"ROSTOS DA VIOL\u00caNCIA: PERCURSOS ESCOLARES DE ALUNOS REINCIDENTES NA PR\u00c1TICA DE VIOL\u00caNCIA ESCOLAR\"}]},{\"@type\":\"WebSite\",\"@id\":\"http:\/\/aprender.sejus.df.gov.br\/#website\",\"url\":\"http:\/\/aprender.sejus.df.gov.br\/\",\"name\":\"Aprender SEJUS\",\"description\":\"\",\"potentialAction\":[{\"@type\":\"SearchAction\",\"target\":{\"@type\":\"EntryPoint\",\"urlTemplate\":\"http:\/\/aprender.sejus.df.gov.br\/?s={search_term_string}\"},\"query-input\":\"required name=search_term_string\"}],\"inLanguage\":\"pt-BR\"},{\"@type\":\"Person\",\"@id\":\"http:\/\/aprender.sejus.df.gov.br\/#\/schema\/person\/6f1fb348cdf3f09e574018c52049e099\",\"name\":\"GECAP\",\"image\":{\"@type\":\"ImageObject\",\"inLanguage\":\"pt-BR\",\"@id\":\"http:\/\/aprender.sejus.df.gov.br\/#\/schema\/person\/image\/\",\"url\":\"https:\/\/secure.gravatar.com\/avatar\/eecf129a3b1190de678b5690e42de394?s=96&d=mm&r=g\",\"contentUrl\":\"https:\/\/secure.gravatar.com\/avatar\/eecf129a3b1190de678b5690e42de394?s=96&d=mm&r=g\",\"caption\":\"GECAP\"},\"url\":\"https:\/\/aprender.sejus.df.gov.br\/?author=3\"}]}<\/script>\n<!-- \/ Yoast SEO plugin. -->","yoast_head_json":{"title":"ROSTOS DA VIOL\u00caNCIA: PERCURSOS ESCOLARES DE ALUNOS REINCIDENTES NA PR\u00c1TICA DE VIOL\u00caNCIA ESCOLAR - Aprender SEJUS","robots":{"index":"index","follow":"follow","max-snippet":"max-snippet:-1","max-image-preview":"max-image-preview:large","max-video-preview":"max-video-preview:-1"},"canonical":"http:\/\/aprender.sejus.df.gov.br\/?p=564","og_locale":"pt_BR","og_type":"article","og_title":"ROSTOS DA VIOL\u00caNCIA: PERCURSOS ESCOLARES DE ALUNOS REINCIDENTES NA PR\u00c1TICA DE VIOL\u00caNCIA ESCOLAR - Aprender SEJUS","og_description":"Entramos no s\u00e9culo XXI e as viol\u00eancias nas escolas continuam no debate do cen\u00e1rio nacional e internacional. O que se mostrava incipiente na literatura? Hist\u00f3rias de vidas de alunos reincidentes na pr\u00e1tica de viol\u00eancia escolar. Assim, esta pesquisa teve por objetivo investigar percursos escolares de alunos reincidentes na pr\u00e1tica de viol\u00eancia escolar e suas rela\u00e7\u00f5es [&hellip;]","og_url":"http:\/\/aprender.sejus.df.gov.br\/?p=564","og_site_name":"Aprender SEJUS","article_published_time":"2020-12-09T13:51:44+00:00","article_modified_time":"2020-12-09T13:52:12+00:00","author":"GECAP","twitter_card":"summary_large_image","twitter_misc":{"Written by":"GECAP","Est. reading time":"2 minutos"},"schema":{"@context":"https:\/\/schema.org","@graph":[{"@type":"WebPage","@id":"http:\/\/aprender.sejus.df.gov.br\/?p=564","url":"http:\/\/aprender.sejus.df.gov.br\/?p=564","name":"ROSTOS DA VIOL\u00caNCIA: PERCURSOS ESCOLARES DE ALUNOS REINCIDENTES NA PR\u00c1TICA DE VIOL\u00caNCIA ESCOLAR - Aprender SEJUS","isPartOf":{"@id":"http:\/\/aprender.sejus.df.gov.br\/#website"},"datePublished":"2020-12-09T13:51:44+00:00","dateModified":"2020-12-09T13:52:12+00:00","author":{"@id":"http:\/\/aprender.sejus.df.gov.br\/#\/schema\/person\/6f1fb348cdf3f09e574018c52049e099"},"breadcrumb":{"@id":"http:\/\/aprender.sejus.df.gov.br\/?p=564#breadcrumb"},"inLanguage":"pt-BR","potentialAction":[{"@type":"ReadAction","target":["http:\/\/aprender.sejus.df.gov.br\/?p=564"]}]},{"@type":"BreadcrumbList","@id":"http:\/\/aprender.sejus.df.gov.br\/?p=564#breadcrumb","itemListElement":[{"@type":"ListItem","position":1,"name":"Home","item":"https:\/\/aprender.sejus.df.gov.br\/"},{"@type":"ListItem","position":2,"name":"ROSTOS DA VIOL\u00caNCIA: PERCURSOS ESCOLARES DE ALUNOS REINCIDENTES NA PR\u00c1TICA DE VIOL\u00caNCIA ESCOLAR"}]},{"@type":"WebSite","@id":"http:\/\/aprender.sejus.df.gov.br\/#website","url":"http:\/\/aprender.sejus.df.gov.br\/","name":"Aprender SEJUS","description":"","potentialAction":[{"@type":"SearchAction","target":{"@type":"EntryPoint","urlTemplate":"http:\/\/aprender.sejus.df.gov.br\/?s={search_term_string}"},"query-input":"required name=search_term_string"}],"inLanguage":"pt-BR"},{"@type":"Person","@id":"http:\/\/aprender.sejus.df.gov.br\/#\/schema\/person\/6f1fb348cdf3f09e574018c52049e099","name":"GECAP","image":{"@type":"ImageObject","inLanguage":"pt-BR","@id":"http:\/\/aprender.sejus.df.gov.br\/#\/schema\/person\/image\/","url":"https:\/\/secure.gravatar.com\/avatar\/eecf129a3b1190de678b5690e42de394?s=96&d=mm&r=g","contentUrl":"https:\/\/secure.gravatar.com\/avatar\/eecf129a3b1190de678b5690e42de394?s=96&d=mm&r=g","caption":"GECAP"},"url":"https:\/\/aprender.sejus.df.gov.br\/?author=3"}]}},"_links":{"self":[{"href":"https:\/\/aprender.sejus.df.gov.br\/index.php?rest_route=\/wp\/v2\/posts\/564"}],"collection":[{"href":"https:\/\/aprender.sejus.df.gov.br\/index.php?rest_route=\/wp\/v2\/posts"}],"about":[{"href":"https:\/\/aprender.sejus.df.gov.br\/index.php?rest_route=\/wp\/v2\/types\/post"}],"author":[{"embeddable":true,"href":"https:\/\/aprender.sejus.df.gov.br\/index.php?rest_route=\/wp\/v2\/users\/3"}],"replies":[{"embeddable":true,"href":"https:\/\/aprender.sejus.df.gov.br\/index.php?rest_route=%2Fwp%2Fv2%2Fcomments&post=564"}],"version-history":[{"count":2,"href":"https:\/\/aprender.sejus.df.gov.br\/index.php?rest_route=\/wp\/v2\/posts\/564\/revisions"}],"predecessor-version":[{"id":566,"href":"https:\/\/aprender.sejus.df.gov.br\/index.php?rest_route=\/wp\/v2\/posts\/564\/revisions\/566"}],"wp:attachment":[{"href":"https:\/\/aprender.sejus.df.gov.br\/index.php?rest_route=%2Fwp%2Fv2%2Fmedia&parent=564"}],"wp:term":[{"taxonomy":"category","embeddable":true,"href":"https:\/\/aprender.sejus.df.gov.br\/index.php?rest_route=%2Fwp%2Fv2%2Fcategories&post=564"},{"taxonomy":"post_tag","embeddable":true,"href":"https:\/\/aprender.sejus.df.gov.br\/index.php?rest_route=%2Fwp%2Fv2%2Ftags&post=564"}],"curies":[{"name":"wp","href":"https:\/\/api.w.org\/{rel}","templated":true}]}}