{"id":578,"date":"2020-12-09T11:40:58","date_gmt":"2020-12-09T14:40:58","guid":{"rendered":"http:\/\/aprender.sejus.df.gov.br\/?p=578"},"modified":"2020-12-09T11:41:03","modified_gmt":"2020-12-09T14:41:03","slug":"rede-social-da-estrutural-uma-reflexao-a-luz-da-teoria-social-critica-sobre-o","status":"publish","type":"post","link":"https:\/\/aprender.sejus.df.gov.br\/?p=578","title":{"rendered":"REDE SOCIAL DA ESTRUTURAL: UMA REFLEX\u00c3O \u00c0 LUZ DA TEORIA SOCIAL CR\u00cdTICA SOBRE O&#8230;"},"content":{"rendered":"\n<p>A presente disserta\u00e7\u00e3o tem por objetivo investigar o potencial pol\u00edtico da Rede Social da Estrutural para a amplia\u00e7\u00e3o das pol\u00edticas sociais. A pergunta de pesquisa que orienta este debate foi elaborada da seguinte forma: considerando uma fundamenta\u00e7\u00e3o te\u00f3rico-social cr\u00edtica, quais seriam as evid\u00eancias capazes de qualificar a Rede Social da Estrutural no cen\u00e1rio das pol\u00edticas sociais locais? \u00c9 poss\u00edvel verificar um potencial pol\u00edtico dessa articula\u00e7\u00e3o no que tange a amplia\u00e7\u00e3o do acesso aos direitos sociais? Como resposta e hip\u00f3tese a ser testada, entendemos que a Rede Social da Estrutural enquadra-se na categoria de Movimento Social Urbano \u2013 MSU proposto por Jean Lojkine perfazendo uma articula\u00e7\u00e3o que possui intensidade, extens\u00e3o e desafio pol\u00edtico, promovendo transforma\u00e7\u00f5es nas rela\u00e7\u00f5es sociais locais em prol da efetiva\u00e7\u00e3o das pol\u00edticas sociais e da amplia\u00e7\u00e3o da cidadania. A constru\u00e7\u00e3o do percurso anal\u00edtico desenvolveu-se pela exposi\u00e7\u00e3o inicial de dois cap\u00edtulos te\u00f3ricos: o primeiro intitulado Estado e Sociedade: fundamentos e perspectivas e o segundo Redes Sociais: limites e possibilidades de uma interpreta\u00e7\u00e3o te\u00f3rica na trilha dos movimentos sociais, os quais buscaram saturar de media\u00e7\u00f5es, \u00e0 luz da teoria social cr\u00edtica, a express\u00e3o \u201credes sociais\u201d na medida em que esta pudesse alcan\u00e7ar o status de categoria anal\u00edtica. O \u00faltimo cap\u00edtulo denominado Entrada no campo: a cidade Estrutural, a Rede Social da Estrutural e potencialidades pol\u00edticas do movimento traduz o esfor\u00e7o de condensa\u00e7\u00e3o e reflex\u00e3o da pr\u00e1xis filos\u00f3fica a partir do arcabou\u00e7o te\u00f3rico exposto. Nas considera\u00e7\u00f5es finais, apresentamos as principais conclus\u00f5es sobre o estudo desenvolvido e tecemos algumas considera\u00e7\u00f5es para a realiza\u00e7\u00e3o de pesquisas similares no futuro.<\/p>\n\n\n\n<p><br><strong>Palavras-chave:<\/strong> Rede Social da Estrutural, rede social, Movimento Social Urbano \u2013 MSU, sociedade civil, Estado ampliado.<\/p>\n\n\n\n<div class=\"wp-container-1 wp-block-buttons\">\n<div class=\"wp-block-button\"><a class=\"wp-block-button__link has-vivid-cyan-blue-background-color has-background\" href=\"https:\/\/aprender.sejus.df.gov.br\/wp-content\/uploads\/2020\/12\/THAIS-CAROLINE-SENA-DE-OLIVEIRA-DISSERTACAO.pdf\" target=\"_blank\" rel=\"noreferrer noopener\">Baixar Trabalho<\/a><\/div>\n<\/div>\n","protected":false},"excerpt":{"rendered":"<p>A presente disserta\u00e7\u00e3o tem por objetivo investigar o potencial pol\u00edtico da Rede Social da Estrutural para a amplia\u00e7\u00e3o das pol\u00edticas sociais. A pergunta de pesquisa que orienta este debate foi elaborada da seguinte forma: considerando uma fundamenta\u00e7\u00e3o te\u00f3rico-social cr\u00edtica, quais seriam as evid\u00eancias capazes de qualificar a Rede Social da Estrutural no cen\u00e1rio das pol\u00edticas [&hellip;]<\/p>\n","protected":false},"author":3,"featured_media":0,"comment_status":"closed","ping_status":"closed","sticky":false,"template":"","format":"standard","meta":[],"categories":[11],"tags":[28],"yoast_head":"<!-- This site is optimized with the Yoast SEO plugin v19.7.1 - https:\/\/yoast.com\/wordpress\/plugins\/seo\/ -->\n<title>REDE SOCIAL DA ESTRUTURAL: UMA REFLEX\u00c3O \u00c0 LUZ DA TEORIA SOCIAL CR\u00cdTICA SOBRE O... - Aprender SEJUS<\/title>\n<meta name=\"robots\" content=\"index, follow, max-snippet:-1, max-image-preview:large, max-video-preview:-1\" \/>\n<link rel=\"canonical\" href=\"http:\/\/aprender.sejus.df.gov.br\/?p=578\" \/>\n<meta property=\"og:locale\" content=\"pt_BR\" \/>\n<meta property=\"og:type\" content=\"article\" \/>\n<meta property=\"og:title\" content=\"REDE SOCIAL DA ESTRUTURAL: UMA REFLEX\u00c3O \u00c0 LUZ DA TEORIA SOCIAL CR\u00cdTICA SOBRE O... - Aprender SEJUS\" \/>\n<meta property=\"og:description\" content=\"A presente disserta\u00e7\u00e3o tem por objetivo investigar o potencial pol\u00edtico da Rede Social da Estrutural para a amplia\u00e7\u00e3o das pol\u00edticas sociais. A pergunta de pesquisa que orienta este debate foi elaborada da seguinte forma: considerando uma fundamenta\u00e7\u00e3o te\u00f3rico-social cr\u00edtica, quais seriam as evid\u00eancias capazes de qualificar a Rede Social da Estrutural no cen\u00e1rio das pol\u00edticas [&hellip;]\" \/>\n<meta property=\"og:url\" content=\"http:\/\/aprender.sejus.df.gov.br\/?p=578\" \/>\n<meta property=\"og:site_name\" content=\"Aprender SEJUS\" \/>\n<meta property=\"article:published_time\" content=\"2020-12-09T14:40:58+00:00\" \/>\n<meta property=\"article:modified_time\" content=\"2020-12-09T14:41:03+00:00\" \/>\n<meta name=\"author\" content=\"GECAP\" \/>\n<meta name=\"twitter:card\" content=\"summary_large_image\" \/>\n<meta name=\"twitter:label1\" content=\"Written by\" \/>\n\t<meta name=\"twitter:data1\" content=\"GECAP\" \/>\n\t<meta name=\"twitter:label2\" content=\"Est. reading time\" \/>\n\t<meta name=\"twitter:data2\" content=\"2 minutos\" \/>\n<script type=\"application\/ld+json\" class=\"yoast-schema-graph\">{\"@context\":\"https:\/\/schema.org\",\"@graph\":[{\"@type\":\"WebPage\",\"@id\":\"http:\/\/aprender.sejus.df.gov.br\/?p=578\",\"url\":\"http:\/\/aprender.sejus.df.gov.br\/?p=578\",\"name\":\"REDE SOCIAL DA ESTRUTURAL: UMA REFLEX\u00c3O \u00c0 LUZ DA TEORIA SOCIAL CR\u00cdTICA SOBRE O... - Aprender SEJUS\",\"isPartOf\":{\"@id\":\"http:\/\/aprender.sejus.df.gov.br\/#website\"},\"datePublished\":\"2020-12-09T14:40:58+00:00\",\"dateModified\":\"2020-12-09T14:41:03+00:00\",\"author\":{\"@id\":\"http:\/\/aprender.sejus.df.gov.br\/#\/schema\/person\/6f1fb348cdf3f09e574018c52049e099\"},\"breadcrumb\":{\"@id\":\"http:\/\/aprender.sejus.df.gov.br\/?p=578#breadcrumb\"},\"inLanguage\":\"pt-BR\",\"potentialAction\":[{\"@type\":\"ReadAction\",\"target\":[\"http:\/\/aprender.sejus.df.gov.br\/?p=578\"]}]},{\"@type\":\"BreadcrumbList\",\"@id\":\"http:\/\/aprender.sejus.df.gov.br\/?p=578#breadcrumb\",\"itemListElement\":[{\"@type\":\"ListItem\",\"position\":1,\"name\":\"Home\",\"item\":\"https:\/\/aprender.sejus.df.gov.br\/\"},{\"@type\":\"ListItem\",\"position\":2,\"name\":\"REDE SOCIAL DA ESTRUTURAL: UMA REFLEX\u00c3O \u00c0 LUZ DA TEORIA SOCIAL CR\u00cdTICA SOBRE O&#8230;\"}]},{\"@type\":\"WebSite\",\"@id\":\"http:\/\/aprender.sejus.df.gov.br\/#website\",\"url\":\"http:\/\/aprender.sejus.df.gov.br\/\",\"name\":\"Aprender SEJUS\",\"description\":\"\",\"potentialAction\":[{\"@type\":\"SearchAction\",\"target\":{\"@type\":\"EntryPoint\",\"urlTemplate\":\"http:\/\/aprender.sejus.df.gov.br\/?s={search_term_string}\"},\"query-input\":\"required name=search_term_string\"}],\"inLanguage\":\"pt-BR\"},{\"@type\":\"Person\",\"@id\":\"http:\/\/aprender.sejus.df.gov.br\/#\/schema\/person\/6f1fb348cdf3f09e574018c52049e099\",\"name\":\"GECAP\",\"image\":{\"@type\":\"ImageObject\",\"inLanguage\":\"pt-BR\",\"@id\":\"http:\/\/aprender.sejus.df.gov.br\/#\/schema\/person\/image\/\",\"url\":\"https:\/\/secure.gravatar.com\/avatar\/eecf129a3b1190de678b5690e42de394?s=96&d=mm&r=g\",\"contentUrl\":\"https:\/\/secure.gravatar.com\/avatar\/eecf129a3b1190de678b5690e42de394?s=96&d=mm&r=g\",\"caption\":\"GECAP\"},\"url\":\"https:\/\/aprender.sejus.df.gov.br\/?author=3\"}]}<\/script>\n<!-- \/ Yoast SEO plugin. -->","yoast_head_json":{"title":"REDE SOCIAL DA ESTRUTURAL: UMA REFLEX\u00c3O \u00c0 LUZ DA TEORIA SOCIAL CR\u00cdTICA SOBRE O... - Aprender SEJUS","robots":{"index":"index","follow":"follow","max-snippet":"max-snippet:-1","max-image-preview":"max-image-preview:large","max-video-preview":"max-video-preview:-1"},"canonical":"http:\/\/aprender.sejus.df.gov.br\/?p=578","og_locale":"pt_BR","og_type":"article","og_title":"REDE SOCIAL DA ESTRUTURAL: UMA REFLEX\u00c3O \u00c0 LUZ DA TEORIA SOCIAL CR\u00cdTICA SOBRE O... - Aprender SEJUS","og_description":"A presente disserta\u00e7\u00e3o tem por objetivo investigar o potencial pol\u00edtico da Rede Social da Estrutural para a amplia\u00e7\u00e3o das pol\u00edticas sociais. A pergunta de pesquisa que orienta este debate foi elaborada da seguinte forma: considerando uma fundamenta\u00e7\u00e3o te\u00f3rico-social cr\u00edtica, quais seriam as evid\u00eancias capazes de qualificar a Rede Social da Estrutural no cen\u00e1rio das pol\u00edticas [&hellip;]","og_url":"http:\/\/aprender.sejus.df.gov.br\/?p=578","og_site_name":"Aprender SEJUS","article_published_time":"2020-12-09T14:40:58+00:00","article_modified_time":"2020-12-09T14:41:03+00:00","author":"GECAP","twitter_card":"summary_large_image","twitter_misc":{"Written by":"GECAP","Est. reading time":"2 minutos"},"schema":{"@context":"https:\/\/schema.org","@graph":[{"@type":"WebPage","@id":"http:\/\/aprender.sejus.df.gov.br\/?p=578","url":"http:\/\/aprender.sejus.df.gov.br\/?p=578","name":"REDE SOCIAL DA ESTRUTURAL: UMA REFLEX\u00c3O \u00c0 LUZ DA TEORIA SOCIAL CR\u00cdTICA SOBRE O... - Aprender SEJUS","isPartOf":{"@id":"http:\/\/aprender.sejus.df.gov.br\/#website"},"datePublished":"2020-12-09T14:40:58+00:00","dateModified":"2020-12-09T14:41:03+00:00","author":{"@id":"http:\/\/aprender.sejus.df.gov.br\/#\/schema\/person\/6f1fb348cdf3f09e574018c52049e099"},"breadcrumb":{"@id":"http:\/\/aprender.sejus.df.gov.br\/?p=578#breadcrumb"},"inLanguage":"pt-BR","potentialAction":[{"@type":"ReadAction","target":["http:\/\/aprender.sejus.df.gov.br\/?p=578"]}]},{"@type":"BreadcrumbList","@id":"http:\/\/aprender.sejus.df.gov.br\/?p=578#breadcrumb","itemListElement":[{"@type":"ListItem","position":1,"name":"Home","item":"https:\/\/aprender.sejus.df.gov.br\/"},{"@type":"ListItem","position":2,"name":"REDE SOCIAL DA ESTRUTURAL: UMA REFLEX\u00c3O \u00c0 LUZ DA TEORIA SOCIAL CR\u00cdTICA SOBRE O&#8230;"}]},{"@type":"WebSite","@id":"http:\/\/aprender.sejus.df.gov.br\/#website","url":"http:\/\/aprender.sejus.df.gov.br\/","name":"Aprender SEJUS","description":"","potentialAction":[{"@type":"SearchAction","target":{"@type":"EntryPoint","urlTemplate":"http:\/\/aprender.sejus.df.gov.br\/?s={search_term_string}"},"query-input":"required name=search_term_string"}],"inLanguage":"pt-BR"},{"@type":"Person","@id":"http:\/\/aprender.sejus.df.gov.br\/#\/schema\/person\/6f1fb348cdf3f09e574018c52049e099","name":"GECAP","image":{"@type":"ImageObject","inLanguage":"pt-BR","@id":"http:\/\/aprender.sejus.df.gov.br\/#\/schema\/person\/image\/","url":"https:\/\/secure.gravatar.com\/avatar\/eecf129a3b1190de678b5690e42de394?s=96&d=mm&r=g","contentUrl":"https:\/\/secure.gravatar.com\/avatar\/eecf129a3b1190de678b5690e42de394?s=96&d=mm&r=g","caption":"GECAP"},"url":"https:\/\/aprender.sejus.df.gov.br\/?author=3"}]}},"_links":{"self":[{"href":"https:\/\/aprender.sejus.df.gov.br\/index.php?rest_route=\/wp\/v2\/posts\/578"}],"collection":[{"href":"https:\/\/aprender.sejus.df.gov.br\/index.php?rest_route=\/wp\/v2\/posts"}],"about":[{"href":"https:\/\/aprender.sejus.df.gov.br\/index.php?rest_route=\/wp\/v2\/types\/post"}],"author":[{"embeddable":true,"href":"https:\/\/aprender.sejus.df.gov.br\/index.php?rest_route=\/wp\/v2\/users\/3"}],"replies":[{"embeddable":true,"href":"https:\/\/aprender.sejus.df.gov.br\/index.php?rest_route=%2Fwp%2Fv2%2Fcomments&post=578"}],"version-history":[{"count":2,"href":"https:\/\/aprender.sejus.df.gov.br\/index.php?rest_route=\/wp\/v2\/posts\/578\/revisions"}],"predecessor-version":[{"id":580,"href":"https:\/\/aprender.sejus.df.gov.br\/index.php?rest_route=\/wp\/v2\/posts\/578\/revisions\/580"}],"wp:attachment":[{"href":"https:\/\/aprender.sejus.df.gov.br\/index.php?rest_route=%2Fwp%2Fv2%2Fmedia&parent=578"}],"wp:term":[{"taxonomy":"category","embeddable":true,"href":"https:\/\/aprender.sejus.df.gov.br\/index.php?rest_route=%2Fwp%2Fv2%2Fcategories&post=578"},{"taxonomy":"post_tag","embeddable":true,"href":"https:\/\/aprender.sejus.df.gov.br\/index.php?rest_route=%2Fwp%2Fv2%2Ftags&post=578"}],"curies":[{"name":"wp","href":"https:\/\/api.w.org\/{rel}","templated":true}]}}