{"id":621,"date":"2020-12-10T10:56:32","date_gmt":"2020-12-10T13:56:32","guid":{"rendered":"http:\/\/aprender.sejus.df.gov.br\/?p=621"},"modified":"2020-12-10T10:56:37","modified_gmt":"2020-12-10T13:56:37","slug":"representacoes-sociais-dos-professores-em-relacao-aos-adolescentes-em-conflito-com-a-lei","status":"publish","type":"post","link":"https:\/\/aprender.sejus.df.gov.br\/?p=621","title":{"rendered":"REPRESENTA\u00c7\u00d5ES SOCIAIS DOS PROFESSORES EM RELA\u00c7\u00c3O AOS ADOLESCENTES EM CONFLITO COM A LEI"},"content":{"rendered":"\n<p>O presente trabalho tem por objetivo analisar as representa\u00e7\u00f5es sociais dos professores dos anos finais do ensino fundamental da rede p\u00fablica em rela\u00e7\u00e3o aos adolescentes em conflito com a lei, na faixa et\u00e1ria dos 12 aos 21 anos de idade. O estudo se apoia na Teoria das Representa\u00e7\u00f5es Sociais (TRS), levando em considera\u00e7\u00e3o as linhas de investiga\u00e7\u00e3o e os estudos relacionados ao tema. Logo em seguida, analisamos alguns pontos importantes como a viol\u00eancia e o Estatuto da Crian\u00e7a e do Adolescente (ECA). Por fim, realizamos pesquisa de campo em seis escolas p\u00fablicas do Distrito Federal (DF), em duas fases distintas: a primeira delas com 72 professores das s\u00e9ries finais do ensino fundamental (sexto ao nono anos). que consistiu na aplica\u00e7\u00e3o de um question\u00e1rio de associa\u00e7\u00e3o livre de palavras, analisado por meio do software Evoc (Ensemble de programmes permettant l&#8217;analyse des evocations); a segunda fase contou com entrevista semiestruturada com sete professores \u2013 os dados foram avaliados por meio da an\u00e1lise de conte\u00fado. Os resultados da pesquisa indicaram como principais representa\u00e7\u00f5es sociais dos professores o abandono familiar e a omiss\u00e3o do Estado, sendo estas as principais causas do conflito existente entre os jovens e a sociedade. Al\u00e9m disso, esses atores educacionais tamb\u00e9m nomearam a falta de limites, a rebeldia e a irresponsabilidade como caracter\u00edsticas marcantes desses adolescentes Verificamos ainda consider\u00e1veis relatos sobre a permissividade das legisla\u00e7\u00f5es e a brandura das puni\u00e7\u00f5es como fatores determinantes para a ocorr\u00eancia de desvios de conduta por parte dos adolescentes. Conclu\u00edmos que as representa\u00e7\u00f5es dos professores em rela\u00e7\u00e3o aos adolescentes em conflito com a lei s\u00e3o pautadas por fatores externos \u00e0 escola e ao pr\u00f3prio professor.<\/p>\n\n\n\n<p><strong>Palavras-chave: <\/strong>Representa\u00e7\u00f5es sociais. Adolescente em conflito com a lei. Viol\u00eancia. Estatuto da Crian\u00e7a e do Adolescente.<\/p>\n\n\n\n<div class=\"wp-container-1 wp-block-buttons\">\n<div class=\"wp-block-button\"><a class=\"wp-block-button__link has-vivid-cyan-blue-background-color has-background\" href=\"https:\/\/aprender.sejus.df.gov.br\/wp-content\/uploads\/2020\/12\/JAQUELINE-KELLY-DE-SOUZA-LOURENCO-DISSERTACAO.pdf\" target=\"_blank\" rel=\"noreferrer noopener\">Baixar Trabalho<\/a><\/div>\n<\/div>\n","protected":false},"excerpt":{"rendered":"<p>O presente trabalho tem por objetivo analisar as representa\u00e7\u00f5es sociais dos professores dos anos finais do ensino fundamental da rede p\u00fablica em rela\u00e7\u00e3o aos adolescentes em conflito com a lei, na faixa et\u00e1ria dos 12 aos 21 anos de idade. O estudo se apoia na Teoria das Representa\u00e7\u00f5es Sociais (TRS), levando em considera\u00e7\u00e3o as linhas [&hellip;]<\/p>\n","protected":false},"author":3,"featured_media":0,"comment_status":"open","ping_status":"open","sticky":false,"template":"","format":"standard","meta":[],"categories":[11],"tags":[39],"yoast_head":"<!-- This site is optimized with the Yoast SEO plugin v19.7.1 - https:\/\/yoast.com\/wordpress\/plugins\/seo\/ -->\n<title>REPRESENTA\u00c7\u00d5ES SOCIAIS DOS PROFESSORES EM RELA\u00c7\u00c3O AOS ADOLESCENTES EM CONFLITO COM A LEI - Aprender SEJUS<\/title>\n<meta name=\"robots\" content=\"index, follow, max-snippet:-1, max-image-preview:large, max-video-preview:-1\" \/>\n<link rel=\"canonical\" href=\"http:\/\/aprender.sejus.df.gov.br\/?p=621\" \/>\n<meta property=\"og:locale\" content=\"pt_BR\" \/>\n<meta property=\"og:type\" content=\"article\" \/>\n<meta property=\"og:title\" content=\"REPRESENTA\u00c7\u00d5ES SOCIAIS DOS PROFESSORES EM RELA\u00c7\u00c3O AOS ADOLESCENTES EM CONFLITO COM A LEI - Aprender SEJUS\" \/>\n<meta property=\"og:description\" content=\"O presente trabalho tem por objetivo analisar as representa\u00e7\u00f5es sociais dos professores dos anos finais do ensino fundamental da rede p\u00fablica em rela\u00e7\u00e3o aos adolescentes em conflito com a lei, na faixa et\u00e1ria dos 12 aos 21 anos de idade. O estudo se apoia na Teoria das Representa\u00e7\u00f5es Sociais (TRS), levando em considera\u00e7\u00e3o as linhas [&hellip;]\" \/>\n<meta property=\"og:url\" content=\"http:\/\/aprender.sejus.df.gov.br\/?p=621\" \/>\n<meta property=\"og:site_name\" content=\"Aprender SEJUS\" \/>\n<meta property=\"article:published_time\" content=\"2020-12-10T13:56:32+00:00\" \/>\n<meta property=\"article:modified_time\" content=\"2020-12-10T13:56:37+00:00\" \/>\n<meta name=\"author\" content=\"GECAP\" \/>\n<meta name=\"twitter:card\" content=\"summary_large_image\" \/>\n<meta name=\"twitter:label1\" content=\"Written by\" \/>\n\t<meta name=\"twitter:data1\" content=\"GECAP\" \/>\n\t<meta name=\"twitter:label2\" content=\"Est. reading time\" \/>\n\t<meta name=\"twitter:data2\" content=\"2 minutos\" \/>\n<script type=\"application\/ld+json\" class=\"yoast-schema-graph\">{\"@context\":\"https:\/\/schema.org\",\"@graph\":[{\"@type\":\"WebPage\",\"@id\":\"http:\/\/aprender.sejus.df.gov.br\/?p=621\",\"url\":\"http:\/\/aprender.sejus.df.gov.br\/?p=621\",\"name\":\"REPRESENTA\u00c7\u00d5ES SOCIAIS DOS PROFESSORES EM RELA\u00c7\u00c3O AOS ADOLESCENTES EM CONFLITO COM A LEI - Aprender SEJUS\",\"isPartOf\":{\"@id\":\"http:\/\/aprender.sejus.df.gov.br\/#website\"},\"datePublished\":\"2020-12-10T13:56:32+00:00\",\"dateModified\":\"2020-12-10T13:56:37+00:00\",\"author\":{\"@id\":\"http:\/\/aprender.sejus.df.gov.br\/#\/schema\/person\/6f1fb348cdf3f09e574018c52049e099\"},\"breadcrumb\":{\"@id\":\"http:\/\/aprender.sejus.df.gov.br\/?p=621#breadcrumb\"},\"inLanguage\":\"pt-BR\",\"potentialAction\":[{\"@type\":\"ReadAction\",\"target\":[\"http:\/\/aprender.sejus.df.gov.br\/?p=621\"]}]},{\"@type\":\"BreadcrumbList\",\"@id\":\"http:\/\/aprender.sejus.df.gov.br\/?p=621#breadcrumb\",\"itemListElement\":[{\"@type\":\"ListItem\",\"position\":1,\"name\":\"Home\",\"item\":\"https:\/\/aprender.sejus.df.gov.br\/\"},{\"@type\":\"ListItem\",\"position\":2,\"name\":\"REPRESENTA\u00c7\u00d5ES SOCIAIS DOS PROFESSORES EM RELA\u00c7\u00c3O AOS ADOLESCENTES EM CONFLITO COM A LEI\"}]},{\"@type\":\"WebSite\",\"@id\":\"http:\/\/aprender.sejus.df.gov.br\/#website\",\"url\":\"http:\/\/aprender.sejus.df.gov.br\/\",\"name\":\"Aprender SEJUS\",\"description\":\"\",\"potentialAction\":[{\"@type\":\"SearchAction\",\"target\":{\"@type\":\"EntryPoint\",\"urlTemplate\":\"http:\/\/aprender.sejus.df.gov.br\/?s={search_term_string}\"},\"query-input\":\"required name=search_term_string\"}],\"inLanguage\":\"pt-BR\"},{\"@type\":\"Person\",\"@id\":\"http:\/\/aprender.sejus.df.gov.br\/#\/schema\/person\/6f1fb348cdf3f09e574018c52049e099\",\"name\":\"GECAP\",\"image\":{\"@type\":\"ImageObject\",\"inLanguage\":\"pt-BR\",\"@id\":\"http:\/\/aprender.sejus.df.gov.br\/#\/schema\/person\/image\/\",\"url\":\"https:\/\/secure.gravatar.com\/avatar\/eecf129a3b1190de678b5690e42de394?s=96&d=mm&r=g\",\"contentUrl\":\"https:\/\/secure.gravatar.com\/avatar\/eecf129a3b1190de678b5690e42de394?s=96&d=mm&r=g\",\"caption\":\"GECAP\"},\"url\":\"https:\/\/aprender.sejus.df.gov.br\/?author=3\"}]}<\/script>\n<!-- \/ Yoast SEO plugin. -->","yoast_head_json":{"title":"REPRESENTA\u00c7\u00d5ES SOCIAIS DOS PROFESSORES EM RELA\u00c7\u00c3O AOS ADOLESCENTES EM CONFLITO COM A LEI - Aprender SEJUS","robots":{"index":"index","follow":"follow","max-snippet":"max-snippet:-1","max-image-preview":"max-image-preview:large","max-video-preview":"max-video-preview:-1"},"canonical":"http:\/\/aprender.sejus.df.gov.br\/?p=621","og_locale":"pt_BR","og_type":"article","og_title":"REPRESENTA\u00c7\u00d5ES SOCIAIS DOS PROFESSORES EM RELA\u00c7\u00c3O AOS ADOLESCENTES EM CONFLITO COM A LEI - Aprender SEJUS","og_description":"O presente trabalho tem por objetivo analisar as representa\u00e7\u00f5es sociais dos professores dos anos finais do ensino fundamental da rede p\u00fablica em rela\u00e7\u00e3o aos adolescentes em conflito com a lei, na faixa et\u00e1ria dos 12 aos 21 anos de idade. O estudo se apoia na Teoria das Representa\u00e7\u00f5es Sociais (TRS), levando em considera\u00e7\u00e3o as linhas [&hellip;]","og_url":"http:\/\/aprender.sejus.df.gov.br\/?p=621","og_site_name":"Aprender SEJUS","article_published_time":"2020-12-10T13:56:32+00:00","article_modified_time":"2020-12-10T13:56:37+00:00","author":"GECAP","twitter_card":"summary_large_image","twitter_misc":{"Written by":"GECAP","Est. reading time":"2 minutos"},"schema":{"@context":"https:\/\/schema.org","@graph":[{"@type":"WebPage","@id":"http:\/\/aprender.sejus.df.gov.br\/?p=621","url":"http:\/\/aprender.sejus.df.gov.br\/?p=621","name":"REPRESENTA\u00c7\u00d5ES SOCIAIS DOS PROFESSORES EM RELA\u00c7\u00c3O AOS ADOLESCENTES EM CONFLITO COM A LEI - Aprender SEJUS","isPartOf":{"@id":"http:\/\/aprender.sejus.df.gov.br\/#website"},"datePublished":"2020-12-10T13:56:32+00:00","dateModified":"2020-12-10T13:56:37+00:00","author":{"@id":"http:\/\/aprender.sejus.df.gov.br\/#\/schema\/person\/6f1fb348cdf3f09e574018c52049e099"},"breadcrumb":{"@id":"http:\/\/aprender.sejus.df.gov.br\/?p=621#breadcrumb"},"inLanguage":"pt-BR","potentialAction":[{"@type":"ReadAction","target":["http:\/\/aprender.sejus.df.gov.br\/?p=621"]}]},{"@type":"BreadcrumbList","@id":"http:\/\/aprender.sejus.df.gov.br\/?p=621#breadcrumb","itemListElement":[{"@type":"ListItem","position":1,"name":"Home","item":"https:\/\/aprender.sejus.df.gov.br\/"},{"@type":"ListItem","position":2,"name":"REPRESENTA\u00c7\u00d5ES SOCIAIS DOS PROFESSORES EM RELA\u00c7\u00c3O AOS ADOLESCENTES EM CONFLITO COM A LEI"}]},{"@type":"WebSite","@id":"http:\/\/aprender.sejus.df.gov.br\/#website","url":"http:\/\/aprender.sejus.df.gov.br\/","name":"Aprender SEJUS","description":"","potentialAction":[{"@type":"SearchAction","target":{"@type":"EntryPoint","urlTemplate":"http:\/\/aprender.sejus.df.gov.br\/?s={search_term_string}"},"query-input":"required name=search_term_string"}],"inLanguage":"pt-BR"},{"@type":"Person","@id":"http:\/\/aprender.sejus.df.gov.br\/#\/schema\/person\/6f1fb348cdf3f09e574018c52049e099","name":"GECAP","image":{"@type":"ImageObject","inLanguage":"pt-BR","@id":"http:\/\/aprender.sejus.df.gov.br\/#\/schema\/person\/image\/","url":"https:\/\/secure.gravatar.com\/avatar\/eecf129a3b1190de678b5690e42de394?s=96&d=mm&r=g","contentUrl":"https:\/\/secure.gravatar.com\/avatar\/eecf129a3b1190de678b5690e42de394?s=96&d=mm&r=g","caption":"GECAP"},"url":"https:\/\/aprender.sejus.df.gov.br\/?author=3"}]}},"_links":{"self":[{"href":"https:\/\/aprender.sejus.df.gov.br\/index.php?rest_route=\/wp\/v2\/posts\/621"}],"collection":[{"href":"https:\/\/aprender.sejus.df.gov.br\/index.php?rest_route=\/wp\/v2\/posts"}],"about":[{"href":"https:\/\/aprender.sejus.df.gov.br\/index.php?rest_route=\/wp\/v2\/types\/post"}],"author":[{"embeddable":true,"href":"https:\/\/aprender.sejus.df.gov.br\/index.php?rest_route=\/wp\/v2\/users\/3"}],"replies":[{"embeddable":true,"href":"https:\/\/aprender.sejus.df.gov.br\/index.php?rest_route=%2Fwp%2Fv2%2Fcomments&post=621"}],"version-history":[{"count":1,"href":"https:\/\/aprender.sejus.df.gov.br\/index.php?rest_route=\/wp\/v2\/posts\/621\/revisions"}],"predecessor-version":[{"id":622,"href":"https:\/\/aprender.sejus.df.gov.br\/index.php?rest_route=\/wp\/v2\/posts\/621\/revisions\/622"}],"wp:attachment":[{"href":"https:\/\/aprender.sejus.df.gov.br\/index.php?rest_route=%2Fwp%2Fv2%2Fmedia&parent=621"}],"wp:term":[{"taxonomy":"category","embeddable":true,"href":"https:\/\/aprender.sejus.df.gov.br\/index.php?rest_route=%2Fwp%2Fv2%2Fcategories&post=621"},{"taxonomy":"post_tag","embeddable":true,"href":"https:\/\/aprender.sejus.df.gov.br\/index.php?rest_route=%2Fwp%2Fv2%2Ftags&post=621"}],"curies":[{"name":"wp","href":"https:\/\/api.w.org\/{rel}","templated":true}]}}