{"id":633,"date":"2020-12-10T11:30:36","date_gmt":"2020-12-10T14:30:36","guid":{"rendered":"http:\/\/aprender.sejus.df.gov.br\/?p=633"},"modified":"2020-12-10T12:02:52","modified_gmt":"2020-12-10T15:02:52","slug":"a-avaliacao-na-escola-um-olhar-alem-da-sala-de-aula","status":"publish","type":"post","link":"https:\/\/aprender.sejus.df.gov.br\/?p=633","title":{"rendered":"A AVALIA\u00c7\u00c3O NA ESCOLA: UM OLHAR AL\u00c9M DA SALA DE AULA"},"content":{"rendered":"\n<p>O presente estudo consistiu em analisar a avalia\u00e7\u00e3o al\u00e9m da sala de aula, isto \u00e9, NA escola. Para isso foi conduzida uma pesquisa qualitativa em uma institui\u00e7\u00e3o p\u00fablica de educa\u00e7\u00e3o b\u00e1sica, no Distrito Federal. Como objetivo geral, buscou-se compreender a din\u00e2mica avaliativa adotada por uma escola que atende crian\u00e7as nos anos iniciais do ensino fundamental. Os objetivos espec\u00edficos consistiram em: analisar a concep\u00e7\u00e3o de avalia\u00e7\u00e3o anunciada no Projeto Pol\u00edtico-Pedag\u00f3gico e a praticada pela escola; identificar e analisar quem s\u00e3o os avaliadores e os avaliados na escola; analisar como a escola utiliza os resultados obtidos da avalia\u00e7\u00e3o; pesquisar a participa\u00e7\u00e3o do gestor nas pr\u00e1ticas avaliativas da escola; analisar as pr\u00e1ticas avaliativas de uma turma de 1o ano do ensino fundamental; examinar como a escola utiliza os resultados obtidos da avalia\u00e7\u00e3o externa. Procedeu-se a an\u00e1lise dos seguintes documentos: o projeto pol\u00edtico-pedag\u00f3gico; o regimento escolar; as pautas de reuni\u00f5es de pais, de coordena\u00e7\u00f5es pedag\u00f3gicas e; os relat\u00f3rios individuais dos alunos. Al\u00e9m disso, foram realizadas entrevistas com as diretoras, a coordenadora pedag\u00f3gica, a professora da turma de 1o ano, o secret\u00e1rio escolar e o auxiliar de portaria, assim como foi aplicado um question\u00e1rio aos pais das crian\u00e7as da turma observada. Com as crian\u00e7as foi desenvolvido grupo focal. Constatou-se que a din\u00e2mica avaliativa NA escola caminhava mais para uma perspectiva classificat\u00f3ria do que formativa. Inexistia articula\u00e7\u00e3o entre os diferentes setores da escola, de modo que pudesse contribuir para o desenvolvimento de reflex\u00f5es coletivas sobre as pr\u00e1ticas avaliativas NA escola como um todo. Percebeu-se a presen\u00e7a da avalia\u00e7\u00e3o informal de maneira desencorajadora tanto para os estudantes como para seus pais. Em rela\u00e7\u00e3o \u00e0 utiliza\u00e7\u00e3o dos resultados obtidos das avalia\u00e7\u00f5es externas e internas, observou-se forte \u00eanfase aos objetivos das pol\u00edticas p\u00fablicas; a avalia\u00e7\u00e3o Na escola n\u00e3o tinha como meta central a aprendizagem. Como conclus\u00e3o, o estudo aponta o desafio de construir NA escola um projeto que integre e repense a avalia\u00e7\u00e3o como um processo que envolva a sua din\u00e2mica, confrontando todas as situa\u00e7\u00f5es que possibilitem mudan\u00e7as e avan\u00e7os no cotidiano escolar.<\/p>\n\n\n\n<p><strong>Palavras-chave: <\/strong>avalia\u00e7\u00e3o \u2013 avalia\u00e7\u00e3o classificat\u00f3ria &#8211; avalia\u00e7\u00e3o formativa \u2013 din\u00e2mica escolar.<\/p>\n\n\n\n<div class=\"wp-container-1 wp-block-buttons\">\n<div class=\"wp-block-button\"><a class=\"wp-block-button__link has-vivid-cyan-blue-background-color has-background\" href=\"https:\/\/aprender.sejus.df.gov.br\/wp-content\/uploads\/2020\/12\/LETICIADE-ALMEIDA-ARAUJO-DISSERTACAO-1.pdf\" target=\"_blank\" rel=\"noreferrer noopener\">Baixar Trabalho<\/a><\/div>\n<\/div>\n","protected":false},"excerpt":{"rendered":"<p>O presente estudo consistiu em analisar a avalia\u00e7\u00e3o al\u00e9m da sala de aula, isto \u00e9, NA escola. Para isso foi conduzida uma pesquisa qualitativa em uma institui\u00e7\u00e3o p\u00fablica de educa\u00e7\u00e3o b\u00e1sica, no Distrito Federal. Como objetivo geral, buscou-se compreender a din\u00e2mica avaliativa adotada por uma escola que atende crian\u00e7as nos anos iniciais do ensino fundamental. [&hellip;]<\/p>\n","protected":false},"author":3,"featured_media":0,"comment_status":"open","ping_status":"open","sticky":false,"template":"","format":"standard","meta":[],"categories":[11],"tags":[39],"yoast_head":"<!-- This site is optimized with the Yoast SEO plugin v19.7.1 - https:\/\/yoast.com\/wordpress\/plugins\/seo\/ -->\n<title>A AVALIA\u00c7\u00c3O NA ESCOLA: UM OLHAR AL\u00c9M DA SALA DE AULA - Aprender SEJUS<\/title>\n<meta name=\"robots\" content=\"index, follow, max-snippet:-1, max-image-preview:large, max-video-preview:-1\" \/>\n<link rel=\"canonical\" href=\"http:\/\/aprender.sejus.df.gov.br\/?p=633\" \/>\n<meta property=\"og:locale\" content=\"pt_BR\" \/>\n<meta property=\"og:type\" content=\"article\" \/>\n<meta property=\"og:title\" content=\"A AVALIA\u00c7\u00c3O NA ESCOLA: UM OLHAR AL\u00c9M DA SALA DE AULA - Aprender SEJUS\" \/>\n<meta property=\"og:description\" content=\"O presente estudo consistiu em analisar a avalia\u00e7\u00e3o al\u00e9m da sala de aula, isto \u00e9, NA escola. Para isso foi conduzida uma pesquisa qualitativa em uma institui\u00e7\u00e3o p\u00fablica de educa\u00e7\u00e3o b\u00e1sica, no Distrito Federal. Como objetivo geral, buscou-se compreender a din\u00e2mica avaliativa adotada por uma escola que atende crian\u00e7as nos anos iniciais do ensino fundamental. [&hellip;]\" \/>\n<meta property=\"og:url\" content=\"http:\/\/aprender.sejus.df.gov.br\/?p=633\" \/>\n<meta property=\"og:site_name\" content=\"Aprender SEJUS\" \/>\n<meta property=\"article:published_time\" content=\"2020-12-10T14:30:36+00:00\" \/>\n<meta property=\"article:modified_time\" content=\"2020-12-10T15:02:52+00:00\" \/>\n<meta name=\"author\" content=\"GECAP\" \/>\n<meta name=\"twitter:card\" content=\"summary_large_image\" \/>\n<meta name=\"twitter:label1\" content=\"Written by\" \/>\n\t<meta name=\"twitter:data1\" content=\"GECAP\" \/>\n\t<meta name=\"twitter:label2\" content=\"Est. reading time\" \/>\n\t<meta name=\"twitter:data2\" content=\"2 minutos\" \/>\n<script type=\"application\/ld+json\" class=\"yoast-schema-graph\">{\"@context\":\"https:\/\/schema.org\",\"@graph\":[{\"@type\":\"WebPage\",\"@id\":\"http:\/\/aprender.sejus.df.gov.br\/?p=633\",\"url\":\"http:\/\/aprender.sejus.df.gov.br\/?p=633\",\"name\":\"A AVALIA\u00c7\u00c3O NA ESCOLA: UM OLHAR AL\u00c9M DA SALA DE AULA - Aprender SEJUS\",\"isPartOf\":{\"@id\":\"http:\/\/aprender.sejus.df.gov.br\/#website\"},\"datePublished\":\"2020-12-10T14:30:36+00:00\",\"dateModified\":\"2020-12-10T15:02:52+00:00\",\"author\":{\"@id\":\"http:\/\/aprender.sejus.df.gov.br\/#\/schema\/person\/6f1fb348cdf3f09e574018c52049e099\"},\"breadcrumb\":{\"@id\":\"http:\/\/aprender.sejus.df.gov.br\/?p=633#breadcrumb\"},\"inLanguage\":\"pt-BR\",\"potentialAction\":[{\"@type\":\"ReadAction\",\"target\":[\"http:\/\/aprender.sejus.df.gov.br\/?p=633\"]}]},{\"@type\":\"BreadcrumbList\",\"@id\":\"http:\/\/aprender.sejus.df.gov.br\/?p=633#breadcrumb\",\"itemListElement\":[{\"@type\":\"ListItem\",\"position\":1,\"name\":\"Home\",\"item\":\"https:\/\/aprender.sejus.df.gov.br\/\"},{\"@type\":\"ListItem\",\"position\":2,\"name\":\"A AVALIA\u00c7\u00c3O NA ESCOLA: UM OLHAR AL\u00c9M DA SALA DE AULA\"}]},{\"@type\":\"WebSite\",\"@id\":\"http:\/\/aprender.sejus.df.gov.br\/#website\",\"url\":\"http:\/\/aprender.sejus.df.gov.br\/\",\"name\":\"Aprender SEJUS\",\"description\":\"\",\"potentialAction\":[{\"@type\":\"SearchAction\",\"target\":{\"@type\":\"EntryPoint\",\"urlTemplate\":\"http:\/\/aprender.sejus.df.gov.br\/?s={search_term_string}\"},\"query-input\":\"required name=search_term_string\"}],\"inLanguage\":\"pt-BR\"},{\"@type\":\"Person\",\"@id\":\"http:\/\/aprender.sejus.df.gov.br\/#\/schema\/person\/6f1fb348cdf3f09e574018c52049e099\",\"name\":\"GECAP\",\"image\":{\"@type\":\"ImageObject\",\"inLanguage\":\"pt-BR\",\"@id\":\"http:\/\/aprender.sejus.df.gov.br\/#\/schema\/person\/image\/\",\"url\":\"https:\/\/secure.gravatar.com\/avatar\/eecf129a3b1190de678b5690e42de394?s=96&d=mm&r=g\",\"contentUrl\":\"https:\/\/secure.gravatar.com\/avatar\/eecf129a3b1190de678b5690e42de394?s=96&d=mm&r=g\",\"caption\":\"GECAP\"},\"url\":\"https:\/\/aprender.sejus.df.gov.br\/?author=3\"}]}<\/script>\n<!-- \/ Yoast SEO plugin. -->","yoast_head_json":{"title":"A AVALIA\u00c7\u00c3O NA ESCOLA: UM OLHAR AL\u00c9M DA SALA DE AULA - Aprender SEJUS","robots":{"index":"index","follow":"follow","max-snippet":"max-snippet:-1","max-image-preview":"max-image-preview:large","max-video-preview":"max-video-preview:-1"},"canonical":"http:\/\/aprender.sejus.df.gov.br\/?p=633","og_locale":"pt_BR","og_type":"article","og_title":"A AVALIA\u00c7\u00c3O NA ESCOLA: UM OLHAR AL\u00c9M DA SALA DE AULA - Aprender SEJUS","og_description":"O presente estudo consistiu em analisar a avalia\u00e7\u00e3o al\u00e9m da sala de aula, isto \u00e9, NA escola. Para isso foi conduzida uma pesquisa qualitativa em uma institui\u00e7\u00e3o p\u00fablica de educa\u00e7\u00e3o b\u00e1sica, no Distrito Federal. Como objetivo geral, buscou-se compreender a din\u00e2mica avaliativa adotada por uma escola que atende crian\u00e7as nos anos iniciais do ensino fundamental. [&hellip;]","og_url":"http:\/\/aprender.sejus.df.gov.br\/?p=633","og_site_name":"Aprender SEJUS","article_published_time":"2020-12-10T14:30:36+00:00","article_modified_time":"2020-12-10T15:02:52+00:00","author":"GECAP","twitter_card":"summary_large_image","twitter_misc":{"Written by":"GECAP","Est. reading time":"2 minutos"},"schema":{"@context":"https:\/\/schema.org","@graph":[{"@type":"WebPage","@id":"http:\/\/aprender.sejus.df.gov.br\/?p=633","url":"http:\/\/aprender.sejus.df.gov.br\/?p=633","name":"A AVALIA\u00c7\u00c3O NA ESCOLA: UM OLHAR AL\u00c9M DA SALA DE AULA - Aprender SEJUS","isPartOf":{"@id":"http:\/\/aprender.sejus.df.gov.br\/#website"},"datePublished":"2020-12-10T14:30:36+00:00","dateModified":"2020-12-10T15:02:52+00:00","author":{"@id":"http:\/\/aprender.sejus.df.gov.br\/#\/schema\/person\/6f1fb348cdf3f09e574018c52049e099"},"breadcrumb":{"@id":"http:\/\/aprender.sejus.df.gov.br\/?p=633#breadcrumb"},"inLanguage":"pt-BR","potentialAction":[{"@type":"ReadAction","target":["http:\/\/aprender.sejus.df.gov.br\/?p=633"]}]},{"@type":"BreadcrumbList","@id":"http:\/\/aprender.sejus.df.gov.br\/?p=633#breadcrumb","itemListElement":[{"@type":"ListItem","position":1,"name":"Home","item":"https:\/\/aprender.sejus.df.gov.br\/"},{"@type":"ListItem","position":2,"name":"A AVALIA\u00c7\u00c3O NA ESCOLA: UM OLHAR AL\u00c9M DA SALA DE AULA"}]},{"@type":"WebSite","@id":"http:\/\/aprender.sejus.df.gov.br\/#website","url":"http:\/\/aprender.sejus.df.gov.br\/","name":"Aprender SEJUS","description":"","potentialAction":[{"@type":"SearchAction","target":{"@type":"EntryPoint","urlTemplate":"http:\/\/aprender.sejus.df.gov.br\/?s={search_term_string}"},"query-input":"required name=search_term_string"}],"inLanguage":"pt-BR"},{"@type":"Person","@id":"http:\/\/aprender.sejus.df.gov.br\/#\/schema\/person\/6f1fb348cdf3f09e574018c52049e099","name":"GECAP","image":{"@type":"ImageObject","inLanguage":"pt-BR","@id":"http:\/\/aprender.sejus.df.gov.br\/#\/schema\/person\/image\/","url":"https:\/\/secure.gravatar.com\/avatar\/eecf129a3b1190de678b5690e42de394?s=96&d=mm&r=g","contentUrl":"https:\/\/secure.gravatar.com\/avatar\/eecf129a3b1190de678b5690e42de394?s=96&d=mm&r=g","caption":"GECAP"},"url":"https:\/\/aprender.sejus.df.gov.br\/?author=3"}]}},"_links":{"self":[{"href":"https:\/\/aprender.sejus.df.gov.br\/index.php?rest_route=\/wp\/v2\/posts\/633"}],"collection":[{"href":"https:\/\/aprender.sejus.df.gov.br\/index.php?rest_route=\/wp\/v2\/posts"}],"about":[{"href":"https:\/\/aprender.sejus.df.gov.br\/index.php?rest_route=\/wp\/v2\/types\/post"}],"author":[{"embeddable":true,"href":"https:\/\/aprender.sejus.df.gov.br\/index.php?rest_route=\/wp\/v2\/users\/3"}],"replies":[{"embeddable":true,"href":"https:\/\/aprender.sejus.df.gov.br\/index.php?rest_route=%2Fwp%2Fv2%2Fcomments&post=633"}],"version-history":[{"count":2,"href":"https:\/\/aprender.sejus.df.gov.br\/index.php?rest_route=\/wp\/v2\/posts\/633\/revisions"}],"predecessor-version":[{"id":654,"href":"https:\/\/aprender.sejus.df.gov.br\/index.php?rest_route=\/wp\/v2\/posts\/633\/revisions\/654"}],"wp:attachment":[{"href":"https:\/\/aprender.sejus.df.gov.br\/index.php?rest_route=%2Fwp%2Fv2%2Fmedia&parent=633"}],"wp:term":[{"taxonomy":"category","embeddable":true,"href":"https:\/\/aprender.sejus.df.gov.br\/index.php?rest_route=%2Fwp%2Fv2%2Fcategories&post=633"},{"taxonomy":"post_tag","embeddable":true,"href":"https:\/\/aprender.sejus.df.gov.br\/index.php?rest_route=%2Fwp%2Fv2%2Ftags&post=633"}],"curies":[{"name":"wp","href":"https:\/\/api.w.org\/{rel}","templated":true}]}}