{"id":722,"date":"2020-12-18T12:08:11","date_gmt":"2020-12-18T15:08:11","guid":{"rendered":"http:\/\/aprender.sejus.df.gov.br\/?p=722"},"modified":"2020-12-18T12:08:26","modified_gmt":"2020-12-18T15:08:26","slug":"gestao-empresarial-na-educacao-publica-paulista-2006-2016-uma-analise-dos-efeitos-da-qualidade-total-no-trabalho-docente","status":"publish","type":"post","link":"https:\/\/aprender.sejus.df.gov.br\/?p=722","title":{"rendered":"GEST\u00c3O EMPRESARIAL NA EDUCA\u00c7\u00c3O P\u00daBLICA PAULISTA (2006-2016): UMA AN\u00c1LISE DOS EFEITOS DA QUALIDADE&#8230;"},"content":{"rendered":"\n<p>Este estudo apresenta os resultados da pesquisa de mestrado que teve como foco a an\u00e1lise dos efeitos da Ger\u00eancia da Qualidade Total aplicada \u00e0 educa\u00e7\u00e3o no processo de trabalho de professores e professoras das escolas da rede estadual paulista da regi\u00e3o de Campinas-SP. A pesquisa revela como os docentes avaliam as constantes mudan\u00e7as, que t\u00eam como fundamento a gest\u00e3o por resultados, e como s\u00e3o afetados por elas. A hip\u00f3tese \u00e9 a de que est\u00e1 em curso uma nova configura\u00e7\u00e3o do trabalho do professor marcada substancialmente por processos de intensifica\u00e7\u00e3o e autointensifica\u00e7\u00e3o do trabalho. Com a an\u00e1lise dessas transforma\u00e7\u00f5es nos \u00faltimos dez anos e a partir de entrevistas semiestruturadas, averiguou-se as consequ\u00eancias para o trabalho docente que reverberam sobre o controle do processo de trabalho, sobre a subjetividade e sobre a sa\u00fade desses trabalhadores e trabalhadoras.<\/p>\n\n\n\n<p><br><strong>Palavras-chave: <\/strong>Trabalho docente. Qualidade total. Reestrutura\u00e7\u00e3o educativa. Intensifica\u00e7\u00e3o do trabalho.<\/p>\n\n\n\n<div class=\"wp-container-1 wp-block-buttons\">\n<div class=\"wp-block-button\"><a class=\"wp-block-button__link has-vivid-cyan-blue-background-color has-background\" href=\"https:\/\/aprender.sejus.df.gov.br\/wp-content\/uploads\/2020\/12\/tatiana.pdf\" target=\"_blank\" rel=\"noreferrer noopener\">Baixar Trabalho<\/a><\/div>\n<\/div>\n","protected":false},"excerpt":{"rendered":"<p>Este estudo apresenta os resultados da pesquisa de mestrado que teve como foco a an\u00e1lise dos efeitos da Ger\u00eancia da Qualidade Total aplicada \u00e0 educa\u00e7\u00e3o no processo de trabalho de professores e professoras das escolas da rede estadual paulista da regi\u00e3o de Campinas-SP. A pesquisa revela como os docentes avaliam as constantes mudan\u00e7as, que t\u00eam [&hellip;]<\/p>\n","protected":false},"author":3,"featured_media":0,"comment_status":"closed","ping_status":"closed","sticky":false,"template":"","format":"standard","meta":[],"categories":[11],"tags":[39],"yoast_head":"<!-- This site is optimized with the Yoast SEO plugin v19.7.1 - https:\/\/yoast.com\/wordpress\/plugins\/seo\/ -->\n<title>GEST\u00c3O EMPRESARIAL NA EDUCA\u00c7\u00c3O P\u00daBLICA PAULISTA (2006-2016): UMA AN\u00c1LISE DOS EFEITOS DA QUALIDADE... - Aprender SEJUS<\/title>\n<meta name=\"robots\" content=\"index, follow, max-snippet:-1, max-image-preview:large, max-video-preview:-1\" \/>\n<link rel=\"canonical\" href=\"http:\/\/aprender.sejus.df.gov.br\/?p=722\" \/>\n<meta property=\"og:locale\" content=\"pt_BR\" \/>\n<meta property=\"og:type\" content=\"article\" \/>\n<meta property=\"og:title\" content=\"GEST\u00c3O EMPRESARIAL NA EDUCA\u00c7\u00c3O P\u00daBLICA PAULISTA (2006-2016): UMA AN\u00c1LISE DOS EFEITOS DA QUALIDADE... - Aprender SEJUS\" \/>\n<meta property=\"og:description\" content=\"Este estudo apresenta os resultados da pesquisa de mestrado que teve como foco a an\u00e1lise dos efeitos da Ger\u00eancia da Qualidade Total aplicada \u00e0 educa\u00e7\u00e3o no processo de trabalho de professores e professoras das escolas da rede estadual paulista da regi\u00e3o de Campinas-SP. A pesquisa revela como os docentes avaliam as constantes mudan\u00e7as, que t\u00eam [&hellip;]\" \/>\n<meta property=\"og:url\" content=\"http:\/\/aprender.sejus.df.gov.br\/?p=722\" \/>\n<meta property=\"og:site_name\" content=\"Aprender SEJUS\" \/>\n<meta property=\"article:published_time\" content=\"2020-12-18T15:08:11+00:00\" \/>\n<meta property=\"article:modified_time\" content=\"2020-12-18T15:08:26+00:00\" \/>\n<meta name=\"author\" content=\"GECAP\" \/>\n<meta name=\"twitter:card\" content=\"summary_large_image\" \/>\n<meta name=\"twitter:label1\" content=\"Written by\" \/>\n\t<meta name=\"twitter:data1\" content=\"GECAP\" \/>\n\t<meta name=\"twitter:label2\" content=\"Est. reading time\" \/>\n\t<meta name=\"twitter:data2\" content=\"1 minuto\" \/>\n<script type=\"application\/ld+json\" class=\"yoast-schema-graph\">{\"@context\":\"https:\/\/schema.org\",\"@graph\":[{\"@type\":\"WebPage\",\"@id\":\"http:\/\/aprender.sejus.df.gov.br\/?p=722\",\"url\":\"http:\/\/aprender.sejus.df.gov.br\/?p=722\",\"name\":\"GEST\u00c3O EMPRESARIAL NA EDUCA\u00c7\u00c3O P\u00daBLICA PAULISTA (2006-2016): UMA AN\u00c1LISE DOS EFEITOS DA QUALIDADE... - Aprender SEJUS\",\"isPartOf\":{\"@id\":\"http:\/\/aprender.sejus.df.gov.br\/#website\"},\"datePublished\":\"2020-12-18T15:08:11+00:00\",\"dateModified\":\"2020-12-18T15:08:26+00:00\",\"author\":{\"@id\":\"http:\/\/aprender.sejus.df.gov.br\/#\/schema\/person\/6f1fb348cdf3f09e574018c52049e099\"},\"breadcrumb\":{\"@id\":\"http:\/\/aprender.sejus.df.gov.br\/?p=722#breadcrumb\"},\"inLanguage\":\"pt-BR\",\"potentialAction\":[{\"@type\":\"ReadAction\",\"target\":[\"http:\/\/aprender.sejus.df.gov.br\/?p=722\"]}]},{\"@type\":\"BreadcrumbList\",\"@id\":\"http:\/\/aprender.sejus.df.gov.br\/?p=722#breadcrumb\",\"itemListElement\":[{\"@type\":\"ListItem\",\"position\":1,\"name\":\"Home\",\"item\":\"https:\/\/aprender.sejus.df.gov.br\/\"},{\"@type\":\"ListItem\",\"position\":2,\"name\":\"GEST\u00c3O EMPRESARIAL NA EDUCA\u00c7\u00c3O P\u00daBLICA PAULISTA (2006-2016): UMA AN\u00c1LISE DOS EFEITOS DA QUALIDADE&#8230;\"}]},{\"@type\":\"WebSite\",\"@id\":\"http:\/\/aprender.sejus.df.gov.br\/#website\",\"url\":\"http:\/\/aprender.sejus.df.gov.br\/\",\"name\":\"Aprender SEJUS\",\"description\":\"\",\"potentialAction\":[{\"@type\":\"SearchAction\",\"target\":{\"@type\":\"EntryPoint\",\"urlTemplate\":\"http:\/\/aprender.sejus.df.gov.br\/?s={search_term_string}\"},\"query-input\":\"required name=search_term_string\"}],\"inLanguage\":\"pt-BR\"},{\"@type\":\"Person\",\"@id\":\"http:\/\/aprender.sejus.df.gov.br\/#\/schema\/person\/6f1fb348cdf3f09e574018c52049e099\",\"name\":\"GECAP\",\"image\":{\"@type\":\"ImageObject\",\"inLanguage\":\"pt-BR\",\"@id\":\"http:\/\/aprender.sejus.df.gov.br\/#\/schema\/person\/image\/\",\"url\":\"https:\/\/secure.gravatar.com\/avatar\/eecf129a3b1190de678b5690e42de394?s=96&d=mm&r=g\",\"contentUrl\":\"https:\/\/secure.gravatar.com\/avatar\/eecf129a3b1190de678b5690e42de394?s=96&d=mm&r=g\",\"caption\":\"GECAP\"},\"url\":\"https:\/\/aprender.sejus.df.gov.br\/?author=3\"}]}<\/script>\n<!-- \/ Yoast SEO plugin. -->","yoast_head_json":{"title":"GEST\u00c3O EMPRESARIAL NA EDUCA\u00c7\u00c3O P\u00daBLICA PAULISTA (2006-2016): UMA AN\u00c1LISE DOS EFEITOS DA QUALIDADE... - Aprender SEJUS","robots":{"index":"index","follow":"follow","max-snippet":"max-snippet:-1","max-image-preview":"max-image-preview:large","max-video-preview":"max-video-preview:-1"},"canonical":"http:\/\/aprender.sejus.df.gov.br\/?p=722","og_locale":"pt_BR","og_type":"article","og_title":"GEST\u00c3O EMPRESARIAL NA EDUCA\u00c7\u00c3O P\u00daBLICA PAULISTA (2006-2016): UMA AN\u00c1LISE DOS EFEITOS DA QUALIDADE... - Aprender SEJUS","og_description":"Este estudo apresenta os resultados da pesquisa de mestrado que teve como foco a an\u00e1lise dos efeitos da Ger\u00eancia da Qualidade Total aplicada \u00e0 educa\u00e7\u00e3o no processo de trabalho de professores e professoras das escolas da rede estadual paulista da regi\u00e3o de Campinas-SP. A pesquisa revela como os docentes avaliam as constantes mudan\u00e7as, que t\u00eam [&hellip;]","og_url":"http:\/\/aprender.sejus.df.gov.br\/?p=722","og_site_name":"Aprender SEJUS","article_published_time":"2020-12-18T15:08:11+00:00","article_modified_time":"2020-12-18T15:08:26+00:00","author":"GECAP","twitter_card":"summary_large_image","twitter_misc":{"Written by":"GECAP","Est. reading time":"1 minuto"},"schema":{"@context":"https:\/\/schema.org","@graph":[{"@type":"WebPage","@id":"http:\/\/aprender.sejus.df.gov.br\/?p=722","url":"http:\/\/aprender.sejus.df.gov.br\/?p=722","name":"GEST\u00c3O EMPRESARIAL NA EDUCA\u00c7\u00c3O P\u00daBLICA PAULISTA (2006-2016): UMA AN\u00c1LISE DOS EFEITOS DA QUALIDADE... - Aprender SEJUS","isPartOf":{"@id":"http:\/\/aprender.sejus.df.gov.br\/#website"},"datePublished":"2020-12-18T15:08:11+00:00","dateModified":"2020-12-18T15:08:26+00:00","author":{"@id":"http:\/\/aprender.sejus.df.gov.br\/#\/schema\/person\/6f1fb348cdf3f09e574018c52049e099"},"breadcrumb":{"@id":"http:\/\/aprender.sejus.df.gov.br\/?p=722#breadcrumb"},"inLanguage":"pt-BR","potentialAction":[{"@type":"ReadAction","target":["http:\/\/aprender.sejus.df.gov.br\/?p=722"]}]},{"@type":"BreadcrumbList","@id":"http:\/\/aprender.sejus.df.gov.br\/?p=722#breadcrumb","itemListElement":[{"@type":"ListItem","position":1,"name":"Home","item":"https:\/\/aprender.sejus.df.gov.br\/"},{"@type":"ListItem","position":2,"name":"GEST\u00c3O EMPRESARIAL NA EDUCA\u00c7\u00c3O P\u00daBLICA PAULISTA (2006-2016): UMA AN\u00c1LISE DOS EFEITOS DA QUALIDADE&#8230;"}]},{"@type":"WebSite","@id":"http:\/\/aprender.sejus.df.gov.br\/#website","url":"http:\/\/aprender.sejus.df.gov.br\/","name":"Aprender SEJUS","description":"","potentialAction":[{"@type":"SearchAction","target":{"@type":"EntryPoint","urlTemplate":"http:\/\/aprender.sejus.df.gov.br\/?s={search_term_string}"},"query-input":"required name=search_term_string"}],"inLanguage":"pt-BR"},{"@type":"Person","@id":"http:\/\/aprender.sejus.df.gov.br\/#\/schema\/person\/6f1fb348cdf3f09e574018c52049e099","name":"GECAP","image":{"@type":"ImageObject","inLanguage":"pt-BR","@id":"http:\/\/aprender.sejus.df.gov.br\/#\/schema\/person\/image\/","url":"https:\/\/secure.gravatar.com\/avatar\/eecf129a3b1190de678b5690e42de394?s=96&d=mm&r=g","contentUrl":"https:\/\/secure.gravatar.com\/avatar\/eecf129a3b1190de678b5690e42de394?s=96&d=mm&r=g","caption":"GECAP"},"url":"https:\/\/aprender.sejus.df.gov.br\/?author=3"}]}},"_links":{"self":[{"href":"https:\/\/aprender.sejus.df.gov.br\/index.php?rest_route=\/wp\/v2\/posts\/722"}],"collection":[{"href":"https:\/\/aprender.sejus.df.gov.br\/index.php?rest_route=\/wp\/v2\/posts"}],"about":[{"href":"https:\/\/aprender.sejus.df.gov.br\/index.php?rest_route=\/wp\/v2\/types\/post"}],"author":[{"embeddable":true,"href":"https:\/\/aprender.sejus.df.gov.br\/index.php?rest_route=\/wp\/v2\/users\/3"}],"replies":[{"embeddable":true,"href":"https:\/\/aprender.sejus.df.gov.br\/index.php?rest_route=%2Fwp%2Fv2%2Fcomments&post=722"}],"version-history":[{"count":3,"href":"https:\/\/aprender.sejus.df.gov.br\/index.php?rest_route=\/wp\/v2\/posts\/722\/revisions"}],"predecessor-version":[{"id":725,"href":"https:\/\/aprender.sejus.df.gov.br\/index.php?rest_route=\/wp\/v2\/posts\/722\/revisions\/725"}],"wp:attachment":[{"href":"https:\/\/aprender.sejus.df.gov.br\/index.php?rest_route=%2Fwp%2Fv2%2Fmedia&parent=722"}],"wp:term":[{"taxonomy":"category","embeddable":true,"href":"https:\/\/aprender.sejus.df.gov.br\/index.php?rest_route=%2Fwp%2Fv2%2Fcategories&post=722"},{"taxonomy":"post_tag","embeddable":true,"href":"https:\/\/aprender.sejus.df.gov.br\/index.php?rest_route=%2Fwp%2Fv2%2Ftags&post=722"}],"curies":[{"name":"wp","href":"https:\/\/api.w.org\/{rel}","templated":true}]}}