{"id":918,"date":"2021-10-04T16:29:58","date_gmt":"2021-10-04T19:29:58","guid":{"rendered":"http:\/\/aprender.sejus.df.gov.br\/?p=918"},"modified":"2022-12-07T11:50:48","modified_gmt":"2022-12-07T14:50:48","slug":"regime-disciplinar-para-servidores-2","status":"publish","type":"post","link":"https:\/\/aprender.sejus.df.gov.br\/?p=918","title":{"rendered":"No\u00e7\u00f5es de Regime Disciplinar"},"content":{"rendered":"\n<p>A Coordena\u00e7\u00e3o de Correi\u00e7\u00e3o Administrativa possui a atribui\u00e7\u00e3o de condu\u00e7\u00e3o dos procedimentos correcionais para apurar irregularidades no \u00e2mbito da Secretaria e apurar a responsabilidade de agentes p\u00fablicos. Al\u00e9m da compet\u00eancia preventiva e fiscalizat\u00f3ria. Mas, o que vem a ser Correi\u00e7\u00e3o Administrativa e como que se iniciam os procedimentos e processos disciplinares no \u00e2mbito da Secretaria de Estado de Justi\u00e7a e Cidadania do Distrito Federal?<\/p>\n\n\n\n<p>A fim de responder a esta pergunta e outras existentes quanto aos procedimentos de apura\u00e7\u00e3o de responsabilidade de servidor, \u00e9 que o curso de No\u00e7\u00f5es de Regime Disciplinar tem como objetivo com o estudo do T\u00edtulo VI \u2013 Do Regime Disciplinar da Lei Complementar n.\u00ba 840\/2011 e demais legisla\u00e7\u00f5es atinentes ao tema.<\/p>\n\n\n\n<p>Assim, de uma maneira leve e informal, o curso busca eliminar o estigma de que o Regime Disciplinar, decorrente do poder disciplinar do Estado, tenha apenas a fun\u00e7\u00e3o de punir indiscriminadamente servidores ou que este poder disciplinar seja utilizado pelo Estado como instrumento de persegui\u00e7\u00e3o. Ent\u00e3o, se voc\u00ea se interessou no curso, matricule-se agora para receber suas credenciais de acesso a este curso que foi preparado com muito carinho para receb\u00ea-los.<\/p>\n\n\n\n<p>Aten\u00e7\u00e3o: A pr\u00e9-inscri\u00e7\u00e3o n\u00e3o \u00e9 garantia de vaga. As inscri\u00e7\u00f5es aceitas ser\u00e3o confirmadas por e-mail at\u00e9 o dia 12 de novembro de 2021.<\/p>\n","protected":false},"excerpt":{"rendered":"<p>A Coordena\u00e7\u00e3o de Correi\u00e7\u00e3o Administrativa possui a atribui\u00e7\u00e3o de condu\u00e7\u00e3o dos procedimentos correcionais para apurar irregularidades no \u00e2mbito da Secretaria e apurar a responsabilidade de agentes p\u00fablicos. Al\u00e9m da compet\u00eancia preventiva e fiscalizat\u00f3ria. Mas, o que vem a ser Correi\u00e7\u00e3o Administrativa e como que se iniciam os procedimentos e processos disciplinares no \u00e2mbito da Secretaria [&hellip;]<\/p>\n","protected":false},"author":3,"featured_media":909,"comment_status":"open","ping_status":"open","sticky":false,"template":"","format":"standard","meta":[],"categories":[52],"tags":[17],"yoast_head":"<!-- This site is optimized with the Yoast SEO plugin v19.7.1 - https:\/\/yoast.com\/wordpress\/plugins\/seo\/ -->\n<title>No\u00e7\u00f5es de Regime Disciplinar - Aprender SEJUS<\/title>\n<meta name=\"robots\" content=\"index, follow, max-snippet:-1, max-image-preview:large, max-video-preview:-1\" \/>\n<link rel=\"canonical\" href=\"http:\/\/aprender.sejus.df.gov.br\/?p=918\" \/>\n<meta property=\"og:locale\" content=\"pt_BR\" \/>\n<meta property=\"og:type\" content=\"article\" \/>\n<meta property=\"og:title\" content=\"No\u00e7\u00f5es de Regime Disciplinar - Aprender SEJUS\" \/>\n<meta property=\"og:description\" content=\"A Coordena\u00e7\u00e3o de Correi\u00e7\u00e3o Administrativa possui a atribui\u00e7\u00e3o de condu\u00e7\u00e3o dos procedimentos correcionais para apurar irregularidades no \u00e2mbito da Secretaria e apurar a responsabilidade de agentes p\u00fablicos. Al\u00e9m da compet\u00eancia preventiva e fiscalizat\u00f3ria. Mas, o que vem a ser Correi\u00e7\u00e3o Administrativa e como que se iniciam os procedimentos e processos disciplinares no \u00e2mbito da Secretaria [&hellip;]\" \/>\n<meta property=\"og:url\" content=\"http:\/\/aprender.sejus.df.gov.br\/?p=918\" \/>\n<meta property=\"og:site_name\" content=\"Aprender SEJUS\" \/>\n<meta property=\"article:published_time\" content=\"2021-10-04T19:29:58+00:00\" \/>\n<meta property=\"article:modified_time\" content=\"2022-12-07T14:50:48+00:00\" \/>\n<meta property=\"og:image\" content=\"http:\/\/aprender.sejus.df.gov.br\/wp-content\/uploads\/2021\/09\/priscilla-du-preez-OEdkPaxYMXU-unsplash-scaled.jpg\" \/>\n\t<meta property=\"og:image:width\" content=\"2560\" \/>\n\t<meta property=\"og:image:height\" content=\"1707\" \/>\n\t<meta property=\"og:image:type\" content=\"image\/jpeg\" \/>\n<meta name=\"author\" content=\"GECAP\" \/>\n<meta name=\"twitter:card\" content=\"summary_large_image\" \/>\n<meta name=\"twitter:label1\" content=\"Written by\" \/>\n\t<meta name=\"twitter:data1\" content=\"GECAP\" \/>\n\t<meta name=\"twitter:label2\" content=\"Est. reading time\" \/>\n\t<meta name=\"twitter:data2\" content=\"2 minutos\" \/>\n<script type=\"application\/ld+json\" class=\"yoast-schema-graph\">{\"@context\":\"https:\/\/schema.org\",\"@graph\":[{\"@type\":\"WebPage\",\"@id\":\"http:\/\/aprender.sejus.df.gov.br\/?p=918\",\"url\":\"http:\/\/aprender.sejus.df.gov.br\/?p=918\",\"name\":\"No\u00e7\u00f5es de Regime Disciplinar - Aprender SEJUS\",\"isPartOf\":{\"@id\":\"http:\/\/aprender.sejus.df.gov.br\/#website\"},\"datePublished\":\"2021-10-04T19:29:58+00:00\",\"dateModified\":\"2022-12-07T14:50:48+00:00\",\"author\":{\"@id\":\"http:\/\/aprender.sejus.df.gov.br\/#\/schema\/person\/6f1fb348cdf3f09e574018c52049e099\"},\"breadcrumb\":{\"@id\":\"http:\/\/aprender.sejus.df.gov.br\/?p=918#breadcrumb\"},\"inLanguage\":\"pt-BR\",\"potentialAction\":[{\"@type\":\"ReadAction\",\"target\":[\"http:\/\/aprender.sejus.df.gov.br\/?p=918\"]}]},{\"@type\":\"BreadcrumbList\",\"@id\":\"http:\/\/aprender.sejus.df.gov.br\/?p=918#breadcrumb\",\"itemListElement\":[{\"@type\":\"ListItem\",\"position\":1,\"name\":\"Home\",\"item\":\"https:\/\/aprender.sejus.df.gov.br\/\"},{\"@type\":\"ListItem\",\"position\":2,\"name\":\"No\u00e7\u00f5es de Regime Disciplinar\"}]},{\"@type\":\"WebSite\",\"@id\":\"http:\/\/aprender.sejus.df.gov.br\/#website\",\"url\":\"http:\/\/aprender.sejus.df.gov.br\/\",\"name\":\"Aprender SEJUS\",\"description\":\"\",\"potentialAction\":[{\"@type\":\"SearchAction\",\"target\":{\"@type\":\"EntryPoint\",\"urlTemplate\":\"http:\/\/aprender.sejus.df.gov.br\/?s={search_term_string}\"},\"query-input\":\"required name=search_term_string\"}],\"inLanguage\":\"pt-BR\"},{\"@type\":\"Person\",\"@id\":\"http:\/\/aprender.sejus.df.gov.br\/#\/schema\/person\/6f1fb348cdf3f09e574018c52049e099\",\"name\":\"GECAP\",\"image\":{\"@type\":\"ImageObject\",\"inLanguage\":\"pt-BR\",\"@id\":\"http:\/\/aprender.sejus.df.gov.br\/#\/schema\/person\/image\/\",\"url\":\"https:\/\/secure.gravatar.com\/avatar\/eecf129a3b1190de678b5690e42de394?s=96&d=mm&r=g\",\"contentUrl\":\"https:\/\/secure.gravatar.com\/avatar\/eecf129a3b1190de678b5690e42de394?s=96&d=mm&r=g\",\"caption\":\"GECAP\"},\"url\":\"https:\/\/aprender.sejus.df.gov.br\/?author=3\"}]}<\/script>\n<!-- \/ Yoast SEO plugin. -->","yoast_head_json":{"title":"No\u00e7\u00f5es de Regime Disciplinar - Aprender SEJUS","robots":{"index":"index","follow":"follow","max-snippet":"max-snippet:-1","max-image-preview":"max-image-preview:large","max-video-preview":"max-video-preview:-1"},"canonical":"http:\/\/aprender.sejus.df.gov.br\/?p=918","og_locale":"pt_BR","og_type":"article","og_title":"No\u00e7\u00f5es de Regime Disciplinar - Aprender SEJUS","og_description":"A Coordena\u00e7\u00e3o de Correi\u00e7\u00e3o Administrativa possui a atribui\u00e7\u00e3o de condu\u00e7\u00e3o dos procedimentos correcionais para apurar irregularidades no \u00e2mbito da Secretaria e apurar a responsabilidade de agentes p\u00fablicos. Al\u00e9m da compet\u00eancia preventiva e fiscalizat\u00f3ria. Mas, o que vem a ser Correi\u00e7\u00e3o Administrativa e como que se iniciam os procedimentos e processos disciplinares no \u00e2mbito da Secretaria [&hellip;]","og_url":"http:\/\/aprender.sejus.df.gov.br\/?p=918","og_site_name":"Aprender SEJUS","article_published_time":"2021-10-04T19:29:58+00:00","article_modified_time":"2022-12-07T14:50:48+00:00","og_image":[{"width":2560,"height":1707,"url":"http:\/\/aprender.sejus.df.gov.br\/wp-content\/uploads\/2021\/09\/priscilla-du-preez-OEdkPaxYMXU-unsplash-scaled.jpg","type":"image\/jpeg"}],"author":"GECAP","twitter_card":"summary_large_image","twitter_misc":{"Written by":"GECAP","Est. reading time":"2 minutos"},"schema":{"@context":"https:\/\/schema.org","@graph":[{"@type":"WebPage","@id":"http:\/\/aprender.sejus.df.gov.br\/?p=918","url":"http:\/\/aprender.sejus.df.gov.br\/?p=918","name":"No\u00e7\u00f5es de Regime Disciplinar - Aprender SEJUS","isPartOf":{"@id":"http:\/\/aprender.sejus.df.gov.br\/#website"},"datePublished":"2021-10-04T19:29:58+00:00","dateModified":"2022-12-07T14:50:48+00:00","author":{"@id":"http:\/\/aprender.sejus.df.gov.br\/#\/schema\/person\/6f1fb348cdf3f09e574018c52049e099"},"breadcrumb":{"@id":"http:\/\/aprender.sejus.df.gov.br\/?p=918#breadcrumb"},"inLanguage":"pt-BR","potentialAction":[{"@type":"ReadAction","target":["http:\/\/aprender.sejus.df.gov.br\/?p=918"]}]},{"@type":"BreadcrumbList","@id":"http:\/\/aprender.sejus.df.gov.br\/?p=918#breadcrumb","itemListElement":[{"@type":"ListItem","position":1,"name":"Home","item":"https:\/\/aprender.sejus.df.gov.br\/"},{"@type":"ListItem","position":2,"name":"No\u00e7\u00f5es de Regime Disciplinar"}]},{"@type":"WebSite","@id":"http:\/\/aprender.sejus.df.gov.br\/#website","url":"http:\/\/aprender.sejus.df.gov.br\/","name":"Aprender SEJUS","description":"","potentialAction":[{"@type":"SearchAction","target":{"@type":"EntryPoint","urlTemplate":"http:\/\/aprender.sejus.df.gov.br\/?s={search_term_string}"},"query-input":"required name=search_term_string"}],"inLanguage":"pt-BR"},{"@type":"Person","@id":"http:\/\/aprender.sejus.df.gov.br\/#\/schema\/person\/6f1fb348cdf3f09e574018c52049e099","name":"GECAP","image":{"@type":"ImageObject","inLanguage":"pt-BR","@id":"http:\/\/aprender.sejus.df.gov.br\/#\/schema\/person\/image\/","url":"https:\/\/secure.gravatar.com\/avatar\/eecf129a3b1190de678b5690e42de394?s=96&d=mm&r=g","contentUrl":"https:\/\/secure.gravatar.com\/avatar\/eecf129a3b1190de678b5690e42de394?s=96&d=mm&r=g","caption":"GECAP"},"url":"https:\/\/aprender.sejus.df.gov.br\/?author=3"}]}},"_links":{"self":[{"href":"https:\/\/aprender.sejus.df.gov.br\/index.php?rest_route=\/wp\/v2\/posts\/918"}],"collection":[{"href":"https:\/\/aprender.sejus.df.gov.br\/index.php?rest_route=\/wp\/v2\/posts"}],"about":[{"href":"https:\/\/aprender.sejus.df.gov.br\/index.php?rest_route=\/wp\/v2\/types\/post"}],"author":[{"embeddable":true,"href":"https:\/\/aprender.sejus.df.gov.br\/index.php?rest_route=\/wp\/v2\/users\/3"}],"replies":[{"embeddable":true,"href":"https:\/\/aprender.sejus.df.gov.br\/index.php?rest_route=%2Fwp%2Fv2%2Fcomments&post=918"}],"version-history":[{"count":9,"href":"https:\/\/aprender.sejus.df.gov.br\/index.php?rest_route=\/wp\/v2\/posts\/918\/revisions"}],"predecessor-version":[{"id":944,"href":"https:\/\/aprender.sejus.df.gov.br\/index.php?rest_route=\/wp\/v2\/posts\/918\/revisions\/944"}],"wp:featuredmedia":[{"embeddable":true,"href":"https:\/\/aprender.sejus.df.gov.br\/index.php?rest_route=\/wp\/v2\/media\/909"}],"wp:attachment":[{"href":"https:\/\/aprender.sejus.df.gov.br\/index.php?rest_route=%2Fwp%2Fv2%2Fmedia&parent=918"}],"wp:term":[{"taxonomy":"category","embeddable":true,"href":"https:\/\/aprender.sejus.df.gov.br\/index.php?rest_route=%2Fwp%2Fv2%2Fcategories&post=918"},{"taxonomy":"post_tag","embeddable":true,"href":"https:\/\/aprender.sejus.df.gov.br\/index.php?rest_route=%2Fwp%2Fv2%2Ftags&post=918"}],"curies":[{"name":"wp","href":"https:\/\/api.w.org\/{rel}","templated":true}]}}